{"id":3262,"date":"2025-03-27T17:18:55","date_gmt":"2025-03-27T17:18:55","guid":{"rendered":"https:\/\/deportodos.com.ar\/2023\/?p=3262"},"modified":"2025-03-27T17:18:56","modified_gmt":"2025-03-27T17:18:56","slug":"cronogramas-y-horarios-de-tv-para-la-3a-fecha-de-tc-en-neuquen","status":"publish","type":"post","link":"https:\/\/deportodos.com.ar\/2023\/cronogramas-y-horarios-de-tv-para-la-3a-fecha-de-tc-en-neuquen\/","title":{"rendered":"CRONOGRAMAS Y HORARIOS DE TV PARA LA 3\u00aa FECHA DE TC EN NEUQU\u00c9N"},"content":{"rendered":"\n<p>Durante el fin de semana, el\u00a0<strong>Turismo Carretera y el TC Pista<\/strong>\u00a0cumplir\u00e1n con la\u00a0<strong>3\u00aa fecha<\/strong>\u00a0del calendario en el\u00a0<strong>Aut\u00f3dromo Parque Provincia de Neuqu\u00e9n, en Centenario<\/strong>. Es la 15\u00aa vez que el circuito patag\u00f3nico de 4.380 metros de extensi\u00f3n recibe a la \u201cm\u00e1xima\u201d. Te contamos el\u00a0<strong>cronograma y los horarios de TV<\/strong>\u00a0para que no te pierdas nada de esta nueva cita.<\/p>\n\n\n\n<p>Como es habitual, el s\u00e1bado el\u00a0<strong>TC Pista<\/strong>\u00a0pondr\u00e1 en pista sus autos a partir de las\u00a0<strong>9:00 horas con el 1\u00b0 entrenamiento<\/strong>, mientras que el\u00a0<strong>TC\u00a0<\/strong>har\u00e1 lo propio desde las<strong>\u00a011:05 horas<\/strong>, esto \u00faltimo con televisaci\u00f3n de\u00a0<strong>DeporTV<\/strong>. El\u00a0<strong>2\u00b0 entrenamiento<\/strong>\u00a0de la \u201ctelonera\u201d comenzar\u00e1 a las\u00a0<strong>12:25<\/strong>, mientras que la \u201cm\u00e1xima\u201d saldr\u00e1 a pista a las\u00a0<strong>13:35.<\/strong>\u00a0Solo se podr\u00e1 ver por\u00a0<strong>MotorPlay.<\/strong><\/p>\n\n\n\n<p>Un rato m\u00e1s tarde, a las<strong>&nbsp;15:23<\/strong>, se iniciar\u00e1 la&nbsp;<strong>clasificaci\u00f3n del TCP<\/strong>&nbsp;con 3 tercios de 8 minutos cada uno, para luego darle lugar al&nbsp;<strong>TC<\/strong>&nbsp;que har\u00e1 lo propio desde las&nbsp;<strong>16:02&nbsp;<\/strong>con 4 cuartos de 8 minutos cada uno. La franja que va desde las 15:00 hasta las 17:00 se podr\u00e1 ver a trav\u00e9s de<strong>&nbsp;DeporTV, TV P\u00fablica y Motorplay.<\/strong><\/p>\n\n\n\n<p>El domingo se iniciar\u00e1 temprano con las\u00a0<strong>series de la \u201ctelonera\u201d desde las 9:15<\/strong>. Luego ser\u00e1 el turno de las<strong>\u00a0bater\u00edas de la \u201cm\u00e1xima\u201d a partir de las 10:05<\/strong>. Lo siguiente ser\u00e1 la\u00a0<strong>carrera de TC Pista a las 12:47<\/strong>\u00a0y la actividad terminar\u00e1 con la\u00a0<strong>Final de la 2\u00aa fecha de TC desde las 14:00 hs.\u00a0<\/strong>De 9:00 a 15:00 transmitir\u00e1n\u00a0<strong>TV P\u00fablica y Motorplay.<\/strong><\/p>\n\n\n\n<blockquote class=\"wp-block-quote is-layout-flow wp-block-quote-is-layout-flow\">\n<p>www.solotc.com.ar<\/p>\n<\/blockquote>\n","protected":false},"excerpt":{"rendered":"<p>Durante el fin de semana, el\u00a0Turismo Carretera y el TC Pista\u00a0cumplir\u00e1n con la\u00a03\u00aa fecha\u00a0del calendario&#8230;<\/p>\n","protected":false},"author":2,"featured_media":3263,"comment_status":"open","ping_status":"open","sticky":false,"template":"","format":"standard","meta":{"footnotes":""},"categories":[6],"tags":[],"class_list":["post-3262","post","type-post","status-publish","format-standard","has-post-thumbnail","hentry","category-automovilismo"],"featured_image_urls":{"full":["https:\/\/deportodos.com.ar\/2023\/wp-content\/uploads\/2025\/03\/Werner-en-Neuquen-1024x683-1.webp",1024,683,false],"thumbnail":["https:\/\/deportodos.com.ar\/2023\/wp-content\/uploads\/2025\/03\/Werner-en-Neuquen-1024x683-1-150x150.webp",150,150,true],"medium":["https:\/\/deportodos.com.ar\/2023\/wp-content\/uploads\/2025\/03\/Werner-en-Neuquen-1024x683-1-300x200.webp",300,200,true],"medium_large":["https:\/\/deportodos.com.ar\/2023\/wp-content\/uploads\/2025\/03\/Werner-en-Neuquen-1024x683-1-768x512.webp",640,427,true],"large":["https:\/\/deportodos.com.ar\/2023\/wp-content\/uploads\/2025\/03\/Werner-en-Neuquen-1024x683-1.webp",640,427,false],"1536x1536":["https:\/\/deportodos.com.ar\/2023\/wp-content\/uploads\/2025\/03\/Werner-en-Neuquen-1024x683-1.webp",1024,683,false],"2048x2048":["https:\/\/deportodos.com.ar\/2023\/wp-content\/uploads\/2025\/03\/Werner-en-Neuquen-1024x683-1.webp",1024,683,false],"covernews-featured":["https:\/\/deportodos.com.ar\/2023\/wp-content\/uploads\/2025\/03\/Werner-en-Neuquen-1024x683-1.webp",1024,683,false],"covernews-medium":["https:\/\/deportodos.com.ar\/2023\/wp-content\/uploads\/2025\/03\/Werner-en-Neuquen-1024x683-1-540x340.webp",540,340,true]},"author_info":{"display_name":"c2530142","author_link":"https:\/\/deportodos.com.ar\/2023\/author\/c2530142\/"},"category_info":"<a href=\"https:\/\/deportodos.com.ar\/2023\/category\/automovilismo\/\" rel=\"category tag\">Automovilismo<\/a>","tag_info":"Automovilismo","comment_count":"0","_links":{"self":[{"href":"https:\/\/deportodos.com.ar\/2023\/wp-json\/wp\/v2\/posts\/3262","targetHints":{"allow":["GET"]}}],"collection":[{"href":"https:\/\/deportodos.com.ar\/2023\/wp-json\/wp\/v2\/posts"}],"about":[{"href":"https:\/\/deportodos.com.ar\/2023\/wp-json\/wp\/v2\/types\/post"}],"author":[{"embeddable":true,"href":"https:\/\/deportodos.com.ar\/2023\/wp-json\/wp\/v2\/users\/2"}],"replies":[{"embeddable":true,"href":"https:\/\/deportodos.com.ar\/2023\/wp-json\/wp\/v2\/comments?post=3262"}],"version-history":[{"count":1,"href":"https:\/\/deportodos.com.ar\/2023\/wp-json\/wp\/v2\/posts\/3262\/revisions"}],"predecessor-version":[{"id":3264,"href":"https:\/\/deportodos.com.ar\/2023\/wp-json\/wp\/v2\/posts\/3262\/revisions\/3264"}],"wp:featuredmedia":[{"embeddable":true,"href":"https:\/\/deportodos.com.ar\/2023\/wp-json\/wp\/v2\/media\/3263"}],"wp:attachment":[{"href":"https:\/\/deportodos.com.ar\/2023\/wp-json\/wp\/v2\/media?parent=3262"}],"wp:term":[{"taxonomy":"category","embeddable":true,"href":"https:\/\/deportodos.com.ar\/2023\/wp-json\/wp\/v2\/categories?post=3262"},{"taxonomy":"post_tag","embeddable":true,"href":"https:\/\/deportodos.com.ar\/2023\/wp-json\/wp\/v2\/tags?post=3262"}],"curies":[{"name":"wp","href":"https:\/\/api.w.org\/{rel}","templated":true}]}}