{"id":3265,"date":"2025-03-27T20:59:48","date_gmt":"2025-03-27T20:59:48","guid":{"rendered":"https:\/\/deportodos.com.ar\/2023\/?p=3265"},"modified":"2025-03-27T21:00:26","modified_gmt":"2025-03-27T21:00:26","slug":"tanya-acosta-dara-una-clinica-habilitante-para-entrenadores-y-arbitros","status":"publish","type":"post","link":"https:\/\/deportodos.com.ar\/2023\/tanya-acosta-dara-una-clinica-habilitante-para-entrenadores-y-arbitros\/","title":{"rendered":"TANYA ACOSTA DAR\u00c1 UNA CL\u00cdNICA HABILITANTE PARA ENTRENADORES Y \u00c1RBITROS"},"content":{"rendered":"\n<p>Con la presencia de la ex jugadora de Las Panteras, Tanya Acosta, la Federaci\u00f3n Entrerriana de V\u00f3leibol (FEV) desarrollar\u00e1 este fin de semana la Cl\u00ednica Habilitante para Entrenadores y \u00c1rbitros, en el plano provincial. El encuentro se producir\u00e1 en dos escenarios: el s\u00e1bado, en Paran\u00e1, y el domingo en Villa Elisa.<\/p>\n\n\n\n<p>El encuentro no solo est\u00e1 destinada a los mencionados roles, sino tambi\u00e9n a preparadores f\u00edsicos y dirigentes de instituciones deportivas en general y del v\u00f3leibol entrerriano en particular.<\/p>\n\n\n\n<p>Por otra parte, teniendo en cuenta la variada procedencia de los participantes, como tambi\u00e9n la dificultad de coincidir en un \u00fanico punto de la provincia, las autoridades de la FEV decidieron realizar la misma instancia (con el mismo cronograma) en dos lugares: uno por cada banda geogr\u00e1fica.<\/p>\n\n\n\n<p>La &nbsp;expositora ser\u00e1 Tanya Acosta, la ex integrante del seleccionado argentino Mayor femenino de v\u00f3leibol, quien aportar\u00e1 no solo su experiencia en la alta competencia sino tambi\u00e9n sus conocimientos en Psicolog\u00eda Social y Gesti\u00f3n Deportiva para el dictado de campus y capacitaciones.<\/p>\n\n\n\n<p><strong>Para tener en cuenta<\/strong><\/p>\n\n\n\n<p>Seg\u00fan se inform\u00f3 desde la organizaci\u00f3n, la instancia en Paran\u00e1 tendr\u00e1 lugar en la Escuela Secundaria N\u00ba 36 Justo Jos\u00e9 de Urquiza (ex Comercio N\u00ba 1), ubicada en Urdinarrain 27. Mientras que en Villa Elisa Sal\u00f3n Auditorio Municipal Heraldo Peragallo, avenida Mitre 1.320, casi Presb\u00edtero Augusto Hoflack.<\/p>\n\n\n\n<p>En tanto que la programaci\u00f3n (en ambas sedes), ser\u00e1 la siguiente:<\/p>\n\n\n\n<p>A las 13.20: acreditaci\u00f3n.<\/p>\n\n\n\n<p>A las 14: inicio de la cl\u00ednica.<\/p>\n\n\n\n<p>A las 15.45: descanso.<\/p>\n\n\n\n<p>A las 16: reinicio de actividades.<\/p>\n\n\n\n<p>A las 18: finalizaci\u00f3n.<\/p>\n\n\n\n<p>Por otra parte, se inform\u00f3 que el arancel para afiliados a la FEV en 2024\/2025 ser\u00e1 de $6.000; para no afiliados, de $9.000, se\u00f1ala&nbsp;<em>Mirador Provincial<\/em>.<\/p>\n\n\n\n<p>Desde la Federaci\u00f3n Entrerriana se aclar\u00f3 que quienes pretendan tener su licencia, pero no puedan concurrir a la cl\u00ednica deber\u00e1n presentar un trabajo pr\u00e1ctico y abonar un arancel de $25.000.<\/p>\n\n\n\n<blockquote class=\"wp-block-quote is-layout-flow wp-block-quote-is-layout-flow\">\n<p>www.analisisdigital.com.ar<\/p>\n<\/blockquote>\n","protected":false},"excerpt":{"rendered":"<p>Con la presencia de la ex jugadora de Las Panteras, Tanya Acosta, la Federaci\u00f3n Entrerriana&#8230;<\/p>\n","protected":false},"author":2,"featured_media":3266,"comment_status":"open","ping_status":"open","sticky":false,"template":"","format":"standard","meta":{"footnotes":""},"categories":[34],"tags":[],"class_list":["post-3265","post","type-post","status-publish","format-standard","has-post-thumbnail","hentry","category-voley"],"featured_image_urls":{"full":["https:\/\/deportodos.com.ar\/2023\/wp-content\/uploads\/2025\/03\/tanya_0_0.jpg",450,300,false],"thumbnail":["https:\/\/deportodos.com.ar\/2023\/wp-content\/uploads\/2025\/03\/tanya_0_0-150x150.jpg",150,150,true],"medium":["https:\/\/deportodos.com.ar\/2023\/wp-content\/uploads\/2025\/03\/tanya_0_0-300x200.jpg",300,200,true],"medium_large":["https:\/\/deportodos.com.ar\/2023\/wp-content\/uploads\/2025\/03\/tanya_0_0.jpg",450,300,false],"large":["https:\/\/deportodos.com.ar\/2023\/wp-content\/uploads\/2025\/03\/tanya_0_0.jpg",450,300,false],"1536x1536":["https:\/\/deportodos.com.ar\/2023\/wp-content\/uploads\/2025\/03\/tanya_0_0.jpg",450,300,false],"2048x2048":["https:\/\/deportodos.com.ar\/2023\/wp-content\/uploads\/2025\/03\/tanya_0_0.jpg",450,300,false],"covernews-featured":["https:\/\/deportodos.com.ar\/2023\/wp-content\/uploads\/2025\/03\/tanya_0_0.jpg",450,300,false],"covernews-medium":["https:\/\/deportodos.com.ar\/2023\/wp-content\/uploads\/2025\/03\/tanya_0_0.jpg",450,300,false]},"author_info":{"display_name":"c2530142","author_link":"https:\/\/deportodos.com.ar\/2023\/author\/c2530142\/"},"category_info":"<a href=\"https:\/\/deportodos.com.ar\/2023\/category\/voley\/\" rel=\"category tag\">Voley<\/a>","tag_info":"Voley","comment_count":"0","_links":{"self":[{"href":"https:\/\/deportodos.com.ar\/2023\/wp-json\/wp\/v2\/posts\/3265","targetHints":{"allow":["GET"]}}],"collection":[{"href":"https:\/\/deportodos.com.ar\/2023\/wp-json\/wp\/v2\/posts"}],"about":[{"href":"https:\/\/deportodos.com.ar\/2023\/wp-json\/wp\/v2\/types\/post"}],"author":[{"embeddable":true,"href":"https:\/\/deportodos.com.ar\/2023\/wp-json\/wp\/v2\/users\/2"}],"replies":[{"embeddable":true,"href":"https:\/\/deportodos.com.ar\/2023\/wp-json\/wp\/v2\/comments?post=3265"}],"version-history":[{"count":1,"href":"https:\/\/deportodos.com.ar\/2023\/wp-json\/wp\/v2\/posts\/3265\/revisions"}],"predecessor-version":[{"id":3267,"href":"https:\/\/deportodos.com.ar\/2023\/wp-json\/wp\/v2\/posts\/3265\/revisions\/3267"}],"wp:featuredmedia":[{"embeddable":true,"href":"https:\/\/deportodos.com.ar\/2023\/wp-json\/wp\/v2\/media\/3266"}],"wp:attachment":[{"href":"https:\/\/deportodos.com.ar\/2023\/wp-json\/wp\/v2\/media?parent=3265"}],"wp:term":[{"taxonomy":"category","embeddable":true,"href":"https:\/\/deportodos.com.ar\/2023\/wp-json\/wp\/v2\/categories?post=3265"},{"taxonomy":"post_tag","embeddable":true,"href":"https:\/\/deportodos.com.ar\/2023\/wp-json\/wp\/v2\/tags?post=3265"}],"curies":[{"name":"wp","href":"https:\/\/api.w.org\/{rel}","templated":true}]}}