{"id":3268,"date":"2025-03-27T21:02:07","date_gmt":"2025-03-27T21:02:07","guid":{"rendered":"https:\/\/deportodos.com.ar\/2023\/?p=3268"},"modified":"2025-03-27T21:02:09","modified_gmt":"2025-03-27T21:02:09","slug":"concepcion-del-uruguay-recibe-a-los-mejores-atletas-del-pais","status":"publish","type":"post","link":"https:\/\/deportodos.com.ar\/2023\/concepcion-del-uruguay-recibe-a-los-mejores-atletas-del-pais\/","title":{"rendered":"CONCEPCI\u00d3N DEL URUGUAY RECIBE A LOS MEJORES ATLETAS DEL PA\u00cdS"},"content":{"rendered":"\n<p>En el Centro de Educaci\u00f3n F\u00edsica N\u00b03 \u201cHugo Mario La Nasa\u201d, este fin de semana se llevar\u00e1 a cabo una nueva edici\u00f3n del Campeonato Nacional de Mayores.<\/p>\n\n\n\n<p>El convocante evento, que tendr\u00e1 su 105\u00b0 edici\u00f3n en nuestra ciudad, es de gran importancia de cara a los compromisos internacionales de este 2025, tales como el Sudamericano de Mar del Plata y el Campeonato Mundial al aire libre en Tokio.<\/p>\n\n\n\n<p>La Confederaci\u00f3n Argentina de Atletismo, junto a la Federaci\u00f3n Atl\u00e9tica de Entre R\u00edos, designaron las impresionantes instalaciones que presenta el CEF N\u00b03.<\/p>\n\n\n\n<p>Esta ser\u00e1 la sexta vez que el m\u00e1ximo certamen del atletismo argentino se dispute en la ciudad, siendo la primera en 1957, convirti\u00e9ndose as\u00ed, en uno de los epicentros atl\u00e9ticos de nuestro pa\u00eds.<\/p>\n\n\n\n<p>Es importante destacar que este evento cuenta con el apoyo de la Municipalidad de Concepci\u00f3n del Uruguay, a trav\u00e9s de la Secretar\u00eda de Cultura, Turismo y Deporte.<\/p>\n\n\n\n<p><strong>Competencias y participantes<br><\/strong><br>La edici\u00f3n del 2025 de este Nacional de Mayores es de vital importancia, ya que por un lado los atletas buscar\u00e1n sellar un lugar en la n\u00f3mina definitiva para representar a la Argentina en el Campeonato Sudamericano que se disputar\u00e1 del 25 al 27 de abril en Mar del Plata. Por el otro, entrega puntos importantes para el ranking con vistas al Campeonato Mundial Outdoor de Tokio.<\/p>\n\n\n\n<p>Por eso estar\u00e1n presentes entre otros Elian Larregina, semifinalista en los 400 metros en los Juegos Ol\u00edmpicos de Par\u00eds 2024; Joaqu\u00edn G\u00f3mez, quien en la \u00faltima semana bati\u00f3 el r\u00e9cord nacional en el Lanzamiento de Martillo y ha competido en Juegos Ol\u00edmpicos, Campeonatos Mundiales y Juegos Panamericanos; el entrerriano y ol\u00edmpico de Paris Nazareno Sasia; Franco Florio, quien llegar\u00e1 de su participaci\u00f3n en el Campeonato Mundial Indoor en Nanjing ; Diego Lacomoire, campe\u00f3n Sudamericano de 1500 metros; Florencia Lamboglia, reciente medallista en el Sudamericano Indoor en Cochabamba; j\u00f3venes talentos como Juan Ciampitti, Tom\u00e1s Villegas, Helen Bernard Stilling, Victoria Zanolli, Carolina Scarponi, Juan Manuel Arri\u00e9guez, Tom\u00e1s Oliver y m\u00e1s.<\/p>\n\n\n\n<blockquote class=\"wp-block-quote is-layout-flow wp-block-quote-is-layout-flow\">\n<p>www.laprensafederal.com.ar<\/p>\n<\/blockquote>\n","protected":false},"excerpt":{"rendered":"<p>En el Centro de Educaci\u00f3n F\u00edsica N\u00b03 \u201cHugo Mario La Nasa\u201d, este fin de semana&#8230;<\/p>\n","protected":false},"author":2,"featured_media":3269,"comment_status":"open","ping_status":"open","sticky":false,"template":"","format":"standard","meta":{"footnotes":""},"categories":[5],"tags":[],"class_list":["post-3268","post","type-post","status-publish","format-standard","has-post-thumbnail","hentry","category-atletismo"],"featured_image_urls":{"full":["https:\/\/deportodos.com.ar\/2023\/wp-content\/uploads\/2025\/03\/cef2.jpg",642,361,false],"thumbnail":["https:\/\/deportodos.com.ar\/2023\/wp-content\/uploads\/2025\/03\/cef2-150x150.jpg",150,150,true],"medium":["https:\/\/deportodos.com.ar\/2023\/wp-content\/uploads\/2025\/03\/cef2-300x169.jpg",300,169,true],"medium_large":["https:\/\/deportodos.com.ar\/2023\/wp-content\/uploads\/2025\/03\/cef2.jpg",640,360,false],"large":["https:\/\/deportodos.com.ar\/2023\/wp-content\/uploads\/2025\/03\/cef2.jpg",640,360,false],"1536x1536":["https:\/\/deportodos.com.ar\/2023\/wp-content\/uploads\/2025\/03\/cef2.jpg",642,361,false],"2048x2048":["https:\/\/deportodos.com.ar\/2023\/wp-content\/uploads\/2025\/03\/cef2.jpg",642,361,false],"covernews-featured":["https:\/\/deportodos.com.ar\/2023\/wp-content\/uploads\/2025\/03\/cef2.jpg",642,361,false],"covernews-medium":["https:\/\/deportodos.com.ar\/2023\/wp-content\/uploads\/2025\/03\/cef2-540x340.jpg",540,340,true]},"author_info":{"display_name":"c2530142","author_link":"https:\/\/deportodos.com.ar\/2023\/author\/c2530142\/"},"category_info":"<a href=\"https:\/\/deportodos.com.ar\/2023\/category\/atletismo\/\" rel=\"category tag\">Atletismo<\/a>","tag_info":"Atletismo","comment_count":"0","_links":{"self":[{"href":"https:\/\/deportodos.com.ar\/2023\/wp-json\/wp\/v2\/posts\/3268","targetHints":{"allow":["GET"]}}],"collection":[{"href":"https:\/\/deportodos.com.ar\/2023\/wp-json\/wp\/v2\/posts"}],"about":[{"href":"https:\/\/deportodos.com.ar\/2023\/wp-json\/wp\/v2\/types\/post"}],"author":[{"embeddable":true,"href":"https:\/\/deportodos.com.ar\/2023\/wp-json\/wp\/v2\/users\/2"}],"replies":[{"embeddable":true,"href":"https:\/\/deportodos.com.ar\/2023\/wp-json\/wp\/v2\/comments?post=3268"}],"version-history":[{"count":1,"href":"https:\/\/deportodos.com.ar\/2023\/wp-json\/wp\/v2\/posts\/3268\/revisions"}],"predecessor-version":[{"id":3270,"href":"https:\/\/deportodos.com.ar\/2023\/wp-json\/wp\/v2\/posts\/3268\/revisions\/3270"}],"wp:featuredmedia":[{"embeddable":true,"href":"https:\/\/deportodos.com.ar\/2023\/wp-json\/wp\/v2\/media\/3269"}],"wp:attachment":[{"href":"https:\/\/deportodos.com.ar\/2023\/wp-json\/wp\/v2\/media?parent=3268"}],"wp:term":[{"taxonomy":"category","embeddable":true,"href":"https:\/\/deportodos.com.ar\/2023\/wp-json\/wp\/v2\/categories?post=3268"},{"taxonomy":"post_tag","embeddable":true,"href":"https:\/\/deportodos.com.ar\/2023\/wp-json\/wp\/v2\/tags?post=3268"}],"curies":[{"name":"wp","href":"https:\/\/api.w.org\/{rel}","templated":true}]}}