{"id":3271,"date":"2025-03-30T23:37:58","date_gmt":"2025-03-30T23:37:58","guid":{"rendered":"https:\/\/deportodos.com.ar\/2023\/?p=3271"},"modified":"2025-03-30T23:38:01","modified_gmt":"2025-03-30T23:38:01","slug":"9-de-julio-gano-un-partido-imprescindible-y-consiguio-su-primera-victoria-en-este-federal-a","status":"publish","type":"post","link":"https:\/\/deportodos.com.ar\/2023\/9-de-julio-gano-un-partido-imprescindible-y-consiguio-su-primera-victoria-en-este-federal-a\/","title":{"rendered":"9 DE JULIO GAN\u00d3 UN PARTIDO IMPRESCINDIBLE Y CONSIGUI\u00d3 SU PRIMERA VICTORIA EN ESTE FEDERAL A"},"content":{"rendered":"\n<p>9 de Julio de Rafaela logr\u00f3 su primera victoria, por el grupo C del Torneo Federal A. Fue 2 a 0 contra Gimnasia de Concepci\u00f3n del Uruguay, con goles de Del Sole en la primera etapa y Mac\u00edes, cuando terminaba el partido. En la visita fue expulsado Benitez a los 13 del complemento. Pero una lesi\u00f3n en el local tambi\u00e9n los dej\u00f3 con 10 sobre el final del partido.<\/p>\n\n\n\n<p>El primer tiempo solo tuvo una llegada de riesgo y fue el gol de 9 de Julio. A los 28, lleg\u00f3 un centro desde la derecha de Brian Peralta por lo bajo y Del Sole se escurri\u00f3 por el medio del \u00e1rea para marcar su gol.<\/p>\n\n\n\n<p>El resto de la primera etapa fue, realmente, aburrida. El 9 no lograba manejar bien la pelota y la visita intentaba encontrar distra\u00eddo al Le\u00f3n para poder abrir el marcador o empatar.<\/p>\n\n\n\n<p>El complemento, contrariamente, fue muy emotivo. A los 3, Peralta lleg\u00f3 con pelota dominada, fren\u00f3 para sacarse la marca y remat\u00f3 muy por arriba.<\/p>\n\n\n\n<p>El Lobo entrerriano empez\u00f3 a llegar con peligro. Pero a los 13, 9 de Julio se encontr\u00f3 con un hombre m\u00e1s: Ben\u00edtez, que minutos antes se hab\u00eda salvado de la roja por un pu\u00f1etazo en el \u00e1rea juliense, la vio por doble amarilla por evitar un contragolpe.<\/p>\n\n\n\n<p>Sin embargo, el local no pod\u00eda cerrar el partido. Sterren debi\u00f3 abandonar el campo de juego debido a una grave lesi\u00f3n, que a\u00fan debe establecerse oficialmente.<\/p>\n\n\n\n<figure class=\"wp-block-image\"><img decoding=\"async\" src=\"https:\/\/www.viapais.com.ar\/resizer\/v2\/RBI6NHCHMNANFAFUDPVWXXB73Y.jpg?auth=b0f145eadbad5f8638a950185257f48a1f472d9133d531549b8a8c5d5830f359&amp;width=1599&amp;height=1066\" alt=\"Del Sole festeja el gol con el que se abri\u00f3 el marcador\"\/><figcaption class=\"wp-element-caption\">Del Sole festeja el gol con el que se abri\u00f3 el marcador<\/figcaption><\/figure>\n\n\n\n<p>El Lobo se acercaba y entre la falta de punter\u00eda -en particular de Casares, que err\u00f3 uno abajo del arco- y la eficacia de Fragueda, impidieron la igualdad.<\/p>\n\n\n\n<p>El 9 no pod\u00eda hacerse de la pelota y cerrar el partido. Hasta que a los 48, Mac\u00edes -que hab\u00eda recuperado la pelota- tom\u00f3 el esf\u00e9rico en las puertas del \u00e1rea, se sac\u00f3 a dos marcas de encima y remat\u00f3 pegado al poste derecho del arquero.<\/p>\n\n\n\n<p>La victoria lo deja al 9 en la cuarta ubicaci\u00f3n y su rival, en la quinta. Ahora, deber\u00e1 viajar a San Francisco, para enfrentar a Sportivo Belgrano, que ayer venci\u00f3 por 3 a 0 a quien le hab\u00eda ganado a los dos equipos rafaelinos: Sportivo Las Parejas<\/p>\n\n\n\n<blockquote class=\"wp-block-quote is-layout-flow wp-block-quote-is-layout-flow\">\n<p>www.viapais.com.ar<\/p>\n<\/blockquote>\n","protected":false},"excerpt":{"rendered":"<p>9 de Julio de Rafaela logr\u00f3 su primera victoria, por el grupo C del Torneo&#8230;<\/p>\n","protected":false},"author":2,"featured_media":3272,"comment_status":"open","ping_status":"open","sticky":false,"template":"","format":"standard","meta":{"footnotes":""},"categories":[36],"tags":[],"class_list":["post-3271","post","type-post","status-publish","format-standard","has-post-thumbnail","hentry","category-futbol"],"featured_image_urls":{"full":["https:\/\/deportodos.com.ar\/2023\/wp-content\/uploads\/2025\/03\/7WOVHQJZSVHOLFDNE2NVNKOYA4.webp",980,640,false],"thumbnail":["https:\/\/deportodos.com.ar\/2023\/wp-content\/uploads\/2025\/03\/7WOVHQJZSVHOLFDNE2NVNKOYA4-150x150.webp",150,150,true],"medium":["https:\/\/deportodos.com.ar\/2023\/wp-content\/uploads\/2025\/03\/7WOVHQJZSVHOLFDNE2NVNKOYA4-300x196.webp",300,196,true],"medium_large":["https:\/\/deportodos.com.ar\/2023\/wp-content\/uploads\/2025\/03\/7WOVHQJZSVHOLFDNE2NVNKOYA4-768x502.webp",640,418,true],"large":["https:\/\/deportodos.com.ar\/2023\/wp-content\/uploads\/2025\/03\/7WOVHQJZSVHOLFDNE2NVNKOYA4.webp",640,418,false],"1536x1536":["https:\/\/deportodos.com.ar\/2023\/wp-content\/uploads\/2025\/03\/7WOVHQJZSVHOLFDNE2NVNKOYA4.webp",980,640,false],"2048x2048":["https:\/\/deportodos.com.ar\/2023\/wp-content\/uploads\/2025\/03\/7WOVHQJZSVHOLFDNE2NVNKOYA4.webp",980,640,false],"covernews-featured":["https:\/\/deportodos.com.ar\/2023\/wp-content\/uploads\/2025\/03\/7WOVHQJZSVHOLFDNE2NVNKOYA4.webp",980,640,false],"covernews-medium":["https:\/\/deportodos.com.ar\/2023\/wp-content\/uploads\/2025\/03\/7WOVHQJZSVHOLFDNE2NVNKOYA4-540x340.webp",540,340,true]},"author_info":{"display_name":"c2530142","author_link":"https:\/\/deportodos.com.ar\/2023\/author\/c2530142\/"},"category_info":"<a href=\"https:\/\/deportodos.com.ar\/2023\/category\/futbol\/\" rel=\"category tag\">Futbol<\/a>","tag_info":"Futbol","comment_count":"0","_links":{"self":[{"href":"https:\/\/deportodos.com.ar\/2023\/wp-json\/wp\/v2\/posts\/3271","targetHints":{"allow":["GET"]}}],"collection":[{"href":"https:\/\/deportodos.com.ar\/2023\/wp-json\/wp\/v2\/posts"}],"about":[{"href":"https:\/\/deportodos.com.ar\/2023\/wp-json\/wp\/v2\/types\/post"}],"author":[{"embeddable":true,"href":"https:\/\/deportodos.com.ar\/2023\/wp-json\/wp\/v2\/users\/2"}],"replies":[{"embeddable":true,"href":"https:\/\/deportodos.com.ar\/2023\/wp-json\/wp\/v2\/comments?post=3271"}],"version-history":[{"count":1,"href":"https:\/\/deportodos.com.ar\/2023\/wp-json\/wp\/v2\/posts\/3271\/revisions"}],"predecessor-version":[{"id":3273,"href":"https:\/\/deportodos.com.ar\/2023\/wp-json\/wp\/v2\/posts\/3271\/revisions\/3273"}],"wp:featuredmedia":[{"embeddable":true,"href":"https:\/\/deportodos.com.ar\/2023\/wp-json\/wp\/v2\/media\/3272"}],"wp:attachment":[{"href":"https:\/\/deportodos.com.ar\/2023\/wp-json\/wp\/v2\/media?parent=3271"}],"wp:term":[{"taxonomy":"category","embeddable":true,"href":"https:\/\/deportodos.com.ar\/2023\/wp-json\/wp\/v2\/categories?post=3271"},{"taxonomy":"post_tag","embeddable":true,"href":"https:\/\/deportodos.com.ar\/2023\/wp-json\/wp\/v2\/tags?post=3271"}],"curies":[{"name":"wp","href":"https:\/\/api.w.org\/{rel}","templated":true}]}}