{"id":3274,"date":"2025-03-30T23:41:09","date_gmt":"2025-03-30T23:41:09","guid":{"rendered":"https:\/\/deportodos.com.ar\/2023\/?p=3274"},"modified":"2025-03-30T23:41:10","modified_gmt":"2025-03-30T23:41:10","slug":"tc-en-neuquen-asi-quedo-el-campeonato-tras-la-suspension","status":"publish","type":"post","link":"https:\/\/deportodos.com.ar\/2023\/tc-en-neuquen-asi-quedo-el-campeonato-tras-la-suspension\/","title":{"rendered":"TC EN NEUQU\u00c9N: AS\u00cd QUED\u00d3 EL CAMPEONATO TRAS LA SUSPENSI\u00d3N"},"content":{"rendered":"\n<p>Las\u00a0<strong>fuertes r\u00e1fagas de viento<\/strong>\u00a0que hubo en el circuito de\u00a0<strong>Centenario\u00a0<\/strong>(Neuqu\u00e9n) obligaron a la ACTC a\u00a0<strong>suspender la carrera correspondiente a la 3\u00aa fecha del campeonato de Turismo Carretera<\/strong>. De esta manera, solo se toman en cuenta los\u00a0<strong>puntos que hubo en juego en la clasificaci\u00f3n del s\u00e1bado y las series<\/strong>\u00a0que se disputaron este domingo por la ma\u00f1ana.<\/p>\n\n\n\n<p>Con un m\u00e1ximo de\u00a0<strong>7 unidades en juego<\/strong>\u00a0(de un m\u00e1ximo de 47 que hay en cada fin de semana de la \u201cm\u00e1xima\u201d),\u00a0<strong>Juli\u00e1n Santero<\/strong>\u00a0(Ford Mustang) logr\u00f3 sostenerse en la cima de la tabla de posiciones por 2 fecha al hilo. El mendocino, que sum\u00f3\u00a0<strong>4,5 unidades tras finalizar 2\u00ba<\/strong>\u00a0en la \u00faltima bater\u00eda, ahora le lleva 2 puntos a su escolta\u00a0<strong>Juan Mart\u00edn Trucco<\/strong>\u00a0(Dodge Challenger).<\/p>\n\n\n\n<p><strong>Jos\u00e9 Manuel Urcera<\/strong>\u00a0(Ford Mustang), 3\u00ba a 3 puntos,\u00a0<strong>Jonatan Castellano<\/strong>\u00a0(Dodge Challenger), 4\u00ba a 10,5 y\u00a0<strong>Mauricio Lambiris<\/strong>\u00a0(Ford Mustang), 5\u00ba a 10,5, mantuvieron sus posiciones en relaci\u00f3n a c\u00f3mo llegaron al trazado neuquino. En tanto que\u00a0<strong>Santiago Mangoni<\/strong>\u00a0(Chevrolet Camaro) le sac\u00f3 jugo a la victoria en la 2\u00aa selectiva para avanzar del 7\u00ba al 6\u00ba lugar superando a\u00a0<strong>Marcelo Agrelo<\/strong>\u00a0(Toyota Camry).<\/p>\n\n\n\n<p><strong>Agust\u00edn Canapino<\/strong>&nbsp;(Chevrolet Camaro) que&nbsp;<strong>acumul\u00f3 7 unidades<\/strong>&nbsp;(2 por la pole position y 5 por ganar la serie) se sostuvo en el 8\u00ba lugar seguido por&nbsp;<strong>Hern\u00e1n Palazzo<\/strong>&nbsp;(Toyota Camry) quien se vio beneficiado por la suspensi\u00f3n debido a que ten\u00eda que largar desde el fondo por un recargo que le aplicaron en la serie despu\u00e9s de un toque a&nbsp;<strong>Diego Ciantini<\/strong>&nbsp;(Chevrolet Camaro).<\/p>\n\n\n\n<p><strong>Elio Craparo<\/strong>&nbsp;(Dodge Challenger) salt\u00f3 2 escalones pasando del 13\u00ba al 11\u00ba lugar de la tabla por detr\u00e1s de&nbsp;<strong>Facundo Chapur<\/strong>&nbsp;(Torino NG), \u00faltimo ganador en El Calafate. Facundo Ardusso (Chevrolet Camaro), que&nbsp;<strong>descendi\u00f3 1 puesto en relaci\u00f3n a la fecha anterior<\/strong>, cierra el grupo de clasificaci\u00f3n a la Copa de Oro.<\/p>\n\n\n\n<h2 class=\"wp-block-heading\">Campeonato \u2013 TC \u2013 Disputada 3 de 15 fechas<\/h2>\n\n\n\n<figure class=\"wp-block-table\"><table class=\"has-fixed-layout\"><tbody><tr><td><strong>Pos.<\/strong><\/td><td><strong>Piloto<\/strong><\/td><td><strong>Mca.<\/strong><\/td><td><strong>Pts.<\/strong><\/td><\/tr><tr><td>1<\/td><td>Santero, J.<\/td><td>F. Mustang<\/td><td>77,5<\/td><\/tr><tr><td>2<\/td><td>Trucco, J. M.<\/td><td>D. Challenger<\/td><td>75,5<\/td><\/tr><tr><td>3<\/td><td>Urcera, J. M.<\/td><td>F. Mustang<\/td><td>74,5<\/td><\/tr><tr><td>4<\/td><td><strong>Castellano, J.<\/strong><\/td><td>D. Challenger<\/td><td>67<\/td><\/tr><tr><td>5<\/td><td>Lambiris, M.<\/td><td>F. Mustang<\/td><td>66<\/td><\/tr><tr><td>6<\/td><td>Mangoni, S.<\/td><td>Ch. Camaro<\/td><td>64,5<\/td><\/tr><tr><td>7<\/td><td>Agrelo, M.<\/td><td>Ty NG<\/td><td>64,5<\/td><\/tr><tr><td>8<\/td><td>Canapino, A.<\/td><td>Ch. Camaro<\/td><td>63,5<\/td><\/tr><tr><td>9<\/td><td>Palazzo, H.<\/td><td>Ty NG<\/td><td>54,5<\/td><\/tr><tr><td>10<\/td><td><strong>Chapur, F.<\/strong><\/td><td>T NG<\/td><td>50<\/td><\/tr><tr><td>11<\/td><td>Craparo, E.<\/td><td>D. Challenger<\/td><td>48,5<\/td><\/tr><tr><td>12<\/td><td>Ardusso, F.<\/td><td>Ch. Camaro<\/td><td>48<\/td><\/tr><tr><td>13<\/td><td>Candela, K.<\/td><td>T NG<\/td><td>48<\/td><\/tr><tr><td>14<\/td><td>Mart\u00ednez, A.<\/td><td>F. Mustang<\/td><td>41,5<\/td><\/tr><tr><td>15<\/td><td>Werner, M.<\/td><td>F. Mustang<\/td><td>37<\/td><\/tr><tr><td>16<\/td><td>Di Palma, L. J.<\/td><td>Ch. Camaro<\/td><td>36,5<\/td><\/tr><tr><td>17<\/td><td>Spataro, E.<\/td><td>F. Mustang<\/td><td>36<\/td><\/tr><tr><td>18<\/td><td>Bonelli, N.<\/td><td>F. Mustang<\/td><td>36<\/td><\/tr><tr><td>19<\/td><td>Trosset, N.<\/td><td>F. Mustang<\/td><td>34,5<\/td><\/tr><tr><td>20<\/td><td>Canapino, M.<\/td><td>Ch. Camaro<\/td><td>33<\/td><\/tr><tr><td>21<\/td><td>Ebarl\u00edn, J. J.<\/td><td>Ch. Camaro<\/td><td>31,5<\/td><\/tr><tr><td>22<\/td><td>Olmedo, J.<\/td><td>F. Mustang<\/td><td>30,5<\/td><\/tr><tr><td>23<\/td><td>Fritzler, O.<\/td><td>Ty NG<\/td><td>30<\/td><\/tr><tr><td>24<\/td><td>Ferrante, G.<\/td><td>Ty NG<\/td><td>27<\/td><\/tr><tr><td>25<\/td><td>Scialchi, J.<\/td><td>F. Mustang<\/td><td>26<\/td><\/tr><tr><td>26<\/td><td>Jakos, A.<\/td><td>Ty NG<\/td><td>25<\/td><\/tr><tr><td>27<\/td><td>\u00c1lvarez, S.<\/td><td>Ch. Camaro<\/td><td>25<\/td><\/tr><tr><td>28<\/td><td>Ledesma, C.<\/td><td>Ch. Camaro<\/td><td>25<\/td><\/tr><tr><td>29<\/td><td>V\u00e1zquez, M.<\/td><td>D. Challenger<\/td><td>19,5<\/td><\/tr><tr><td>30<\/td><td>Cotignola, N.<\/td><td>T NG<\/td><td>19,5<\/td><\/tr><\/tbody><\/table><\/figure>\n\n\n\n<blockquote class=\"wp-block-quote is-layout-flow wp-block-quote-is-layout-flow\">\n<p>www.solotc.com.ar<\/p>\n<\/blockquote>\n","protected":false},"excerpt":{"rendered":"<p>Las\u00a0fuertes r\u00e1fagas de viento\u00a0que hubo en el circuito de\u00a0Centenario\u00a0(Neuqu\u00e9n) obligaron a la ACTC a\u00a0suspender la&#8230;<\/p>\n","protected":false},"author":2,"featured_media":3275,"comment_status":"open","ping_status":"open","sticky":false,"template":"","format":"standard","meta":{"footnotes":""},"categories":[6],"tags":[],"class_list":["post-3274","post","type-post","status-publish","format-standard","has-post-thumbnail","hentry","category-automovilismo"],"featured_image_urls":{"full":["https:\/\/deportodos.com.ar\/2023\/wp-content\/uploads\/2025\/03\/Peloton_TC-1-1024x683-1.jpg",1024,683,false],"thumbnail":["https:\/\/deportodos.com.ar\/2023\/wp-content\/uploads\/2025\/03\/Peloton_TC-1-1024x683-1-150x150.jpg",150,150,true],"medium":["https:\/\/deportodos.com.ar\/2023\/wp-content\/uploads\/2025\/03\/Peloton_TC-1-1024x683-1-300x200.jpg",300,200,true],"medium_large":["https:\/\/deportodos.com.ar\/2023\/wp-content\/uploads\/2025\/03\/Peloton_TC-1-1024x683-1-768x512.jpg",640,427,true],"large":["https:\/\/deportodos.com.ar\/2023\/wp-content\/uploads\/2025\/03\/Peloton_TC-1-1024x683-1.jpg",640,427,false],"1536x1536":["https:\/\/deportodos.com.ar\/2023\/wp-content\/uploads\/2025\/03\/Peloton_TC-1-1024x683-1.jpg",1024,683,false],"2048x2048":["https:\/\/deportodos.com.ar\/2023\/wp-content\/uploads\/2025\/03\/Peloton_TC-1-1024x683-1.jpg",1024,683,false],"covernews-featured":["https:\/\/deportodos.com.ar\/2023\/wp-content\/uploads\/2025\/03\/Peloton_TC-1-1024x683-1.jpg",1024,683,false],"covernews-medium":["https:\/\/deportodos.com.ar\/2023\/wp-content\/uploads\/2025\/03\/Peloton_TC-1-1024x683-1-540x340.jpg",540,340,true]},"author_info":{"display_name":"c2530142","author_link":"https:\/\/deportodos.com.ar\/2023\/author\/c2530142\/"},"category_info":"<a href=\"https:\/\/deportodos.com.ar\/2023\/category\/automovilismo\/\" rel=\"category tag\">Automovilismo<\/a>","tag_info":"Automovilismo","comment_count":"0","_links":{"self":[{"href":"https:\/\/deportodos.com.ar\/2023\/wp-json\/wp\/v2\/posts\/3274","targetHints":{"allow":["GET"]}}],"collection":[{"href":"https:\/\/deportodos.com.ar\/2023\/wp-json\/wp\/v2\/posts"}],"about":[{"href":"https:\/\/deportodos.com.ar\/2023\/wp-json\/wp\/v2\/types\/post"}],"author":[{"embeddable":true,"href":"https:\/\/deportodos.com.ar\/2023\/wp-json\/wp\/v2\/users\/2"}],"replies":[{"embeddable":true,"href":"https:\/\/deportodos.com.ar\/2023\/wp-json\/wp\/v2\/comments?post=3274"}],"version-history":[{"count":1,"href":"https:\/\/deportodos.com.ar\/2023\/wp-json\/wp\/v2\/posts\/3274\/revisions"}],"predecessor-version":[{"id":3276,"href":"https:\/\/deportodos.com.ar\/2023\/wp-json\/wp\/v2\/posts\/3274\/revisions\/3276"}],"wp:featuredmedia":[{"embeddable":true,"href":"https:\/\/deportodos.com.ar\/2023\/wp-json\/wp\/v2\/media\/3275"}],"wp:attachment":[{"href":"https:\/\/deportodos.com.ar\/2023\/wp-json\/wp\/v2\/media?parent=3274"}],"wp:term":[{"taxonomy":"category","embeddable":true,"href":"https:\/\/deportodos.com.ar\/2023\/wp-json\/wp\/v2\/categories?post=3274"},{"taxonomy":"post_tag","embeddable":true,"href":"https:\/\/deportodos.com.ar\/2023\/wp-json\/wp\/v2\/tags?post=3274"}],"curies":[{"name":"wp","href":"https:\/\/api.w.org\/{rel}","templated":true}]}}