{"id":3280,"date":"2025-03-30T23:49:01","date_gmt":"2025-03-30T23:49:01","guid":{"rendered":"https:\/\/deportodos.com.ar\/2023\/?p=3280"},"modified":"2025-03-30T23:49:03","modified_gmt":"2025-03-30T23:49:03","slug":"epica-jornada-en-el-nacional-de-atletismo-2025","status":"publish","type":"post","link":"https:\/\/deportodos.com.ar\/2023\/epica-jornada-en-el-nacional-de-atletismo-2025\/","title":{"rendered":"\u00c9PICA JORNADA EN EL NACIONAL DE ATLETISMO 2025"},"content":{"rendered":"\n<p>Concepci\u00f3n del Uruguay (29 de marzo de 2025) \u2013 En una vibrante jornada en la pista sint\u00e9tica del CEF N\u00ba 3 \u00abHugo La Nasa\u00bb, se desarroll\u00f3 la primera fecha de la 105\u00aa edici\u00f3n del Campeonato Argentino de Atletismo, evento que re\u00fani\u00f3 a los mejores atletas del pa\u00eds. Adem\u00e1s de los t\u00edtulos en 10.000 metros y jabalina ya destacados en noticias previas, la jornada dej\u00f3 actuaciones para el recuerdo en pruebas de velocidad, saltos y lanzamientos.<\/p>\n\n\n\n<h2 class=\"wp-block-heading\" id=\"&#x1f3c3;&#x200d;&#x2642;&#xfe0f;_100_metros_masculinos:_Tomas_Villegas_brillo_con_10.25\">100 metros masculinos: Tom\u00e1s Villegas brill\u00f3 con 10.25<\/h2>\n\n\n\n<p>En una serie explosiva (+2.2 m\/s), Tom\u00e1s Villegas (SL) se qued\u00f3 con la mejor marca del d\u00eda: 10.25. Le siguieron Pedro Rodr\u00edguez Merlo (FAM) con 10.71 e Ildarraz Santinelli (SF) con 10.82.<\/p>\n\n\n\n<figure class=\"wp-block-table\"><table class=\"has-fixed-layout\"><tbody><tr><th>Puesto<\/th><th>Atleta<\/th><th>Federaci\u00f3n<\/th><th>Marca<\/th><\/tr><tr><td>1\u00ba<\/td><td>Tom\u00e1s Villegas<\/td><td>SL<\/td><td>10.25<\/td><\/tr><tr><td>2\u00ba<\/td><td>Pedro Rodr\u00edguez Merlo<\/td><td>FAM<\/td><td>10.71<\/td><\/tr><tr><td>3\u00ba<\/td><td>Francisco Santinelli<\/td><td>SF<\/td><td>10.82<\/td><\/tr><\/tbody><\/table><\/figure>\n\n\n\n<h2 class=\"wp-block-heading\" id=\"&#x1f3c3;&#x200d;&#x2640;&#xfe0f;_100_metros_femeninos:_Guadalupe_Cabanas_se_impuso_con_autoridad\">100 metros femeninos: Guadalupe Caba\u00f1as se impuso con autoridad<\/h2>\n\n\n\n<blockquote class=\"wp-block-quote is-layout-flow wp-block-quote-is-layout-flow\">\n<p><\/p>\n<\/blockquote>\n\n\n\n<p>Con viento favorable de +1.6 m\/s, Guadalupe Caba\u00f1as (BA) marc\u00f3 11.84 y fue escoltada por Morena Pergolesi (FAM) y Sof\u00eda Cardarelli (SF).<\/p>\n\n\n\n<figure class=\"wp-block-table\"><table class=\"has-fixed-layout\"><tbody><tr><td>Puesto<\/td><td>Atleta<\/td><td>Federaci\u00f3n<\/td><td>Marca<\/td><\/tr><tr><td>1\u00ba<\/td><td>Guadalupe Caba\u00f1as<\/td><td>BA<\/td><td>11.84<\/td><\/tr><tr><td>2\u00ba<\/td><td>Morena Pergolesi<\/td><td>FAM<\/td><td>12.17<\/td><\/tr><tr><td>3\u00ba<\/td><td>Sof\u00eda Cardarelli<\/td><td>SF<\/td><td>12.34<\/td><\/tr><\/tbody><\/table><\/figure>\n\n\n\n<h2 class=\"wp-block-heading\" id=\"&#x1f3c6;_Salto_en_largo_femenino:_Victoria_Zanolli_en_lo_mas_alto\">Salto en largo femenino: Victoria Zanolli en lo m\u00e1s alto<\/h2>\n\n\n\n<p>Victoria Zanolli (FADER) ratific\u00f3 su condici\u00f3n de favorita con un salto de 6.21 m. Leila Garetto y Mar\u00eda Luciana Ferreyra completaron el podio.<\/p>\n\n\n\n<figure class=\"wp-block-table\"><table class=\"has-fixed-layout\"><tbody><tr><td>Puesto<\/td><td>Atleta<\/td><td>Federaci\u00f3n<\/td><td>Marca<\/td><\/tr><tr><td>1\u00ba<\/td><td>Victoria Zanolli<\/td><td>FADER<\/td><td>6.21 m<\/td><\/tr><tr><td>2\u00ba<\/td><td>Leila Garetto<\/td><td>SF<\/td><td>5.83 m<\/td><\/tr><tr><td>3\u00ba<\/td><td>Mar\u00eda Luciana Ferreyra<\/td><td>SF<\/td><td>5.82 m<\/td><\/tr><\/tbody><\/table><\/figure>\n\n\n\n<h2 class=\"wp-block-heading\" id=\"&#x1f34b;_Impulso_de_bala_femenino:_Ailen_Armada,_campeona\">Impulso de bala femenino: Ail\u00e9n Armada, campeona<\/h2>\n\n\n\n<p>Con una marca de 14.15 m, Ail\u00e9n Armada (FAPBA) domin\u00f3 la competencia. Fue seguida por Milagros Menoni (SF) y Natalia Boggero (COR).<\/p>\n\n\n\n<figure class=\"wp-block-table\"><table class=\"has-fixed-layout\"><tbody><tr><td>Puesto<\/td><td>Atleta<\/td><td>Federaci\u00f3n<\/td><td>Marca<\/td><\/tr><tr><td>1\u00ba<\/td><td>Ail\u00e9n Armada<\/td><td>FAPBA<\/td><td>14.15 m<\/td><\/tr><tr><td>2\u00ba<\/td><td>Milagros Menoni<\/td><td>SF<\/td><td>12.44 m<\/td><\/tr><tr><td>3\u00ba<\/td><td>Natalia Boggero<\/td><td>COR<\/td><td>12.12 m<\/td><\/tr><\/tbody><\/table><\/figure>\n\n\n\n<h2 class=\"wp-block-heading\" id=\"&#x1f9f2;_Disco_masculino:_Lazaro_Bonora,_firme_con_53.37_m\">Disco masculino: L\u00e1zaro Bonora, firme con 53.37 m<\/h2>\n\n\n\n<p>El santafesino Bonora se llev\u00f3 el oro con un excelente lanzamiento. Tom\u00e1s Pacheco (FAPBA) y Agust\u00edn Zilli (FAM) completaron el podio.<\/p>\n\n\n\n<figure class=\"wp-block-table\"><table class=\"has-fixed-layout\"><tbody><tr><td>Puesto<\/td><td>Atleta<\/td><td>Federaci\u00f3n<\/td><td>Marca<\/td><\/tr><tr><td>1\u00ba<\/td><td>L\u00e1zaro Bonora<\/td><td>SF<\/td><td>53.37 m<\/td><\/tr><tr><td>2\u00ba<\/td><td>Tom\u00e1s Pacheco<\/td><td>FAPBA<\/td><td>48.85 m<\/td><\/tr><tr><td>3\u00ba<\/td><td>Agust\u00edn Zilli<\/td><td>FAM<\/td><td>35.33 m<\/td><\/tr><\/tbody><\/table><\/figure>\n\n\n\n<h2 class=\"wp-block-heading\" id=\"&#x1f483;_Martillo_femenino:_Giuliana_Baigorria_domina_con_58.05_m\">Martillo femenino: Giuliana Baigorria domina con 58.05 m<\/h2>\n\n\n\n<p>Desde Neuqu\u00e9n, Baigorria mostr\u00f3 su poder\u00edo en la jaula. La escoltaron Carmela Cocco (ER) y Florencia S\u00e1nchez (FAM).<\/p>\n\n\n\n<figure class=\"wp-block-table\"><table class=\"has-fixed-layout\"><tbody><tr><td>Puesto<\/td><td>Atleta<\/td><td>Federaci\u00f3n<\/td><td>Marca<\/td><\/tr><tr><td>1\u00ba<\/td><td>Giuliana Baigorria<\/td><td>NEU<\/td><td>58.05 m<\/td><\/tr><tr><td>2\u00ba<\/td><td>Carmela Cocco<\/td><td>ER<\/td><td>53.76 m<\/td><\/tr><tr><td>3\u00ba<\/td><td>Florencia S\u00e1nchez<\/td><td>FAM<\/td><td>50.66 m<\/td><\/tr><\/tbody><\/table><\/figure>\n\n\n\n<h2 class=\"wp-block-heading\" id=\"&#x1f47a;_Garrocha_femenina:_Aldana_Garibaldi,_campeona\">Garrocha femenina: Aldana Garibaldi, campeona<\/h2>\n\n\n\n<p>Con un salto de 3.60 m, la santafesina Garibaldi se qued\u00f3 con el oro. Bruno (FAM) y Brunet (SF) completaron el tr\u00edptico ganador.<\/p>\n\n\n\n<figure class=\"wp-block-table\"><table class=\"has-fixed-layout\"><tbody><tr><td>Puesto<\/td><td>Atleta<\/td><td>Federaci\u00f3n<\/td><td>Marca<\/td><\/tr><tr><td>1\u00ba<\/td><td>Aldana Garibaldi<\/td><td>SF<\/td><td>3.60 m<\/td><\/tr><tr><td>2\u00ba<\/td><td>Carola Bruno<\/td><td>FAM<\/td><td>3.40 m<\/td><\/tr><tr><td>3\u00ba<\/td><td>Josefina Brunet<\/td><td>SF<\/td><td>3.20 m<\/td><\/tr><\/tbody><\/table><\/figure>\n\n\n\n<h2 class=\"wp-block-heading\" id=\"&#x1f3c3;&#x200d;&#x2640;&#xfe0f;_400_metros_femenino:_Malena_Galvan_se_impone_con_solvencia\">400 metros femenino: Malena Galv\u00e1n se impone con solvencia<\/h2>\n\n\n\n<p>Galv\u00e1n (FAM) se consagr\u00f3 campeona argentina con 55.77. La secundaron Noelia Mart\u00ednez (COR) y \u00c1ngela Almada (FAM).<\/p>\n\n\n\n<figure class=\"wp-block-table\"><table class=\"has-fixed-layout\"><tbody><tr><td>Puesto<\/td><td>Atleta<\/td><td>Federaci\u00f3n<\/td><td>Marca<\/td><\/tr><tr><td>1\u00ba<\/td><td>Malena Galv\u00e1n<\/td><td>FAM<\/td><td>55.77<\/td><\/tr><tr><td>2\u00ba<\/td><td>Noelia Mart\u00ednez<\/td><td>COR<\/td><td>56.70<\/td><\/tr><tr><td>3\u00ba<\/td><td>\u00c1ngela Almada<\/td><td>FAM<\/td><td>57.66<\/td><\/tr><\/tbody><\/table><\/figure>\n\n\n\n<h2 class=\"wp-block-heading\" id=\"&#x1f3c3;&#x200d;&#x2642;&#xfe0f;_400_metros_masculino:_Larregina,_imparable\">400 metros masculino: Larregina, imparable<\/h2>\n\n\n\n<p>El semifinalista ol\u00edmpico Eli\u00e1n Larregina (FAPBA) mostr\u00f3 su jerarqu\u00eda con 47.02, relegando a Agust\u00edn Pinti (MZA) y Tom\u00e1s Mir\u00f3n (FAM).<\/p>\n\n\n\n<figure class=\"wp-block-table\"><table class=\"has-fixed-layout\"><tbody><tr><td>Puesto<\/td><td>Atleta<\/td><td>Federaci\u00f3n<\/td><td>Marca<\/td><\/tr><tr><td>1\u00ba<\/td><td>Eli\u00e1n Larregina<\/td><td>FAPBA<\/td><td>47.02<\/td><\/tr><tr><td>2\u00ba<\/td><td>Agust\u00edn Pinti<\/td><td>MZA<\/td><td>47.29<\/td><\/tr><tr><td>3\u00ba<\/td><td>Tom\u00e1s Mir\u00f3n<\/td><td>FAM<\/td><td>48.30<\/td><\/tr><\/tbody><\/table><\/figure>\n\n\n\n<blockquote class=\"wp-block-quote is-layout-flow wp-block-quote-is-layout-flow\">\n<p>www.cada-atletismo.org<\/p>\n<\/blockquote>\n","protected":false},"excerpt":{"rendered":"<p>Concepci\u00f3n del Uruguay (29 de marzo de 2025) \u2013 En una vibrante jornada en la&#8230;<\/p>\n","protected":false},"author":2,"featured_media":3281,"comment_status":"open","ping_status":"open","sticky":false,"template":"","format":"standard","meta":{"footnotes":""},"categories":[5],"tags":[],"class_list":["post-3280","post","type-post","status-publish","format-standard","has-post-thumbnail","hentry","category-atletismo"],"featured_image_urls":{"full":["https:\/\/deportodos.com.ar\/2023\/wp-content\/uploads\/2025\/03\/105-nacional-de-mayores-10-1229x1536-1.webp",800,1000,false],"thumbnail":["https:\/\/deportodos.com.ar\/2023\/wp-content\/uploads\/2025\/03\/105-nacional-de-mayores-10-1229x1536-1-150x150.webp",150,150,true],"medium":["https:\/\/deportodos.com.ar\/2023\/wp-content\/uploads\/2025\/03\/105-nacional-de-mayores-10-1229x1536-1-240x300.webp",240,300,true],"medium_large":["https:\/\/deportodos.com.ar\/2023\/wp-content\/uploads\/2025\/03\/105-nacional-de-mayores-10-1229x1536-1-768x960.webp",640,800,true],"large":["https:\/\/deportodos.com.ar\/2023\/wp-content\/uploads\/2025\/03\/105-nacional-de-mayores-10-1229x1536-1.webp",640,800,false],"1536x1536":["https:\/\/deportodos.com.ar\/2023\/wp-content\/uploads\/2025\/03\/105-nacional-de-mayores-10-1229x1536-1.webp",800,1000,false],"2048x2048":["https:\/\/deportodos.com.ar\/2023\/wp-content\/uploads\/2025\/03\/105-nacional-de-mayores-10-1229x1536-1.webp",800,1000,false],"covernews-featured":["https:\/\/deportodos.com.ar\/2023\/wp-content\/uploads\/2025\/03\/105-nacional-de-mayores-10-1229x1536-1.webp",800,1000,false],"covernews-medium":["https:\/\/deportodos.com.ar\/2023\/wp-content\/uploads\/2025\/03\/105-nacional-de-mayores-10-1229x1536-1-540x340.webp",540,340,true]},"author_info":{"display_name":"c2530142","author_link":"https:\/\/deportodos.com.ar\/2023\/author\/c2530142\/"},"category_info":"<a href=\"https:\/\/deportodos.com.ar\/2023\/category\/atletismo\/\" rel=\"category tag\">Atletismo<\/a>","tag_info":"Atletismo","comment_count":"0","_links":{"self":[{"href":"https:\/\/deportodos.com.ar\/2023\/wp-json\/wp\/v2\/posts\/3280","targetHints":{"allow":["GET"]}}],"collection":[{"href":"https:\/\/deportodos.com.ar\/2023\/wp-json\/wp\/v2\/posts"}],"about":[{"href":"https:\/\/deportodos.com.ar\/2023\/wp-json\/wp\/v2\/types\/post"}],"author":[{"embeddable":true,"href":"https:\/\/deportodos.com.ar\/2023\/wp-json\/wp\/v2\/users\/2"}],"replies":[{"embeddable":true,"href":"https:\/\/deportodos.com.ar\/2023\/wp-json\/wp\/v2\/comments?post=3280"}],"version-history":[{"count":1,"href":"https:\/\/deportodos.com.ar\/2023\/wp-json\/wp\/v2\/posts\/3280\/revisions"}],"predecessor-version":[{"id":3282,"href":"https:\/\/deportodos.com.ar\/2023\/wp-json\/wp\/v2\/posts\/3280\/revisions\/3282"}],"wp:featuredmedia":[{"embeddable":true,"href":"https:\/\/deportodos.com.ar\/2023\/wp-json\/wp\/v2\/media\/3281"}],"wp:attachment":[{"href":"https:\/\/deportodos.com.ar\/2023\/wp-json\/wp\/v2\/media?parent=3280"}],"wp:term":[{"taxonomy":"category","embeddable":true,"href":"https:\/\/deportodos.com.ar\/2023\/wp-json\/wp\/v2\/categories?post=3280"},{"taxonomy":"post_tag","embeddable":true,"href":"https:\/\/deportodos.com.ar\/2023\/wp-json\/wp\/v2\/tags?post=3280"}],"curies":[{"name":"wp","href":"https:\/\/api.w.org\/{rel}","templated":true}]}}