{"id":3286,"date":"2025-03-31T12:43:25","date_gmt":"2025-03-31T12:43:25","guid":{"rendered":"https:\/\/deportodos.com.ar\/2023\/?p=3286"},"modified":"2025-03-31T12:43:26","modified_gmt":"2025-03-31T12:43:26","slug":"ciclismo-rutero-en-el-autodromo-de-concordia","status":"publish","type":"post","link":"https:\/\/deportodos.com.ar\/2023\/ciclismo-rutero-en-el-autodromo-de-concordia\/","title":{"rendered":"CICLISMO RUTERO EN EL AUTODROMO DE CONCORDIA"},"content":{"rendered":"\n<p>Gran jornada de ciclismo se vivi\u00f3 en la tarde de este s\u00e1bado 29 de marzo en el aut\u00f3dromo de la ciudad de Concordia. Evento deportivo que fue organizado por la \u00abPe\u00f1a ciclista los amigos del Pedal\u00bb. Se hicieron presente competidores de toda la regi\u00f3n y tambi\u00e9n del pa\u00eds vecino Uruguay; fueron m\u00e1s de 60 pedalistas de las categor\u00edas Master elite y promocionales. El ganador de la categor\u00eda elite fue Pablo Avellanal del club Libertad de la ciudad de salto; sobre Ezequiel del Real de la ciudad de Paso los Libre; que llegaron a definir los dos de manera individual sobre el pelot\u00f3n principal; luego en la categor\u00eda m\u00e1ster en los ganadores fueron Federico Chiecher en la categor\u00eda Master \u00abD\u00bb. Jos\u00e9 S\u00e1nchez en la categor\u00eda Master \u00abE\u00bb, Nessi Emilio de Uruguay en la categor\u00eda Master \u00abB y C\u00bb y en la categor\u00eda promocional ganador fue el local Gast\u00f3n Ramos.<\/p>\n\n\n\n<p>Clasificaciones<\/p>\n\n\n\n<p>Categor\u00eda Promocional<br>1\u00b0 Gaston Ramos<br>2\u00b0 Facundo Maydana<br>3\u00b0 Mat\u00edas Guichon<br>4\u00b0 Gustavo Guichon<br>5\u00b0 Juan Pablo Arrua<\/p>\n\n\n\n<p>Categor\u00eda Master \u00abE\u00bb<br>1\u00b0 Jos\u00e9 S\u00e1nchez (Concordia)<br>2\u00b0 Rub\u00e9n Rey (San Salvador)<br>3\u00b0 Ram\u00f3n Areguatti (Concordia)<br>4\u00b0 Jos\u00e9 Mar\u00eda Martinez (Concordia)<\/p>\n\n\n\n<p>Categor\u00eda Master \u00abD\u00bb<br>1\u00b0Federico Chiecher (Concordia)<br>2\u00b0 Marcelo Ben\u00edtez (Concordia)<br>3\u00b0Hector tote Amengual (Concordia)<br>4\u00b0 Juan Gonz\u00e1lez (Federaci\u00f3n)<br>5\u00b0 Antonio Tuponne (Concordia)<\/p>\n\n\n\n<p>Categor\u00eda mayores de 45 a\u00f1os \u00abB y C\u00bb<br>1\u00b0Emilio Nessi (Uruguay)<br>2\u00b0 Leo Diez (Concordia)<br>3\u00b0 Jorge Sosa (Chajar\u00ed)<br>4\u00b0 Marcelo Villagra (San Salvador)<br>5\u00b0 Adrian Ballesteros (Villaguay)<\/p>\n\n\n\n<p>Categor\u00eda menos de 45 a\u00f1os elite<\/p>\n\n\n\n<p>1\u00b0 Pablo Avellanal (Uruguay)<br>2\u00b0 Ezequiel del Real (Corrientes)<br>3\u00b0 Gonzalo Tabliabue ( Uruguay)<br>4\u00b0 Agust\u00edn Navarro (Federaci\u00f3n)<br>5\u00b0 Gonzalo Ellero (Concordia)<\/p>\n","protected":false},"excerpt":{"rendered":"<p>Gran jornada de ciclismo se vivi\u00f3 en la tarde de este s\u00e1bado 29 de marzo&#8230;<\/p>\n","protected":false},"author":2,"featured_media":3287,"comment_status":"open","ping_status":"open","sticky":false,"template":"","format":"standard","meta":{"footnotes":""},"categories":[16],"tags":[],"class_list":["post-3286","post","type-post","status-publish","format-standard","has-post-thumbnail","hentry","category-ciclismo"],"featured_image_urls":{"full":["https:\/\/deportodos.com.ar\/2023\/wp-content\/uploads\/2025\/03\/IMG-20250331-WA0025.jpg",960,1280,false],"thumbnail":["https:\/\/deportodos.com.ar\/2023\/wp-content\/uploads\/2025\/03\/IMG-20250331-WA0025-150x150.jpg",150,150,true],"medium":["https:\/\/deportodos.com.ar\/2023\/wp-content\/uploads\/2025\/03\/IMG-20250331-WA0025-225x300.jpg",225,300,true],"medium_large":["https:\/\/deportodos.com.ar\/2023\/wp-content\/uploads\/2025\/03\/IMG-20250331-WA0025-768x1024.jpg",640,853,true],"large":["https:\/\/deportodos.com.ar\/2023\/wp-content\/uploads\/2025\/03\/IMG-20250331-WA0025-768x1024.jpg",640,853,true],"1536x1536":["https:\/\/deportodos.com.ar\/2023\/wp-content\/uploads\/2025\/03\/IMG-20250331-WA0025.jpg",960,1280,false],"2048x2048":["https:\/\/deportodos.com.ar\/2023\/wp-content\/uploads\/2025\/03\/IMG-20250331-WA0025.jpg",960,1280,false],"covernews-featured":["https:\/\/deportodos.com.ar\/2023\/wp-content\/uploads\/2025\/03\/IMG-20250331-WA0025.jpg",960,1280,false],"covernews-medium":["https:\/\/deportodos.com.ar\/2023\/wp-content\/uploads\/2025\/03\/IMG-20250331-WA0025-540x340.jpg",540,340,true]},"author_info":{"display_name":"c2530142","author_link":"https:\/\/deportodos.com.ar\/2023\/author\/c2530142\/"},"category_info":"<a href=\"https:\/\/deportodos.com.ar\/2023\/category\/ciclismo\/\" rel=\"category tag\">Ciclismo<\/a>","tag_info":"Ciclismo","comment_count":"0","_links":{"self":[{"href":"https:\/\/deportodos.com.ar\/2023\/wp-json\/wp\/v2\/posts\/3286","targetHints":{"allow":["GET"]}}],"collection":[{"href":"https:\/\/deportodos.com.ar\/2023\/wp-json\/wp\/v2\/posts"}],"about":[{"href":"https:\/\/deportodos.com.ar\/2023\/wp-json\/wp\/v2\/types\/post"}],"author":[{"embeddable":true,"href":"https:\/\/deportodos.com.ar\/2023\/wp-json\/wp\/v2\/users\/2"}],"replies":[{"embeddable":true,"href":"https:\/\/deportodos.com.ar\/2023\/wp-json\/wp\/v2\/comments?post=3286"}],"version-history":[{"count":1,"href":"https:\/\/deportodos.com.ar\/2023\/wp-json\/wp\/v2\/posts\/3286\/revisions"}],"predecessor-version":[{"id":3288,"href":"https:\/\/deportodos.com.ar\/2023\/wp-json\/wp\/v2\/posts\/3286\/revisions\/3288"}],"wp:featuredmedia":[{"embeddable":true,"href":"https:\/\/deportodos.com.ar\/2023\/wp-json\/wp\/v2\/media\/3287"}],"wp:attachment":[{"href":"https:\/\/deportodos.com.ar\/2023\/wp-json\/wp\/v2\/media?parent=3286"}],"wp:term":[{"taxonomy":"category","embeddable":true,"href":"https:\/\/deportodos.com.ar\/2023\/wp-json\/wp\/v2\/categories?post=3286"},{"taxonomy":"post_tag","embeddable":true,"href":"https:\/\/deportodos.com.ar\/2023\/wp-json\/wp\/v2\/tags?post=3286"}],"curies":[{"name":"wp","href":"https:\/\/api.w.org\/{rel}","templated":true}]}}