{"id":3289,"date":"2025-03-31T23:43:54","date_gmt":"2025-03-31T23:43:54","guid":{"rendered":"https:\/\/deportodos.com.ar\/2023\/?p=3289"},"modified":"2025-03-31T23:43:56","modified_gmt":"2025-03-31T23:43:56","slug":"la-entrerriana-victoria-zanolli-se-consagro-tricampeona-nacional-de-salto-en-largo","status":"publish","type":"post","link":"https:\/\/deportodos.com.ar\/2023\/la-entrerriana-victoria-zanolli-se-consagro-tricampeona-nacional-de-salto-en-largo\/","title":{"rendered":"LA ENTRERRIANA VICTORIA ZANOLLI SE CONSAGR\u00d3 TRICAMPEONA NACIONAL DE SALTO EN LARGO"},"content":{"rendered":"\n<p>La entrerriana Victoria Zanolli se consagr\u00f3, por tercera vez consecutiva, campeona nacional de salto en largo femenino. Fue este fin de semana durante la 105\u00aa edici\u00f3n del Campeonato Nacional de Atletismo de Mayores, disputado en la pista sint\u00e9tica de CEF Nro3 \u201cHugo Mario La Nasa\u201d de Concepci\u00f3n del Uruguay.<\/p>\n\n\n\n<p>La oriunda de Villaguay logr\u00f3 su mejor marca personal al registrar 6,21 metros. Detr\u00e1s suyo se ubicaron las santafesinas Leila Garetto (5,83m) y Mar\u00eda Ferreyra (5,81m).<\/p>\n\n\n\n<p>Zanolli, que viene de una gran performance en el Sudamericano Indoor que se desarroll\u00f3 en Cochabamba, Bolivia, formar\u00e1 parte de la delegaci\u00f3n argentina que competir\u00e1 del Campeonato Sudamericano que se desarrollar\u00e1 en abril en Mar del Plata.<\/p>\n\n\n\n<p>Por su parte, la concordiense Carmela Cocco aport\u00f3 otra medalla para la delegaci\u00f3n de la Federaci\u00f3n Atl\u00e9tica de Entre R\u00edos: se adjudic\u00f3 la presea de plata al finalizar en el segundo lugar en la prueba de lanzamiento de martillo.<\/p>\n\n\n\n<p>Carmela finaliz\u00f3 la prueba con un registro 53,76 metros. Esta competencia fue conquistada por la neuquina Giuliana Baigorria, 58,05 metros. El \u00faltimo lugar del podio fue para Florencia S\u00e1nchez, de la Federaci\u00f3n Metropolitana, con 50,66 metros.<\/p>\n\n\n\n<p>En otro orden, la posta conformada por Teresita Briozzi, Julieta Zacaria, Luj\u00e1n Moneda y Gisela Hern\u00e1ndez obtuvo la medalla de bronce en la prueba posta 4&#215;100.<\/p>\n\n\n\n<p>Por su parte, el uruguayense Sebasti\u00e1n Tomassi finaliz\u00f3 en el cuarto final de lanzamiento de martillo (59,22 metros). Ayrton Britos finaliz\u00f3 quinto en lanzamiento de bala (12,89 metros).<\/p>\n\n\n\n<p>En el mismo lugar finaliz\u00f3 el equipo conformado por Bautista Gonz\u00e1lez, Sergio Pandiani, Brandon Lindt y Facundo Dun en la posta 4&#215;400 (3.30.55), consigna&nbsp;<em>Uno<\/em>.<\/p>\n\n\n\n<p>En tanto que Ayrton Britos finaliz\u00f3 quinto en lanzamiento de bala (12,89 metros). Por otro lado, Nicol\u00e1s Cousillas termin\u00f3 en el s\u00e9ptimo lugar en salto en largo (6,75 metros) y Adri\u00e1n Viso concluy\u00f3 s\u00e9ptimo en lanzamiento de jabalina (54,21 metros).<\/p>\n\n\n\n<blockquote class=\"wp-block-quote is-layout-flow wp-block-quote-is-layout-flow\">\n<p>www.analisisdigital.com.ar<\/p>\n<\/blockquote>\n","protected":false},"excerpt":{"rendered":"<p>La entrerriana Victoria Zanolli se consagr\u00f3, por tercera vez consecutiva, campeona nacional de salto en&#8230;<\/p>\n","protected":false},"author":2,"featured_media":3290,"comment_status":"open","ping_status":"open","sticky":false,"template":"","format":"standard","meta":{"footnotes":""},"categories":[1],"tags":[],"class_list":["post-3289","post","type-post","status-publish","format-standard","has-post-thumbnail","hentry","category-sin-categoria"],"featured_image_urls":{"full":["https:\/\/deportodos.com.ar\/2023\/wp-content\/uploads\/2025\/03\/victoria_zanolli_4.jpg",450,300,false],"thumbnail":["https:\/\/deportodos.com.ar\/2023\/wp-content\/uploads\/2025\/03\/victoria_zanolli_4-150x150.jpg",150,150,true],"medium":["https:\/\/deportodos.com.ar\/2023\/wp-content\/uploads\/2025\/03\/victoria_zanolli_4-300x200.jpg",300,200,true],"medium_large":["https:\/\/deportodos.com.ar\/2023\/wp-content\/uploads\/2025\/03\/victoria_zanolli_4.jpg",450,300,false],"large":["https:\/\/deportodos.com.ar\/2023\/wp-content\/uploads\/2025\/03\/victoria_zanolli_4.jpg",450,300,false],"1536x1536":["https:\/\/deportodos.com.ar\/2023\/wp-content\/uploads\/2025\/03\/victoria_zanolli_4.jpg",450,300,false],"2048x2048":["https:\/\/deportodos.com.ar\/2023\/wp-content\/uploads\/2025\/03\/victoria_zanolli_4.jpg",450,300,false],"covernews-featured":["https:\/\/deportodos.com.ar\/2023\/wp-content\/uploads\/2025\/03\/victoria_zanolli_4.jpg",450,300,false],"covernews-medium":["https:\/\/deportodos.com.ar\/2023\/wp-content\/uploads\/2025\/03\/victoria_zanolli_4.jpg",450,300,false]},"author_info":{"display_name":"c2530142","author_link":"https:\/\/deportodos.com.ar\/2023\/author\/c2530142\/"},"category_info":"<a href=\"https:\/\/deportodos.com.ar\/2023\/category\/sin-categoria\/\" rel=\"category tag\">Sin categor\u00eda<\/a>","tag_info":"Sin categor\u00eda","comment_count":"0","_links":{"self":[{"href":"https:\/\/deportodos.com.ar\/2023\/wp-json\/wp\/v2\/posts\/3289","targetHints":{"allow":["GET"]}}],"collection":[{"href":"https:\/\/deportodos.com.ar\/2023\/wp-json\/wp\/v2\/posts"}],"about":[{"href":"https:\/\/deportodos.com.ar\/2023\/wp-json\/wp\/v2\/types\/post"}],"author":[{"embeddable":true,"href":"https:\/\/deportodos.com.ar\/2023\/wp-json\/wp\/v2\/users\/2"}],"replies":[{"embeddable":true,"href":"https:\/\/deportodos.com.ar\/2023\/wp-json\/wp\/v2\/comments?post=3289"}],"version-history":[{"count":1,"href":"https:\/\/deportodos.com.ar\/2023\/wp-json\/wp\/v2\/posts\/3289\/revisions"}],"predecessor-version":[{"id":3291,"href":"https:\/\/deportodos.com.ar\/2023\/wp-json\/wp\/v2\/posts\/3289\/revisions\/3291"}],"wp:featuredmedia":[{"embeddable":true,"href":"https:\/\/deportodos.com.ar\/2023\/wp-json\/wp\/v2\/media\/3290"}],"wp:attachment":[{"href":"https:\/\/deportodos.com.ar\/2023\/wp-json\/wp\/v2\/media?parent=3289"}],"wp:term":[{"taxonomy":"category","embeddable":true,"href":"https:\/\/deportodos.com.ar\/2023\/wp-json\/wp\/v2\/categories?post=3289"},{"taxonomy":"post_tag","embeddable":true,"href":"https:\/\/deportodos.com.ar\/2023\/wp-json\/wp\/v2\/tags?post=3289"}],"curies":[{"name":"wp","href":"https:\/\/api.w.org\/{rel}","templated":true}]}}