{"id":3306,"date":"2025-04-04T00:43:38","date_gmt":"2025-04-04T00:43:38","guid":{"rendered":"https:\/\/deportodos.com.ar\/2023\/?p=3306"},"modified":"2025-04-04T00:43:41","modified_gmt":"2025-04-04T00:43:41","slug":"el-espectaculo-motor-mas-grande-del-litoral-disputa-su-segunda-fecha","status":"publish","type":"post","link":"https:\/\/deportodos.com.ar\/2023\/el-espectaculo-motor-mas-grande-del-litoral-disputa-su-segunda-fecha\/","title":{"rendered":"EL ESPECT\u00c1CULO MOTOR MAS GRANDE DEL LITORAL DISPUTA SU SEGUNDA FECHA"},"content":{"rendered":"\n<p>Desde este viernes el Aut\u00f3dromo de Concepci\u00f3n del Uruguay; con un gran despliegue recibe por segunda vez en el a\u00f1o a Competici\u00f3n Especial Entrerriana.<\/p>\n\n\n\n<p>Por el campeonato R\u00edo Uruguay Seguros 2025 integrar\u00e1n la grilla de espect\u00e1culos Clase 1, Clase 2, Clase 3 y F\u00f3rmula Entrerriana, de regreso a la actividad con nuevos animadores. Tambi\u00e9n se incorpora al espect\u00e1culo F\u00f3rmula 3 Entrerriana.<\/p>\n\n\n\n<p>Con cinco divisionales en pista y precios de boleter\u00eda sumamente econ\u00f3micos, las expectativas en cuanto a concurrencia prometen ser muy buenas recordando el inicio de temporada con gran afluencia de p\u00fablico que incluso eligi\u00f3 pernoctar en el aut\u00f3dromo.<\/p>\n\n\n\n<p>Entrada General: $5000, Jubilados $3000, menores $2000, veh\u00edculos livianos $3000<\/p>\n\n\n\n<p>En pista:<br>F\u00f3rmula Entrerriana: Agust\u00edn Ferreyra sale a defender \u00abel 1\u00bb, mientras que debutan Bautista Forclaz con chasis Crespi y Rom\u00e1n Kroh, con Berta.<\/p>\n\n\n\n<p>Clase 1: El campe\u00f3n Victorio Herbel y otros protagonistas buscar\u00e1n recuperar terreno en el torneo que lidera Nicol\u00e1s Galvarini. El uruguayense Ricardo Droqui es l\u00edder en Copa Seniors y se insin\u00faa para el certamen general.<br>El desafiante circuito 4 y la llegada de m\u00e1s protagonistas ser\u00e1n otros factores que sumar\u00e1n al espect\u00e1culo.<\/p>\n\n\n\n<p>Clase 2: Gast\u00f3n Dubois fu\u00e9 contundente en la primera y acapara por ahora los puntos mas altos del torneo. Habr\u00e1 que tener en cuenta la labor de los \u00faltimos integrantes del podio, Maximiliano Rougier y Ezequiel Sanchez en la primer carrera del historial de C2 en el trazado 4.<\/p>\n\n\n\n<p>Clase 3: La m\u00e1xima elev\u00f3 las pulsaciones en el anterior encuentro. Ahora, continuando en ascenso su parque de m\u00e1quinas; Es Luciano Martinez quien manda en el certamen y tendr\u00e1 el para nada f\u00e1cil trabajo de mantenerse, con nuevo trazado y la adaptaci\u00f3n&nbsp;del auto a los kilos por perfomance.<br>En Copa Seniors Mart\u00edn Benedetti; que gan\u00f3 su primer carrera marcha l\u00edder&nbsp;del certamen reducido.<\/p>\n\n\n\n<p>Habr\u00e1 radios en vivo y la cobertura de la TV que comenzar\u00e1 su transmisi\u00f3n&nbsp;a las 12:00 hs del d\u00eda domingo por canal de aire AET o en el canal de Youtube Competici\u00f3n Especial Entrerriana<\/p>\n\n\n\n<p>Andr\u00e9s Fleitas &#8211; Prensa Aut\u00f3dromo C.d.U<br>3442581760<\/p>\n","protected":false},"excerpt":{"rendered":"<p>Desde este viernes el Aut\u00f3dromo de Concepci\u00f3n del Uruguay; con un gran despliegue recibe por&#8230;<\/p>\n","protected":false},"author":2,"featured_media":3307,"comment_status":"open","ping_status":"open","sticky":false,"template":"","format":"standard","meta":{"footnotes":""},"categories":[6],"tags":[],"class_list":["post-3306","post","type-post","status-publish","format-standard","has-post-thumbnail","hentry","category-automovilismo"],"featured_image_urls":{"full":["https:\/\/deportodos.com.ar\/2023\/wp-content\/uploads\/2025\/04\/IMG-20250403-WA0096.jpg",1600,1066,false],"thumbnail":["https:\/\/deportodos.com.ar\/2023\/wp-content\/uploads\/2025\/04\/IMG-20250403-WA0096-150x150.jpg",150,150,true],"medium":["https:\/\/deportodos.com.ar\/2023\/wp-content\/uploads\/2025\/04\/IMG-20250403-WA0096-300x200.jpg",300,200,true],"medium_large":["https:\/\/deportodos.com.ar\/2023\/wp-content\/uploads\/2025\/04\/IMG-20250403-WA0096-768x512.jpg",640,427,true],"large":["https:\/\/deportodos.com.ar\/2023\/wp-content\/uploads\/2025\/04\/IMG-20250403-WA0096-1024x682.jpg",640,426,true],"1536x1536":["https:\/\/deportodos.com.ar\/2023\/wp-content\/uploads\/2025\/04\/IMG-20250403-WA0096-1536x1023.jpg",1536,1023,true],"2048x2048":["https:\/\/deportodos.com.ar\/2023\/wp-content\/uploads\/2025\/04\/IMG-20250403-WA0096.jpg",1600,1066,false],"covernews-featured":["https:\/\/deportodos.com.ar\/2023\/wp-content\/uploads\/2025\/04\/IMG-20250403-WA0096-1024x682.jpg",1024,682,true],"covernews-medium":["https:\/\/deportodos.com.ar\/2023\/wp-content\/uploads\/2025\/04\/IMG-20250403-WA0096-540x340.jpg",540,340,true]},"author_info":{"display_name":"c2530142","author_link":"https:\/\/deportodos.com.ar\/2023\/author\/c2530142\/"},"category_info":"<a href=\"https:\/\/deportodos.com.ar\/2023\/category\/automovilismo\/\" rel=\"category tag\">Automovilismo<\/a>","tag_info":"Automovilismo","comment_count":"0","_links":{"self":[{"href":"https:\/\/deportodos.com.ar\/2023\/wp-json\/wp\/v2\/posts\/3306","targetHints":{"allow":["GET"]}}],"collection":[{"href":"https:\/\/deportodos.com.ar\/2023\/wp-json\/wp\/v2\/posts"}],"about":[{"href":"https:\/\/deportodos.com.ar\/2023\/wp-json\/wp\/v2\/types\/post"}],"author":[{"embeddable":true,"href":"https:\/\/deportodos.com.ar\/2023\/wp-json\/wp\/v2\/users\/2"}],"replies":[{"embeddable":true,"href":"https:\/\/deportodos.com.ar\/2023\/wp-json\/wp\/v2\/comments?post=3306"}],"version-history":[{"count":1,"href":"https:\/\/deportodos.com.ar\/2023\/wp-json\/wp\/v2\/posts\/3306\/revisions"}],"predecessor-version":[{"id":3308,"href":"https:\/\/deportodos.com.ar\/2023\/wp-json\/wp\/v2\/posts\/3306\/revisions\/3308"}],"wp:featuredmedia":[{"embeddable":true,"href":"https:\/\/deportodos.com.ar\/2023\/wp-json\/wp\/v2\/media\/3307"}],"wp:attachment":[{"href":"https:\/\/deportodos.com.ar\/2023\/wp-json\/wp\/v2\/media?parent=3306"}],"wp:term":[{"taxonomy":"category","embeddable":true,"href":"https:\/\/deportodos.com.ar\/2023\/wp-json\/wp\/v2\/categories?post=3306"},{"taxonomy":"post_tag","embeddable":true,"href":"https:\/\/deportodos.com.ar\/2023\/wp-json\/wp\/v2\/tags?post=3306"}],"curies":[{"name":"wp","href":"https:\/\/api.w.org\/{rel}","templated":true}]}}