{"id":3316,"date":"2025-04-06T18:47:36","date_gmt":"2025-04-06T18:47:36","guid":{"rendered":"https:\/\/deportodos.com.ar\/2023\/?p=3316"},"modified":"2025-04-06T18:47:38","modified_gmt":"2025-04-06T18:47:38","slug":"jorge-barrio-logro-una-victoria-contundente-en-concordia-joel-gasmann-fue-tercero","status":"publish","type":"post","link":"https:\/\/deportodos.com.ar\/2023\/jorge-barrio-logro-una-victoria-contundente-en-concordia-joel-gasmann-fue-tercero\/","title":{"rendered":"JORGE BARRIO LOGR\u00d3 UNA VICTORIA CONTUNDENTE EN CONCORDIA, JOEL GASMANN FUE TERCERO"},"content":{"rendered":"\n<p><strong>Jorge Barrio<\/strong>\u00a0y el Chevrolet Cruze del Febase Performance ganaron de principio a fin la carrera de la\u00a0<strong>Clase 3 del TN APAT<\/strong>\u00a0en el aut\u00f3dromo de\u00a0<strong>Concordia<\/strong>, escenario de la tercera fecha de la temporada 2025.\u00a0<strong>Juli\u00e1n Santero y Joel Gassmann completaron el podio.<\/strong><\/p>\n\n\n\n<p>En el inicio,&nbsp;<strong>Barrio tom\u00f3 la punta sin problemas, seguido por Gassmann y Santero, que dio cuenta de Jos\u00e9 Manuel Urcera<\/strong>. M\u00e1s atr\u00e1s, Mat\u00edas Mu\u00f1oz Marchesi intent\u00f3 sobre el piloto del Larrauri Racing, pero no pudo, quien s\u00ed avanz\u00f3 fue Gast\u00f3n Iansa, que dobleg\u00f3 a Jonatan Castellano, Alfonso Domenech y Ricardo Risatti. En el fondo, Sebasti\u00e1n G\u00f3mez cort\u00f3 la chicana y debi\u00f3 devolver una posici\u00f3n.<\/p>\n\n\n\n<p><strong>Thiago Mart\u00ednez intentaba escalar y lo consegu\u00eda tras aventajar a Facundo Chapur, que luego se tuvo que defender de Domenech, pero no pudo<\/strong>. Por su parte, Iansa continuaba su remontada dando cuenta de Lucas Vicino y Braian Quevedo ten\u00eda que desertar despu\u00e9s de quedar parado a un costado de la pista.<\/p>\n\n\n\n<p>Adelante, los tres punteros estaban escapados y&nbsp;<strong>en el segundo pelot\u00f3n, Mu\u00f1oz Marchesi viajaba cuarto y Jer\u00f3nimo Teti ejecutaba una prolija maniobra para relegar a Urcera y este tambi\u00e9n era superado por Iansa<\/strong>. Sin embargo, el cr\u00e9dito del GC Competici\u00f3n deb\u00eda desertar, al igual que lo hizo su compa\u00f1ero Diego Ciantini.<\/p>\n\n\n\n<p>La pelea entre Teti y Mu\u00f1oz Marchesi era sin cuartel, hasta que el piloto de Lober\u00eda pudo vencer la resistencia del chaque\u00f1o.&nbsp;<strong>En tanto, Mart\u00ednez aguantaba los embates de Castellano y Domenech, mientras que Santero ejecut\u00f3 una precisa maniobra para saltar al segundo lugar tras dejar atr\u00e1s a Gassmann.<\/strong>&nbsp;En tanto, Mat\u00edas Cohen qued\u00f3 parado en el inicio de la recta principal y Leandro Carducci termin\u00f3 en la leca tras un toque con Manuel Mallo.<\/p>\n\n\n\n<p>En el cierre de la competencia,<strong>&nbsp;Santero intent\u00f3 recortarle a Barrio, pero el hombre del Febase Performance se emple\u00f3 a fondo para sentenciar a su favor la prueba.<\/strong>&nbsp;Gassmann arrib\u00f3 en el \u00faltimo escal\u00f3n del podio y Mart\u00ednez escal\u00f3 al cuarto lugar despu\u00e9s de doblegar en gran manera a Urcera y capitalizar los inconvenientes de Teti.<\/p>\n\n\n\n<p>Mu\u00f1oz Marchesi concluy\u00f3 sexto, Castellano s\u00e9ptimo, Domenech octavo, Santiago Mallo noveno y Fabi\u00e1n Yannantuoni d\u00e9cimo.<\/p>\n\n\n\n<p>La cuarta fecha del TN APAT ser\u00e1 el pr\u00f3ximo 27 de abril en el aut\u00f3dromo de Villicum.<\/p>\n\n\n\n<h3 class=\"wp-block-heading\"><strong>Final Clase 3 TN APAT Concordia<\/strong><\/h3>\n\n\n\n<p>1ro Jorge Barrio 33:58.471<\/p>\n\n\n\n<p>2do Juli\u00e1n Santero +1s581<\/p>\n\n\n\n<p>3ro Joel Gassmann +7s406<\/p>\n\n\n\n<p>4to Thiago Mart\u00ednez +9s246<\/p>\n\n\n\n<p>5to Jos\u00e9 Manuel Urcera +12s337<\/p>\n\n\n\n<p>6to Mat\u00edas Mu\u00f1oz Marchesi +15s747<\/p>\n\n\n\n<p>7mo Jonatan Castellano +16s473<\/p>\n\n\n\n<p>8vo Alfonso Domenech +16s967<\/p>\n\n\n\n<p>9no Santiago Mallo +17s571<\/p>\n\n\n\n<p>10mo Fabi\u00e1n Yannantuoni +19s215<\/p>\n\n\n\n<blockquote class=\"wp-block-quote is-layout-flow wp-block-quote-is-layout-flow\">\n<p>www.carburando.com<\/p>\n<\/blockquote>\n","protected":false},"excerpt":{"rendered":"<p>Jorge Barrio\u00a0y el Chevrolet Cruze del Febase Performance ganaron de principio a fin la carrera&#8230;<\/p>\n","protected":false},"author":2,"featured_media":3317,"comment_status":"open","ping_status":"open","sticky":false,"template":"","format":"standard","meta":{"footnotes":""},"categories":[6],"tags":[],"class_list":["post-3316","post","type-post","status-publish","format-standard","has-post-thumbnail","hentry","category-automovilismo"],"featured_image_urls":{"full":["https:\/\/deportodos.com.ar\/2023\/wp-content\/uploads\/2025\/04\/67f2b6bf89f51481762398.jpg",2000,985,false],"thumbnail":["https:\/\/deportodos.com.ar\/2023\/wp-content\/uploads\/2025\/04\/67f2b6bf89f51481762398-150x150.jpg",150,150,true],"medium":["https:\/\/deportodos.com.ar\/2023\/wp-content\/uploads\/2025\/04\/67f2b6bf89f51481762398-300x148.jpg",300,148,true],"medium_large":["https:\/\/deportodos.com.ar\/2023\/wp-content\/uploads\/2025\/04\/67f2b6bf89f51481762398-768x378.jpg",640,315,true],"large":["https:\/\/deportodos.com.ar\/2023\/wp-content\/uploads\/2025\/04\/67f2b6bf89f51481762398-1024x504.jpg",640,315,true],"1536x1536":["https:\/\/deportodos.com.ar\/2023\/wp-content\/uploads\/2025\/04\/67f2b6bf89f51481762398-1536x756.jpg",1536,756,true],"2048x2048":["https:\/\/deportodos.com.ar\/2023\/wp-content\/uploads\/2025\/04\/67f2b6bf89f51481762398.jpg",2000,985,false],"covernews-featured":["https:\/\/deportodos.com.ar\/2023\/wp-content\/uploads\/2025\/04\/67f2b6bf89f51481762398-1024x504.jpg",1024,504,true],"covernews-medium":["https:\/\/deportodos.com.ar\/2023\/wp-content\/uploads\/2025\/04\/67f2b6bf89f51481762398-540x340.jpg",540,340,true]},"author_info":{"display_name":"c2530142","author_link":"https:\/\/deportodos.com.ar\/2023\/author\/c2530142\/"},"category_info":"<a href=\"https:\/\/deportodos.com.ar\/2023\/category\/automovilismo\/\" rel=\"category tag\">Automovilismo<\/a>","tag_info":"Automovilismo","comment_count":"0","_links":{"self":[{"href":"https:\/\/deportodos.com.ar\/2023\/wp-json\/wp\/v2\/posts\/3316","targetHints":{"allow":["GET"]}}],"collection":[{"href":"https:\/\/deportodos.com.ar\/2023\/wp-json\/wp\/v2\/posts"}],"about":[{"href":"https:\/\/deportodos.com.ar\/2023\/wp-json\/wp\/v2\/types\/post"}],"author":[{"embeddable":true,"href":"https:\/\/deportodos.com.ar\/2023\/wp-json\/wp\/v2\/users\/2"}],"replies":[{"embeddable":true,"href":"https:\/\/deportodos.com.ar\/2023\/wp-json\/wp\/v2\/comments?post=3316"}],"version-history":[{"count":1,"href":"https:\/\/deportodos.com.ar\/2023\/wp-json\/wp\/v2\/posts\/3316\/revisions"}],"predecessor-version":[{"id":3318,"href":"https:\/\/deportodos.com.ar\/2023\/wp-json\/wp\/v2\/posts\/3316\/revisions\/3318"}],"wp:featuredmedia":[{"embeddable":true,"href":"https:\/\/deportodos.com.ar\/2023\/wp-json\/wp\/v2\/media\/3317"}],"wp:attachment":[{"href":"https:\/\/deportodos.com.ar\/2023\/wp-json\/wp\/v2\/media?parent=3316"}],"wp:term":[{"taxonomy":"category","embeddable":true,"href":"https:\/\/deportodos.com.ar\/2023\/wp-json\/wp\/v2\/categories?post=3316"},{"taxonomy":"post_tag","embeddable":true,"href":"https:\/\/deportodos.com.ar\/2023\/wp-json\/wp\/v2\/tags?post=3316"}],"curies":[{"name":"wp","href":"https:\/\/api.w.org\/{rel}","templated":true}]}}