{"id":3325,"date":"2025-04-08T13:34:30","date_gmt":"2025-04-08T13:34:30","guid":{"rendered":"https:\/\/deportodos.com.ar\/2023\/?p=3325"},"modified":"2025-04-08T13:34:31","modified_gmt":"2025-04-08T13:34:31","slug":"central-entrerriano-supero-a-urquiza-de-santa-elena-y-quedo-como-unico-puntero-en-la-conferencia-litorial","status":"publish","type":"post","link":"https:\/\/deportodos.com.ar\/2023\/central-entrerriano-supero-a-urquiza-de-santa-elena-y-quedo-como-unico-puntero-en-la-conferencia-litorial\/","title":{"rendered":"CENTRAL ENTRERRIANO SUPER\u00d3 A URQUIZA DE SANTA ELENA Y QUED\u00d3 COMO \u00daNICO PUNTERO EN LA CONFERENCIA LITORIAL"},"content":{"rendered":"\n<p>El conjunto rojinegro logr\u00f3 un triunfo aplastante en la localidad de Santa Elena y, con la derrota de Ferro de San Salvador en Rosario del Tala, se posicion\u00f3 como l\u00edder exclusivo de la fase regular en la zona que re\u00fane a los equipos entrerrianos.<\/p>\n\n\n\n<p>Central Entrerriano venci\u00f3 como visitante en el noroeste de la provincia a Urquiza de Santa Elena por 89 a 66 y sum\u00f3 su s\u00e9ptima victoria en nueve presentaciones en la temporada de la Liga Federal de B\u00e1squet.<\/p>\n\n\n\n<p>Central Entrerriano se vio favorecido por la derrota de Ferro de San Salvador en su visita a Atl\u00e9tico Tala por 76-60, para quedar con 15 unidades (6-3), en el segundo lugar.<\/p>\n\n\n\n<p>La novena fecha de la Conferencia Litoral se completar\u00e1 este domingo con el choque que protagonizar\u00e1n Sportivo San Salvador y Ciclista de Paran\u00e1 en la ciudad arrocera.<\/p>\n","protected":false},"excerpt":{"rendered":"<p>El conjunto rojinegro logr\u00f3 un triunfo aplastante en la localidad de Santa Elena y, con&#8230;<\/p>\n","protected":false},"author":2,"featured_media":3326,"comment_status":"open","ping_status":"open","sticky":false,"template":"","format":"standard","meta":{"footnotes":""},"categories":[9],"tags":[],"class_list":["post-3325","post","type-post","status-publish","format-standard","has-post-thumbnail","hentry","category-basquet"],"featured_image_urls":{"full":["https:\/\/deportodos.com.ar\/2023\/wp-content\/uploads\/2025\/04\/liga_federal_de_basquet_1.jpeg",1024,768,false],"thumbnail":["https:\/\/deportodos.com.ar\/2023\/wp-content\/uploads\/2025\/04\/liga_federal_de_basquet_1-150x150.jpeg",150,150,true],"medium":["https:\/\/deportodos.com.ar\/2023\/wp-content\/uploads\/2025\/04\/liga_federal_de_basquet_1-300x225.jpeg",300,225,true],"medium_large":["https:\/\/deportodos.com.ar\/2023\/wp-content\/uploads\/2025\/04\/liga_federal_de_basquet_1-768x576.jpeg",640,480,true],"large":["https:\/\/deportodos.com.ar\/2023\/wp-content\/uploads\/2025\/04\/liga_federal_de_basquet_1.jpeg",640,480,false],"1536x1536":["https:\/\/deportodos.com.ar\/2023\/wp-content\/uploads\/2025\/04\/liga_federal_de_basquet_1.jpeg",1024,768,false],"2048x2048":["https:\/\/deportodos.com.ar\/2023\/wp-content\/uploads\/2025\/04\/liga_federal_de_basquet_1.jpeg",1024,768,false],"covernews-featured":["https:\/\/deportodos.com.ar\/2023\/wp-content\/uploads\/2025\/04\/liga_federal_de_basquet_1.jpeg",1024,768,false],"covernews-medium":["https:\/\/deportodos.com.ar\/2023\/wp-content\/uploads\/2025\/04\/liga_federal_de_basquet_1-540x340.jpeg",540,340,true]},"author_info":{"display_name":"c2530142","author_link":"https:\/\/deportodos.com.ar\/2023\/author\/c2530142\/"},"category_info":"<a href=\"https:\/\/deportodos.com.ar\/2023\/category\/basquet\/\" rel=\"category tag\">Basquet<\/a>","tag_info":"Basquet","comment_count":"0","_links":{"self":[{"href":"https:\/\/deportodos.com.ar\/2023\/wp-json\/wp\/v2\/posts\/3325","targetHints":{"allow":["GET"]}}],"collection":[{"href":"https:\/\/deportodos.com.ar\/2023\/wp-json\/wp\/v2\/posts"}],"about":[{"href":"https:\/\/deportodos.com.ar\/2023\/wp-json\/wp\/v2\/types\/post"}],"author":[{"embeddable":true,"href":"https:\/\/deportodos.com.ar\/2023\/wp-json\/wp\/v2\/users\/2"}],"replies":[{"embeddable":true,"href":"https:\/\/deportodos.com.ar\/2023\/wp-json\/wp\/v2\/comments?post=3325"}],"version-history":[{"count":1,"href":"https:\/\/deportodos.com.ar\/2023\/wp-json\/wp\/v2\/posts\/3325\/revisions"}],"predecessor-version":[{"id":3327,"href":"https:\/\/deportodos.com.ar\/2023\/wp-json\/wp\/v2\/posts\/3325\/revisions\/3327"}],"wp:featuredmedia":[{"embeddable":true,"href":"https:\/\/deportodos.com.ar\/2023\/wp-json\/wp\/v2\/media\/3326"}],"wp:attachment":[{"href":"https:\/\/deportodos.com.ar\/2023\/wp-json\/wp\/v2\/media?parent=3325"}],"wp:term":[{"taxonomy":"category","embeddable":true,"href":"https:\/\/deportodos.com.ar\/2023\/wp-json\/wp\/v2\/categories?post=3325"},{"taxonomy":"post_tag","embeddable":true,"href":"https:\/\/deportodos.com.ar\/2023\/wp-json\/wp\/v2\/tags?post=3325"}],"curies":[{"name":"wp","href":"https:\/\/api.w.org\/{rel}","templated":true}]}}