{"id":3332,"date":"2025-04-09T11:39:53","date_gmt":"2025-04-09T11:39:53","guid":{"rendered":"https:\/\/deportodos.com.ar\/2023\/?p=3332"},"modified":"2025-04-09T11:39:54","modified_gmt":"2025-04-09T11:39:54","slug":"con-81-anotados-larga-el-rally-argentina-por-el-torneo-sudamericano-y-argentino","status":"publish","type":"post","link":"https:\/\/deportodos.com.ar\/2023\/con-81-anotados-larga-el-rally-argentina-por-el-torneo-sudamericano-y-argentino\/","title":{"rendered":"CON 81 ANOTADOS LARGA EL RALLY ARGENTINA POR EL TORNEO SUDAMERICANO Y ARGENTINO"},"content":{"rendered":"\n<p>El&nbsp;<em>Rally Argentina<\/em>&nbsp;v\u00e1lido por el&nbsp;<strong>Campeonato Sudamericano FIA CODASUR<\/strong>&nbsp;y el local&nbsp;<strong>Rally Argentino<\/strong>&nbsp;se disputa en Jes\u00fas Mar\u00eda, C\u00f3rdoba,&nbsp;<strong>del 11 al 13 de abril<\/strong>.&nbsp;Ente los&nbsp;<strong>81 binomios inscripto<\/strong>s, se destacan&nbsp;<strong>26 autos en la clase RC2<\/strong>.<\/p>\n\n\n\n<h3 class=\"wp-block-heading\">Duelo de campeones:<\/h3>\n\n\n\n<p>Entre otros, estar\u00e1 el campe\u00f3n sudamericano y \u00faltimo ganador de la carrera, el paraguayo<strong>&nbsp;Fau Zaldivar<\/strong>&nbsp;junto al argentino Marcelo Der Ohannesian con el Hyundai I20 Rally2. Tambi\u00e9n el campeonato de Rally Argentino estar\u00e1 bien representado con el monarca&nbsp;<strong>Nico D\u00edaz<\/strong>&nbsp;junto a Gonzalo D\u00edaz sobre un Skoda Fabia R5 Rally2. Por otro lado, el campe\u00f3n paraguayo&nbsp;<strong>Agust\u00edn Alonso<\/strong>&nbsp;de la mano del argentino Edgardo Galindo estar\u00e1n sobre un Skoda Fabia RS Rally2; as\u00ed como el campe\u00f3n boliviano&nbsp;<strong>Mariano Aguilera<\/strong>&nbsp;y el argentino Jos\u00e9 Diaz manejar\u00e1n un Volkswagen Polo GTI Rally2. Por \u00faltimo, tambi\u00e9n correr\u00e1 el campe\u00f3n del Rally Cordob\u00e9s,&nbsp;<strong>Santiago Baldo<\/strong>&nbsp;con Zacar\u00edas Garc\u00eda, con su Hyundai I20 Rally2.<\/p>\n\n\n\n<p>La acci\u00f3n comenzar\u00e1 el viernes con el Shakedown y seguir\u00e1 durante el fin de semana para alcanzar 589,09 kil\u00f3metros, de los cuales 173,82 km ser\u00e1n cronometrados y repartidos en 12 pruebas especiales.<\/p>\n\n\n\n<blockquote class=\"wp-block-quote is-layout-flow wp-block-quote-is-layout-flow\">\n<p>www.campeones.com.ar<\/p>\n<\/blockquote>\n","protected":false},"excerpt":{"rendered":"<p>El&nbsp;Rally Argentina&nbsp;v\u00e1lido por el&nbsp;Campeonato Sudamericano FIA CODASUR&nbsp;y el local&nbsp;Rally Argentino&nbsp;se disputa en Jes\u00fas Mar\u00eda, C\u00f3rdoba,&nbsp;del&#8230;<\/p>\n","protected":false},"author":2,"featured_media":3333,"comment_status":"open","ping_status":"open","sticky":false,"template":"","format":"standard","meta":{"footnotes":""},"categories":[6],"tags":[],"class_list":["post-3332","post","type-post","status-publish","format-standard","has-post-thumbnail","hentry","category-automovilismo"],"featured_image_urls":{"full":["https:\/\/deportodos.com.ar\/2023\/wp-content\/uploads\/2025\/04\/Rally-Argentina-archivo.jpeg",976,683,false],"thumbnail":["https:\/\/deportodos.com.ar\/2023\/wp-content\/uploads\/2025\/04\/Rally-Argentina-archivo-150x150.jpeg",150,150,true],"medium":["https:\/\/deportodos.com.ar\/2023\/wp-content\/uploads\/2025\/04\/Rally-Argentina-archivo-300x210.jpeg",300,210,true],"medium_large":["https:\/\/deportodos.com.ar\/2023\/wp-content\/uploads\/2025\/04\/Rally-Argentina-archivo-768x537.jpeg",640,448,true],"large":["https:\/\/deportodos.com.ar\/2023\/wp-content\/uploads\/2025\/04\/Rally-Argentina-archivo.jpeg",640,448,false],"1536x1536":["https:\/\/deportodos.com.ar\/2023\/wp-content\/uploads\/2025\/04\/Rally-Argentina-archivo.jpeg",976,683,false],"2048x2048":["https:\/\/deportodos.com.ar\/2023\/wp-content\/uploads\/2025\/04\/Rally-Argentina-archivo.jpeg",976,683,false],"covernews-featured":["https:\/\/deportodos.com.ar\/2023\/wp-content\/uploads\/2025\/04\/Rally-Argentina-archivo.jpeg",976,683,false],"covernews-medium":["https:\/\/deportodos.com.ar\/2023\/wp-content\/uploads\/2025\/04\/Rally-Argentina-archivo-540x340.jpeg",540,340,true]},"author_info":{"display_name":"c2530142","author_link":"https:\/\/deportodos.com.ar\/2023\/author\/c2530142\/"},"category_info":"<a href=\"https:\/\/deportodos.com.ar\/2023\/category\/automovilismo\/\" rel=\"category tag\">Automovilismo<\/a>","tag_info":"Automovilismo","comment_count":"0","_links":{"self":[{"href":"https:\/\/deportodos.com.ar\/2023\/wp-json\/wp\/v2\/posts\/3332","targetHints":{"allow":["GET"]}}],"collection":[{"href":"https:\/\/deportodos.com.ar\/2023\/wp-json\/wp\/v2\/posts"}],"about":[{"href":"https:\/\/deportodos.com.ar\/2023\/wp-json\/wp\/v2\/types\/post"}],"author":[{"embeddable":true,"href":"https:\/\/deportodos.com.ar\/2023\/wp-json\/wp\/v2\/users\/2"}],"replies":[{"embeddable":true,"href":"https:\/\/deportodos.com.ar\/2023\/wp-json\/wp\/v2\/comments?post=3332"}],"version-history":[{"count":1,"href":"https:\/\/deportodos.com.ar\/2023\/wp-json\/wp\/v2\/posts\/3332\/revisions"}],"predecessor-version":[{"id":3334,"href":"https:\/\/deportodos.com.ar\/2023\/wp-json\/wp\/v2\/posts\/3332\/revisions\/3334"}],"wp:featuredmedia":[{"embeddable":true,"href":"https:\/\/deportodos.com.ar\/2023\/wp-json\/wp\/v2\/media\/3333"}],"wp:attachment":[{"href":"https:\/\/deportodos.com.ar\/2023\/wp-json\/wp\/v2\/media?parent=3332"}],"wp:term":[{"taxonomy":"category","embeddable":true,"href":"https:\/\/deportodos.com.ar\/2023\/wp-json\/wp\/v2\/categories?post=3332"},{"taxonomy":"post_tag","embeddable":true,"href":"https:\/\/deportodos.com.ar\/2023\/wp-json\/wp\/v2\/tags?post=3332"}],"curies":[{"name":"wp","href":"https:\/\/api.w.org\/{rel}","templated":true}]}}