{"id":3342,"date":"2025-04-09T13:28:59","date_gmt":"2025-04-09T13:28:59","guid":{"rendered":"https:\/\/deportodos.com.ar\/2023\/?p=3342"},"modified":"2025-04-09T13:38:44","modified_gmt":"2025-04-09T13:38:44","slug":"triatlon-la-coronacion-se-realizara-en-la-avenida-de-la-isla-del-puerto","status":"publish","type":"post","link":"https:\/\/deportodos.com.ar\/2023\/triatlon-la-coronacion-se-realizara-en-la-avenida-de-la-isla-del-puerto\/","title":{"rendered":"TRIATL\u00d3N: LA CORONACI\u00d3N SE REALIZAR\u00c1 EN LA AVENIDA DE LA ISLA DEL PUERTO"},"content":{"rendered":"\n<p><em><strong>El 12 de abril se disputar\u00e1 el Gran Premio Coronaci\u00f3n del triatl\u00f3n que organiza y fiscaliza la Asociaci\u00f3n Entrerriana de este deporte.<\/strong><\/em><\/p>\n\n\n\n<p>La Isla del Puerto ser\u00e1 el escenario donde el triatl\u00f3n entrerriano cerrar\u00e1 su temporada con la s\u00e9ptima fecha que organizar\u00e1 y fiscalizar\u00e1 la Asociaci\u00f3n Entrerriana de Triatl\u00f3n (AET).<\/p>\n\n\n\n<h4 class=\"wp-block-heading\"><strong>La organizaci\u00f3n<\/strong><\/h4>\n\n\n\n<p>La Organizaci\u00f3n estar\u00e1 a cargo de la Asociaci\u00f3n Entrerriana de Triatl\u00f3n (AET) con el auspicio y colaboraci\u00f3n de la Municipalidad y Secretar\u00eda de Deportes y Turismo de Concepci\u00f3n del Uruguay, Club Regatas Uruguay, Escuela Municipal de Canotaje, Guardavidas de Isla del Puerto.<br>La coordinaci\u00f3n est\u00e1 a cargo de&nbsp;Pablo Far\u00edas. Fiscalizan: oficiales t\u00e9cnicos provinciales y nacionales de la AET (Asociaci\u00f3n Entrerriana de Triatl\u00f3n).<\/p>\n\n\n\n<h4 class=\"wp-block-heading\"><strong>Modalidad Sprint<\/strong><\/h4>\n\n\n\n<p>Esta fecha, a correrse el 12 de abril desde las 14:30, se disputar\u00e1 en la modalidad sprint, es decir que constar\u00e1 de 750 metros de nataci\u00f3n, 20 kil\u00f3metros de ciclismo y 5 kil\u00f3metros de pedetrismo y se puede correr en forma individual o por equipos (suma de edades).<\/p>\n\n\n\n<p>Por detalles e informaci\u00f3n pueden dirigirse al n\u00famero de tel\u00e9fono: 343 4597206 (Pablo Far\u00edas, la voz del triatl\u00f3n). Tambi\u00e9n por e-mails a pabloprensa1970@gmail.com<\/p>\n\n\n\n<p>Las categor\u00edas habilitadas son: Age Groups, Crono, MTB, SPRINT, Juveniles Juniors A y B, Super Sprint y Menores\/Infantiles.<\/p>\n\n\n\n<h4 class=\"wp-block-heading\"><strong>La entrega de premios<\/strong><\/h4>\n\n\n\n<p>Tras la prueba, desde las 20:30, habr\u00e1 un \u00e1gape y entrega de premios en \u00abEl Espinillo\u00bb, en la zona del Puerto Nuevo uruguayense mientras que la prueba tendr\u00e1 como epicentro el Parador 2 de la Isla del Puerto.<\/p>\n\n\n\n<blockquote class=\"wp-block-quote is-layout-flow wp-block-quote-is-layout-flow\">\n<blockquote class=\"wp-block-quote is-layout-flow wp-block-quote-is-layout-flow\">\n<p><\/p>\n<\/blockquote>\n<\/blockquote>\n","protected":false},"excerpt":{"rendered":"<p>El 12 de abril se disputar\u00e1 el Gran Premio Coronaci\u00f3n del triatl\u00f3n que organiza y&#8230;<\/p>\n","protected":false},"author":2,"featured_media":3344,"comment_status":"open","ping_status":"open","sticky":false,"template":"","format":"standard","meta":{"footnotes":""},"categories":[33],"tags":[],"class_list":["post-3342","post","type-post","status-publish","format-standard","has-post-thumbnail","hentry","category-triatlon"],"featured_image_urls":{"full":["https:\/\/deportodos.com.ar\/2023\/wp-content\/uploads\/2025\/04\/triatlon-desafio-carrizal6.jpg",660,260,false],"thumbnail":["https:\/\/deportodos.com.ar\/2023\/wp-content\/uploads\/2025\/04\/triatlon-desafio-carrizal6-150x150.jpg",150,150,true],"medium":["https:\/\/deportodos.com.ar\/2023\/wp-content\/uploads\/2025\/04\/triatlon-desafio-carrizal6-300x118.jpg",300,118,true],"medium_large":["https:\/\/deportodos.com.ar\/2023\/wp-content\/uploads\/2025\/04\/triatlon-desafio-carrizal6.jpg",640,252,false],"large":["https:\/\/deportodos.com.ar\/2023\/wp-content\/uploads\/2025\/04\/triatlon-desafio-carrizal6.jpg",640,252,false],"1536x1536":["https:\/\/deportodos.com.ar\/2023\/wp-content\/uploads\/2025\/04\/triatlon-desafio-carrizal6.jpg",660,260,false],"2048x2048":["https:\/\/deportodos.com.ar\/2023\/wp-content\/uploads\/2025\/04\/triatlon-desafio-carrizal6.jpg",660,260,false],"covernews-featured":["https:\/\/deportodos.com.ar\/2023\/wp-content\/uploads\/2025\/04\/triatlon-desafio-carrizal6.jpg",660,260,false],"covernews-medium":["https:\/\/deportodos.com.ar\/2023\/wp-content\/uploads\/2025\/04\/triatlon-desafio-carrizal6-540x260.jpg",540,260,true]},"author_info":{"display_name":"c2530142","author_link":"https:\/\/deportodos.com.ar\/2023\/author\/c2530142\/"},"category_info":"<a href=\"https:\/\/deportodos.com.ar\/2023\/category\/triatlon\/\" rel=\"category tag\">Triatlon<\/a>","tag_info":"Triatlon","comment_count":"0","_links":{"self":[{"href":"https:\/\/deportodos.com.ar\/2023\/wp-json\/wp\/v2\/posts\/3342","targetHints":{"allow":["GET"]}}],"collection":[{"href":"https:\/\/deportodos.com.ar\/2023\/wp-json\/wp\/v2\/posts"}],"about":[{"href":"https:\/\/deportodos.com.ar\/2023\/wp-json\/wp\/v2\/types\/post"}],"author":[{"embeddable":true,"href":"https:\/\/deportodos.com.ar\/2023\/wp-json\/wp\/v2\/users\/2"}],"replies":[{"embeddable":true,"href":"https:\/\/deportodos.com.ar\/2023\/wp-json\/wp\/v2\/comments?post=3342"}],"version-history":[{"count":2,"href":"https:\/\/deportodos.com.ar\/2023\/wp-json\/wp\/v2\/posts\/3342\/revisions"}],"predecessor-version":[{"id":3345,"href":"https:\/\/deportodos.com.ar\/2023\/wp-json\/wp\/v2\/posts\/3342\/revisions\/3345"}],"wp:featuredmedia":[{"embeddable":true,"href":"https:\/\/deportodos.com.ar\/2023\/wp-json\/wp\/v2\/media\/3344"}],"wp:attachment":[{"href":"https:\/\/deportodos.com.ar\/2023\/wp-json\/wp\/v2\/media?parent=3342"}],"wp:term":[{"taxonomy":"category","embeddable":true,"href":"https:\/\/deportodos.com.ar\/2023\/wp-json\/wp\/v2\/categories?post=3342"},{"taxonomy":"post_tag","embeddable":true,"href":"https:\/\/deportodos.com.ar\/2023\/wp-json\/wp\/v2\/tags?post=3342"}],"curies":[{"name":"wp","href":"https:\/\/api.w.org\/{rel}","templated":true}]}}