{"id":3347,"date":"2025-04-09T23:24:04","date_gmt":"2025-04-09T23:24:04","guid":{"rendered":"https:\/\/deportodos.com.ar\/2023\/?p=3347"},"modified":"2025-04-09T23:24:06","modified_gmt":"2025-04-09T23:24:06","slug":"este-domingo-se-larga-la-temporada-de-mountain-bike-en-puerto-yerua","status":"publish","type":"post","link":"https:\/\/deportodos.com.ar\/2023\/este-domingo-se-larga-la-temporada-de-mountain-bike-en-puerto-yerua\/","title":{"rendered":"ESTE DOMINGO SE LARGA LA TEMPORADA DE MOUNTAIN BIKE EN PUERTO YERU\u00c1"},"content":{"rendered":"\n<p>Este domingo 13 de abril se pondr\u00e1 en marcha la temporada del mountain bike que organiza la Asociaci\u00f3n Concordiense Amigos del MTB y que tendr\u00e1 como lugar de apertura la localidad de Puerto Yeru\u00e1, donde la prueba se pondr\u00e1 en marcha desde las 10 de la ma\u00f1ana.<\/p>\n\n\n\n<p>Para esta oportunidad el circuito, que tendr\u00e1 una modificaci\u00f3n en sus anteriores versiones, tendr\u00e1 una distancia superior a los 9 kil\u00f3metros. Se dispuso que las categor\u00edas Elite, Sub 23, Master A1 y A2, Master B1 y B2, Master C1 y C2 lo recorrer\u00e1n en 4 vueltas. Master D, Juveniles y Promocionales emplear\u00e1n 3 vueltas. Principiantes, Damas (todas las categor\u00edas), Master E girar\u00e1n 2 vueltas; mientras que Menores realizar\u00e1n una vuelta.<\/p>\n\n\n\n<p>Por estos d\u00edas se siguen tomando inscripciones y las mismas se pueden hacer a trav\u00e9s de: www.encarrera.com.ar\/mtb. El viernes de 18 a 20 horas se realizar\u00e1 la entrega del kit de carrera en LR Bike de calle Alvear 1231. En tanto que los kits para los participantes que llegar\u00e1n desde otros puntos est\u00e1 previsto que se realice el mismo domingo de 8.30 a 9.30 horas.<\/p>\n\n\n\n<p>Desde la organizaci\u00f3n trabajaron en relaci\u00f3n al circuito a utilizar, en la diagramaci\u00f3n del mismo, con sectores de senderos, en fin, ser\u00e1 un trazado diferente a los a\u00f1os anteriores. Cabe destacar que el epicentro de la prueba ser\u00e1 en la zona de la rambla de Puerto Yeru\u00e1.<\/p>\n\n\n\n<p>C\u00f3mo seguir\u00e1 el Torneo 2025<br>La segunda fecha ser\u00e1 el domingo 7 de junio, la tercera el domingo 24 de agosto y la definici\u00f3n ser\u00e1 el s\u00e1bado 11 de octubre.<\/p>\n","protected":false},"excerpt":{"rendered":"<p>Este domingo 13 de abril se pondr\u00e1 en marcha la temporada del mountain bike que&#8230;<\/p>\n","protected":false},"author":2,"featured_media":3348,"comment_status":"open","ping_status":"open","sticky":false,"template":"","format":"standard","meta":{"footnotes":""},"categories":[37],"tags":[],"class_list":["post-3347","post","type-post","status-publish","format-standard","has-post-thumbnail","hentry","category-mountain-bike"],"featured_image_urls":{"full":["https:\/\/deportodos.com.ar\/2023\/wp-content\/uploads\/2025\/04\/FB_IMG_1744240962824.jpg",1080,1080,false],"thumbnail":["https:\/\/deportodos.com.ar\/2023\/wp-content\/uploads\/2025\/04\/FB_IMG_1744240962824-150x150.jpg",150,150,true],"medium":["https:\/\/deportodos.com.ar\/2023\/wp-content\/uploads\/2025\/04\/FB_IMG_1744240962824-300x300.jpg",300,300,true],"medium_large":["https:\/\/deportodos.com.ar\/2023\/wp-content\/uploads\/2025\/04\/FB_IMG_1744240962824-768x768.jpg",640,640,true],"large":["https:\/\/deportodos.com.ar\/2023\/wp-content\/uploads\/2025\/04\/FB_IMG_1744240962824-1024x1024.jpg",640,640,true],"1536x1536":["https:\/\/deportodos.com.ar\/2023\/wp-content\/uploads\/2025\/04\/FB_IMG_1744240962824.jpg",1080,1080,false],"2048x2048":["https:\/\/deportodos.com.ar\/2023\/wp-content\/uploads\/2025\/04\/FB_IMG_1744240962824.jpg",1080,1080,false],"covernews-featured":["https:\/\/deportodos.com.ar\/2023\/wp-content\/uploads\/2025\/04\/FB_IMG_1744240962824-1024x1024.jpg",1024,1024,true],"covernews-medium":["https:\/\/deportodos.com.ar\/2023\/wp-content\/uploads\/2025\/04\/FB_IMG_1744240962824-540x340.jpg",540,340,true]},"author_info":{"display_name":"c2530142","author_link":"https:\/\/deportodos.com.ar\/2023\/author\/c2530142\/"},"category_info":"<a href=\"https:\/\/deportodos.com.ar\/2023\/category\/mountain-bike\/\" rel=\"category tag\">Mountain Bike<\/a>","tag_info":"Mountain Bike","comment_count":"0","_links":{"self":[{"href":"https:\/\/deportodos.com.ar\/2023\/wp-json\/wp\/v2\/posts\/3347","targetHints":{"allow":["GET"]}}],"collection":[{"href":"https:\/\/deportodos.com.ar\/2023\/wp-json\/wp\/v2\/posts"}],"about":[{"href":"https:\/\/deportodos.com.ar\/2023\/wp-json\/wp\/v2\/types\/post"}],"author":[{"embeddable":true,"href":"https:\/\/deportodos.com.ar\/2023\/wp-json\/wp\/v2\/users\/2"}],"replies":[{"embeddable":true,"href":"https:\/\/deportodos.com.ar\/2023\/wp-json\/wp\/v2\/comments?post=3347"}],"version-history":[{"count":1,"href":"https:\/\/deportodos.com.ar\/2023\/wp-json\/wp\/v2\/posts\/3347\/revisions"}],"predecessor-version":[{"id":3349,"href":"https:\/\/deportodos.com.ar\/2023\/wp-json\/wp\/v2\/posts\/3347\/revisions\/3349"}],"wp:featuredmedia":[{"embeddable":true,"href":"https:\/\/deportodos.com.ar\/2023\/wp-json\/wp\/v2\/media\/3348"}],"wp:attachment":[{"href":"https:\/\/deportodos.com.ar\/2023\/wp-json\/wp\/v2\/media?parent=3347"}],"wp:term":[{"taxonomy":"category","embeddable":true,"href":"https:\/\/deportodos.com.ar\/2023\/wp-json\/wp\/v2\/categories?post=3347"},{"taxonomy":"post_tag","embeddable":true,"href":"https:\/\/deportodos.com.ar\/2023\/wp-json\/wp\/v2\/tags?post=3347"}],"curies":[{"name":"wp","href":"https:\/\/api.w.org\/{rel}","templated":true}]}}