{"id":3390,"date":"2025-04-15T10:39:35","date_gmt":"2025-04-15T10:39:35","guid":{"rendered":"https:\/\/deportodos.com.ar\/2023\/?p=3390"},"modified":"2025-04-15T10:39:36","modified_gmt":"2025-04-15T10:39:36","slug":"endurocross-entrerriano-2","status":"publish","type":"post","link":"https:\/\/deportodos.com.ar\/2023\/endurocross-entrerriano-2\/","title":{"rendered":"ENDUROCROSS ENTRERRIANO"},"content":{"rendered":"\n<p>PASO LA 1ra. FECHA EN VILLA SAN JUSTO CON MAS DE 90 PILOTOS Y\u00a0\u00a0ANTE BUEN MARCO DE PUBLICO SE VIVI\u00d3 UN EXELENTE ESPECT\u00c1CULO. <\/p>\n\n\n\n<p>RUBEN HAUTEVILLE SE IMPUSO EN LAS DOS CATEGOR\u00cdAS PRINCIPALES, DETACADAS ACTUACIONES DE LOS PILOTOS DE LA ZONA<\/p>\n\n\n\n<p>Se inici\u00f3 entre s\u00e1bado y domingo 12 y 13 de Abril el Certamen Entrerriano de Endurocroos 2025, en el circuito \u00a8 Meli \u00a8 de Villa San Justo, Dpto. Uruguay en buenas condiciones con la misma pista del a\u00f1o anterior con algunos cambios y mejoras que permiti\u00f3 disfrutar de un buen espect\u00e1culo ante buena concurrencia de p\u00fablico que disfrutaron de mangas muy entretenidas .\u00a0\u00a0Con m\u00e1s de 90 protagonistas ,\u00a0\u00a0entre ellos uruguayos como tambi\u00e9n de\u00a0\u00a0distintos puntos de Entre Rios, Santa Fe y Buenos Aires. El ganador de la Cat. Seniors Open result\u00f3 Rub\u00e9n Hauteville que repiti\u00f3 la buena labor llev\u00e1ndose tambi\u00e9n la Cat. Expertos \u201cA\u201d para motos hasta 250 cc.\u00a0\u00a0Jonathan Francou de Caseros se reencontr\u00f3 con la victoria ganando la Master \u201cA\u201d , por su parte Sebasti\u00e1n Gange de 1\u00b0 de Mayo se impuso en la competitiva Juniors Open .en tanto el local Joel Eckerd prevaleci\u00f3 en la numerosa Junios Limitada. En Expertos 125 cc. Casiano Barrios de Gualeguaych\u00fa domin\u00f3 las acciones a pesar de una ca\u00edda en la segunda manga y\u00a0\u00a0Fabi\u00e1n Bonvin de Colon se qued\u00f3 con la Cat. Expertos \u201cC\u201d (vieja generaci\u00f3n)\u00a0\u00a0Sebasti\u00e1n Iregui de Gualeguaychu logr\u00f3 ser el m\u00e1s afectivo en la Master \u201cB\u201d.\u00a0\u00a0Mientras tanto el representante de Gualeguay Gerardo Campod\u00f3nico domin\u00f3 la Masters \u00a8 C \u00a8. En Cat. Enduro calle victoria para Cristian Calero de Paran\u00e1 Alejandro Rasello de Herrera. En Principiantes se impuso Ivan Sigot de Victoria y en Juvenil 85 cc logr\u00f3 destacarse Andy Garnier de Villa Elisa.\u00a0\u00a0La segunda fecha est\u00e1 por calendario para los d\u00edas\u00a0\u00a010\u00a0\u00a0y 11 de Mayo en Gualeguay (nuevo circuito en Predio Aut\u00f3dromo), en tanto la tercera los d\u00edas 7 y 8 de Junio en Diamante Circuito \u201cCerro de la Vertiente\u201d.-<\/p>\n\n\n\n<p><strong>RESULTADOS GENERALES<\/strong>&nbsp;<br><strong>1ra. FECHA CERTAMEN ENTRERRIANO DE ENDUROCROSS<\/strong><\/p>\n\n\n\n<p><strong>EN VILLA SAN JUSTO \u2013 Dpto. URUGUAY \u201311 y 12 DE ABRIL DE 2025 &#8211;<br>Circuito: \u201d La Meli\u201d- Organiz\u00f3 : Agrupaci\u00f3n \u201cLa Meli\u201d y Bomberos Voluntarios San Justo<br>Auspiciaron: Municipalidad de San Justo y Municipalidad de Caseros.-<\/strong><\/p>\n\n\n\n<p><strong>Fiscaliz\u00f3 APEMA-<\/strong><strong><br><\/strong><br><strong><u>CATEGOR\u00cdA SENIORS OPEN. \u201cA\u201d y \u201cB<\/u><\/strong><\/p>\n\n\n\n<p>1\u00b0-&nbsp;&nbsp;Rub\u00e9n Hauteville \u2013 C. del Uruguay- YZF 250<\/p>\n\n\n\n<p>2\u00b0- Alejandro L\u00f3pez \u2013 Paran\u00e1 \u2013 Husqvarna 450<\/p>\n\n\n\n<p>3\u00b0- Casiano Barrios \u2013 Gualeguay- CRF 250<\/p>\n\n\n\n<p><strong>4\u00b0-&nbsp;<\/strong>Jonathan Francou \u2013&nbsp;Caseros \u2013 CRF 450&nbsp;&nbsp;<\/p>\n\n\n\n<p>5\u00b0- Sebasti\u00e1n Gange-1\u00b0 de Mayo \u2013SXF 250&nbsp;&nbsp;&nbsp;(1\u00b0 B)<\/p>\n\n\n\n<p>6\u00b0- Sebasti\u00e1n Iregui \u2013 Gualeguaych\u00fa \u2013 CRF 250 ( 2\u00b0 B)<\/p>\n\n\n\n<p>7\u00b0- Emanuel Hauteville- C. del Uruguay- CRF 250<\/p>\n\n\n\n<p>8\u00b0- Juan Pablo Gonz\u00e1lez \u2013 San Lorenzo \u2013 KTM 450<\/p>\n\n\n\n<p>9\u00b0- Bruno Muller &#8211; A.San Antonio- Suzuki RMZ 450(3\u00b0 B)<\/p>\n\n\n\n<p>10\u00b0- Diego Wagner \u2013 Ald. Protestante \u2013 KXF 250 (4\u00b0 B)<\/p>\n\n\n\n<p>11\u00b0- Narciso Cusinato \u2013 Larroque \u2013 YZF 250<\/p>\n\n\n\n<p>12\u00b0- Luciano Moine \u2013 R. del Tala \u2013 KTM 350<\/p>\n\n\n\n<p>13\u00b0- Gast\u00f3n Gange \u2013 1\u00b0 de Mayo \u2013 YZ 125<\/p>\n\n\n\n<p>14\u00b0- Franco S\u00e1nchez \u2013 Gualeguay- KXF 250 ( 5\u00b0 B)<\/p>\n\n\n\n<p>15\u00b0- Cristian Mayoraz- San Cipriano \u2013 CRF 250 (6\u00b0 B)<\/p>\n\n\n\n<p>16\u00b0- Juan Jes\u00fas P\u00e9rez . Chajari \u2013 KTM 250&nbsp;&nbsp;&nbsp;(7\u00b0 B)<\/p>\n\n\n\n<p>17\u00b0- Hern\u00e1n Garnier \u2013 Villa Elisa \u2013 CRF 250 (8\u00b0 B)<\/p>\n\n\n\n<p>18\u00b0- Gerardo Campodonico \u2013 Gualeguay- CRF 450 ( 9\u00b0 B)<\/p>\n\n\n\n<p>19\u00b0- Mauro Sittner \u2013 Ald. San Antonio \u2013 CRF 450 ( 10\u00b0 B )<\/p>\n\n\n\n<p>20\u00b0- Federico Bogue- Gualeguay \u2013KXF 250 (11\u00b0 B)<\/p>\n\n\n\n<p>21\u00b0- Fernando Benedetti \u2013 Gualeguay- KXF 250 ( 12\u00b0 B)<\/p>\n\n\n\n<p>22\u00b0 &#8211; Luis Costa \u2013 Gualeguaychu &#8211;&nbsp;&nbsp;YZF 250&nbsp;&nbsp;&nbsp;( 13\u00b0 B )<\/p>\n\n\n\n<p>EXPERTOS \u201cA\u201d.-<\/p>\n\n\n\n<p>1\u00b0- Ruben Hauteville \u2013 C. del Uruguay \u2013 YZF 250<\/p>\n\n\n\n<p>2\u00b0- Emanuel Hauteville- C. del Uruguay- CRF 250<\/p>\n\n\n\n<p>3\u00b0- Diego Wagner \u2013 Ald. Protestante \u2013 KXF 250<\/p>\n\n\n\n<p>4\u00b0-&nbsp;Narciso Cusinato \u2013 Larroque \u2013 YZF 250<\/p>\n\n\n\n<p>5\u00b0- Jonathan Morel Chevillet- C. del Uruguay \u2013 KTM 150<\/p>\n\n\n\n<p>6\u00b0- Juan Mart\u00edn Arribillaga- Gualeguay- CRF 250<\/p>\n\n\n\n<p>7\u00b0- Joaquin Wagner \u2013 Ald. Protestante \u2013 Gas Gas 250<\/p>\n\n\n\n<p><strong><u>CATEGOR\u00cdA JUNIORS OPEN .<\/u><\/strong><\/p>\n\n\n\n<p>1\u00b0- Sebasti\u00e1n Gange-1\u00b0 de Mayo \u2013 SXF 250<\/p>\n\n\n\n<p>2\u00b0- Cristian Mayoraz- San Cipriano \u2013 CRF 250<\/p>\n\n\n\n<p>3\u00b0- Nicolas Stelli \u2013 Baradero \u2013 KTM 350<\/p>\n\n\n\n<p>4\u00b0- Emiliano Kranevitter \u2013 Valle Maria \u2013 YZ 250<\/p>\n\n\n\n<p>5\u00b0- Joel Ekerdt \u2013 San Justo \u2013 CRF 250<\/p>\n\n\n\n<p>6\u00b0- Jose Carrizo \u2013 San Nicolas \u2013 CRF 450<\/p>\n\n\n\n<p>7\u00b0- Ernesto Ekerdt \u2013Villa San Justo \u2013CRF 450<\/p>\n\n\n\n<p>8\u00b0-&nbsp;Mateo Lopepe- Paysand\u00fa \u2013KXF 250<\/p>\n\n\n\n<p>9\u00b0- Juan Jes\u00fas Perez \u2013 Chajari \u2013 KTM 350<\/p>\n\n\n\n<p>10\u00b0- Mateo Granton- Villa Elisa \u2013 YZ 125<\/p>\n\n\n\n<p>11\u00b0- Diego Protto \u2013 Villaguay- YZ 125<\/p>\n\n\n\n<p>12\u00b0- Hern\u00e1n Dreiling \u2013 Valle Mar\u00eda \u2013 KTM 250<\/p>\n\n\n\n<p>13\u00b0- Franco Sanchez \u2013 Gualeguay- KXF 250<\/p>\n\n\n\n<p>14\u00b0- Silvio Degeneve- San Jos\u00e9 &#8211; YZ 250<\/p>\n\n\n\n<p>15\u00b0- Ezequiel Hengenreter \u2013 San Salvador \u2013 KTM 250<\/p>\n\n\n\n<p>16\u00b0- Mauro Sitner \u2013 Ald. San Antonio \u2013 CRF 450<\/p>\n\n\n\n<p>17\u00b0- Juan Pablo Racigh-Villa San Justo \u2013YZF 450<\/p>\n\n\n\n<p>18\u00b0-&nbsp;Fernando Benedetti-Gualeguay- KXF 250<\/p>\n\n\n\n<p><strong><u>CAT. EXPERTOS 125 cc<\/u><\/strong><\/p>\n\n\n\n<p>1\u00b0. Casiano Barrios \u2013 Gualeguaychu \u2013 YZ 125<\/p>\n\n\n\n<p>2\u00b0- Gast\u00f3n Gange- 1\u00b0 de Mayo \u2013 YZ 125<\/p>\n\n\n\n<p>3\u00b0- Juan Pablo Lanche \u2013 Nogoya \u2013 YZ 125<\/p>\n\n\n\n<p>4\u00b0- Mateo Granton- Villa Elisa- YZ 125<\/p>\n\n\n\n<p>5\u00b0- Rodrigo Barrios- Gualeguay\u2013 YZ 125<\/p>\n\n\n\n<p>6\u00b0- Diego Protto \u2013 Villaguay \u2013 YZ 125<\/p>\n\n\n\n<p>7\u00b0- Eugenio Migueles \u2013 Gualeguaych\u00fa- YZ 125<\/p>\n\n\n\n<p>8\u00b0- Ignacio Irrazabal Lima-Paysand\u00fa \u2013YZ 125<\/p>\n\n\n\n<p><strong><u>CATEGOR\u00cdA JUNIORS LIMITADA<\/u><\/strong><br>1\u00b0- Ernesto Eckerdt \u2013Villa San Justo \u2013CRF 450<\/p>\n\n\n\n<p>2\u00b0- Eugenio Migueles \u2013 Gualeguaych\u00fa- YZ 125<\/p>\n\n\n\n<p>3\u00b0- Juan Pablo Racigh-Villa San Justo- YZF 450<\/p>\n\n\n\n<p>4\u00b0- Joaqu\u00edn Wagner \u2013 Diamante \u2013 Gas Gas 250<\/p>\n\n\n\n<p>5\u00b0- Alejandro Herrera- San Lorenzo \u2013 CRF 25<\/p>\n\n\n\n<p>6\u00b0- Sebasti\u00e1n S\u00e1nchez \u2013 Gualeguay- KXF 250<\/p>\n\n\n\n<p>7\u00b0- Ariel Mezzera \u2013 San Nicol\u00e1s \u2013 CRF 250<\/p>\n\n\n\n<p>8\u00b0- Jos\u00e9 Luis Arralde \u2013 Chajar\u00ed \u2013 CRF 250<\/p>\n\n\n\n<p>9\u00b0- Sergio A\u00f1asco \u2013Paysand\u00fa- KRM 450<\/p>\n\n\n\n<p>10\u00b0-&nbsp;Silvio Degeneve- San Jos\u00e9 &#8211; YZ 250<\/p>\n\n\n\n<p>11\u00b0- Isidro Aladio \u2013 Nogoy\u00e1- CRF 250<\/p>\n\n\n\n<p>12\u00b0-&nbsp;Alejandro Felli- Basavilbaso \u2013 Husqvarna 350<\/p>\n\n\n\n<p>13\u00b0-&nbsp;Ezequiel Hengenreter \u2013 San Salvador \u2013 KTM 250<\/p>\n\n\n\n<p>14\u00b0- Yago Maiztegui \u2013 Colonia Elia \u2013 YZF 450<\/p>\n\n\n\n<p>15\u00b0- Bautista Albonico \u2013 Gualeguaychu \u2013 CRF 250<\/p>\n\n\n\n<p>16\u00b0- Agust\u00edn Hengenreter \u2013 Gualeguaych\u00fa- CRF 250<\/p>\n\n\n\n<p>17\u00b0- Max Morresi \u2013 Paran\u00e1 \u2013 YZF 250<\/p>\n\n\n\n<p>18\u00b0-&nbsp;Benjam\u00edn Campod\u00f3nico \u2013Gualeguay- CRF 250<\/p>\n\n\n\n<p>19\u00b0- Franco Lepre- Gualeguaych\u00fa \u2013 CRF 250<\/p>\n\n\n\n<p>20\u00b0- Mauricio Nanni \u2013 Mar\u00eda Grande- KX 250<\/p>\n\n\n\n<p>21\u00b0- Gonzalo Truffer- Paran\u00e1- YZF 250<\/p>\n\n\n\n<p><strong><u>CATEGOR\u00cdA EXPERTOS \u201cC\u201d&nbsp;<br><\/u><\/strong>1\u00b0- Fabi\u00e1n Bonvin \u2013 Col\u00f3n- KTM 250<\/p>\n\n\n\n<p>2\u00b0- Ram\u00f3n Biani \u2013Paran\u00e1 \u2013Honda XLX 250<\/p>\n\n\n\n<p>3\u00b0- Mart\u00edn Kokojazuck \u2013 R. del Tala \u2013 RM 125<\/p>\n\n\n\n<p><strong><u>CATEGOR\u00cdA MASTERS \u00a8A\u00a8<\/u><\/strong><strong><\/strong><\/p>\n\n\n\n<p>1\u00b0- Jonathan Francou \u2013 Caseros \u2013 CRF 250<\/p>\n\n\n\n<p>2\u00b0- Alejandro L\u00f3pez- Paran\u00e1 \u2013Husqvarna 450<\/p>\n\n\n\n<p>3\u00b0-&nbsp;Luciano Moine \u2013 R. del Tala \u2013 KTM 350<\/p>\n\n\n\n<p>4\u00b0- Juan Pablo Gonz\u00e1lez \u2013 San Lorenzo \u2013 KTM 450<\/p>\n\n\n\n<p>5\u00b0- Nicol\u00e1s Stelli \u2013 Baradero \u2013 KTM 350<\/p>\n\n\n\n<p>6\u00b0- Hern\u00e1n Casco \u2013 Rosario \u2013 KXF 250<\/p>\n\n\n\n<p>7\u00b0- Jos\u00e9 Carrizo \u2013 San Nicolas- CRF 450<\/p>\n\n\n\n<p>8\u00b0- Hernan Dreiling \u2013 Valle Mar\u00eda \u2013 KTM 250<\/p>\n\n\n\n<p>9\u00b0- Sergio A\u00f1asco- Paysand\u00fa- Husqvarna 250<\/p>\n\n\n\n<p>10\u00b0- Ernesto Ekerdt- Villa San Justo \u2013 CRF 450<\/p>\n\n\n\n<p>11\u00b0- Hern\u00e1n Garnier \u2013 Villa Elisa- CRF 250<\/p>\n\n\n\n<p>12\u00b0- Juan Pablo Lanche \u2013 Nogoy\u00e1 \u2013 YZ 125<\/p>\n\n\n\n<p>13\u00b0- Mauro Sittner \u2013 Ald. San Antonio \u2013 CRF 450<\/p>\n\n\n\n<p>14\u00b0-&nbsp;Jonathan Morel Chevillet- C. del Uruguay \u2013 KTM 150<\/p>\n\n\n\n<p>15\u00b0-Luis Costa \u2013 Gualeguaych\u00fa \u2013 YZF 250<\/p>\n\n\n\n<p>16\u00b0- Mart\u00edn Kokojazuck \u2013 R. del Tala \u2013 RMZ 250<\/p>\n\n\n\n<p><strong><u>CATEGOR\u00cdA MASTERS \u00a8B\u00a8<\/u><\/strong><\/p>\n\n\n\n<p>1\u00b0- Sebasti\u00e1n Iregui- Gualeguaych\u00fa- CRF 250<\/p>\n\n\n\n<p>2\u00b0- Pablo Brem- Villa Elisa \u2013 CRF 250<\/p>\n\n\n\n<p>3\u00b0- Ariel Mezzera \u2013 San Nicol\u00e1s \u2013 CRF 250<\/p>\n\n\n\n<p>4\u00b0- Jos\u00e9 Luis Arralde \u2013 Chajari \u2013 CRF 250<\/p>\n\n\n\n<p>5\u00b0- Sergio Postiglione Yardim \u2013 Salto (ROU) \u2013 KTM 250<\/p>\n\n\n\n<p>6\u00b0- Alejandro Herrera- San Lorenzo \u2013 CRF 250<\/p>\n\n\n\n<p>7\u00b0-&nbsp;Federico Bogue- Gualeguay \u2013KXF 250<\/p>\n\n\n\n<p>8\u00b0- Ignacio Acevedo \u2013 Gualeguaych\u00fa \u2013 RMZ 450<\/p>\n\n\n\n<p>9\u00b0- Alejandro Felli- Gualeguaych\u00fa \u2013 Husqvarna 350<\/p>\n\n\n\n<p>10\u00b0- Gustavo Sturtz- Urdinarrain \u2013 CRF 250<\/p>\n\n\n\n<p>11\u00b0- Fabi\u00e1n Bonvin \u2013 Col\u00f3n- KTM 250<\/p>\n\n\n\n<p><strong><u>CATEGOR\u00cdA MASTERS \u00a8C\u00a8<\/u><\/strong><\/p>\n\n\n\n<p>1\u00b0- Gerardo Campod\u00f3nico-Gualeguay-CRF 450<\/p>\n\n\n\n<p>2\u00b0- Cristian Calero \u2013 Paran\u00e1 \u2013 KTM 350<\/p>\n\n\n\n<p>3.\u00b0- Diego Morressi-Paran\u00e1 \u2013YZF 250<\/p>\n\n\n\n<p>4\u00b0- Walter Nestman \u2013 Ald.&nbsp;San Antonio \u2013 YZF 450<\/p>\n\n\n\n<p>5\u00b0- Pablo Narvaez \u2013 Pilar ( Bs.&nbsp;As) \u2013 YZF 450<\/p>\n\n\n\n<p>6\u00b0- Daniel Bondaz- San Jos\u00e9 \u2013 KLX 300<\/p>\n\n\n\n<p>7\u00b0-&nbsp;Oscar Gonz\u00e1lez \u2013 San Lorenzo- KTM 450<\/p>\n\n\n\n<p>8\u00b0- Jos\u00e9 Warnes \u2013Concordia \u2013KLX 250<\/p>\n\n\n\n<p><strong><u>CATEGOR\u00cdA PRINCIPIANTES (sin puntaje)<\/u><\/strong><br>1\u00b0- Iv\u00e1n Sigot \u2013 Victoria \u2013 YZF 250<\/p>\n\n\n\n<p>2\u00b0- Ignacio Irrazabal Lima \u2013 Paysand\u00fa \u2013 Husqvarna 125<\/p>\n\n\n\n<p>3\u00b0- M\u00e1ximo&nbsp;&nbsp;Bazzana \u2013 Pueblo Andino \u2013 CRF 250<\/p>\n\n\n\n<p>4\u00b0- Sebasti\u00e1n S\u00e1nchez \u2013 Gualeguay- KXF 250<\/p>\n\n\n\n<p>5\u00b0-&nbsp;Benjam\u00edn Campod\u00f3nico-Gualeguay-CRF 250<\/p>\n\n\n\n<p>6\u00b0-&nbsp;Franco Lepre- Gualeguaych\u00fa \u2013 CRF 250<\/p>\n\n\n\n<p>7\u00b0-&nbsp;Isidro Aladio \u2013 Nogoy\u00e1- CRF 250<\/p>\n\n\n\n<p>8\u00b0-&nbsp;Gonzalo Truffer- Paran\u00e1 \u2013YZF 250<\/p>\n\n\n\n<p>9\u00b0- Lautaro Narvaez \u2013 Pilar ( Bs.&nbsp;As) \u2013 KXF 250<\/p>\n\n\n\n<p>10\u00b0- Max Morressi \u2013Paran\u00e1 \u2013 YZF 250<\/p>\n\n\n\n<p>11\u00b0- Joan Torti \u2013 Pueblo Andino \u2013 YZ 125<\/p>\n\n\n\n<p>12\u00b0-&nbsp;Yago Maiztegui \u2013 Colonia Elia \u2013 YZF 450<\/p>\n\n\n\n<p>13\u00b0- Bautista Albonico \u2013 Gualeguaychu \u2013 CRF 250<\/p>\n\n\n\n<p>14\u00b0- Luis Pasinato \u2013 Lucas Gonz\u00e1lez \u2013 CR 250<\/p>\n\n\n\n<p>15\u00b0- Vicente Aladio \u2013 Nogoy\u00e1 \u2013 YZ 125<\/p>\n\n\n\n<p>16\u00b0- Joaqu\u00edn Facciano \u2013 Lucas Gonz\u00e1lez \u2013 YZF 250<\/p>\n\n\n\n<p>17\u00b0-&nbsp;Mauricio Nanni \u2013 Mar\u00eda Grande- KX 250<\/p>\n\n\n\n<p>18\u00b0-&nbsp;Ram\u00f3n Biani \u2013Paran\u00e1- YZ 250<\/p>\n\n\n\n<p>19\u00b0- Tomas Carrancio \u2013 Caseros \u2013 KTM 250<\/p>\n\n\n\n<p><strong><u>CATEGOR\u00cdA ENDURO CALLE<\/u><\/strong><\/p>\n\n\n\n<p>1\u00b0- Cristian Calero \u2013 Paran\u00e1 \u2013 CRF 230<\/p>\n\n\n\n<p>2\u00b0- Marcos Bonv\u00edn \u2013 Col\u00f3n-&nbsp;&nbsp;CRF&nbsp;&nbsp;230<\/p>\n\n\n\n<p>3\u00b0-&nbsp;Juan Woeffray-C. del Uruguay-Tornado 250<\/p>\n\n\n\n<p>4\u00b0- Daniel Bozzani \u2013Gualeguay-GRF 250<\/p>\n\n\n\n<p>5\u00b0- Daniel Bondaz- San Jos\u00e9 \u2013 KLX 300<\/p>\n\n\n\n<p>6\u00b0- Rodrigo De Zan \u2013 Gualeguay- RVM 250<\/p>\n\n\n\n<p><strong><u>CATEGORIA JUVENIL 85 cc<\/u><\/strong><\/p>\n\n\n\n<p>1\u00b0- Andy Garnier \u2013 Villa Elisa \u2013 KX 65<\/p>\n\n\n\n<p>2\u00b0- Valentino Bogue \u2013 Gualeguay- KTM 65<\/p>\n\n\n\n<p>3\u00b0- Valentino Iregui \u2013 Gualeguaych\u00fa \u2013 TTR 125<\/p>\n\n\n\n<p>Mini enduro \u2013(Exibici\u00f3n)<\/p>\n\n\n\n<p>Valentino Sitner \u2013 Ald. San Antonio<\/p>\n\n\n\n<p>Facundo Vande Boshe \u2013Herrera<\/p>\n\n\n\n<p>Joaquina Truffer -Paran\u00e1<\/p>\n\n\n\n<p>Victorio Delfino \u2013 Gualeguaych\u00fa<\/p>\n\n\n\n<p>Info: Apema prensa<\/p>\n\n\n\n<p>Fotos: Sof\u00eda Galv\u00e1n \u2013<\/p>\n","protected":false},"excerpt":{"rendered":"<p>PASO LA 1ra. FECHA EN VILLA SAN JUSTO CON MAS DE 90 PILOTOS Y\u00a0\u00a0ANTE BUEN&#8230;<\/p>\n","protected":false},"author":2,"featured_media":3391,"comment_status":"open","ping_status":"open","sticky":false,"template":"","format":"standard","meta":{"footnotes":""},"categories":[20],"tags":[],"class_list":["post-3390","post","type-post","status-publish","format-standard","has-post-thumbnail","hentry","category-enduro"],"featured_image_urls":{"full":["https:\/\/deportodos.com.ar\/2023\/wp-content\/uploads\/2025\/04\/Podio-Expertos-A-S.-Justo.jpg",1600,1066,false],"thumbnail":["https:\/\/deportodos.com.ar\/2023\/wp-content\/uploads\/2025\/04\/Podio-Expertos-A-S.-Justo-150x150.jpg",150,150,true],"medium":["https:\/\/deportodos.com.ar\/2023\/wp-content\/uploads\/2025\/04\/Podio-Expertos-A-S.-Justo-300x200.jpg",300,200,true],"medium_large":["https:\/\/deportodos.com.ar\/2023\/wp-content\/uploads\/2025\/04\/Podio-Expertos-A-S.-Justo-768x512.jpg",640,427,true],"large":["https:\/\/deportodos.com.ar\/2023\/wp-content\/uploads\/2025\/04\/Podio-Expertos-A-S.-Justo-1024x682.jpg",640,426,true],"1536x1536":["https:\/\/deportodos.com.ar\/2023\/wp-content\/uploads\/2025\/04\/Podio-Expertos-A-S.-Justo-1536x1023.jpg",1536,1023,true],"2048x2048":["https:\/\/deportodos.com.ar\/2023\/wp-content\/uploads\/2025\/04\/Podio-Expertos-A-S.-Justo.jpg",1600,1066,false],"covernews-featured":["https:\/\/deportodos.com.ar\/2023\/wp-content\/uploads\/2025\/04\/Podio-Expertos-A-S.-Justo-1024x682.jpg",1024,682,true],"covernews-medium":["https:\/\/deportodos.com.ar\/2023\/wp-content\/uploads\/2025\/04\/Podio-Expertos-A-S.-Justo-540x340.jpg",540,340,true]},"author_info":{"display_name":"c2530142","author_link":"https:\/\/deportodos.com.ar\/2023\/author\/c2530142\/"},"category_info":"<a href=\"https:\/\/deportodos.com.ar\/2023\/category\/enduro\/\" rel=\"category tag\">Enduro<\/a>","tag_info":"Enduro","comment_count":"0","_links":{"self":[{"href":"https:\/\/deportodos.com.ar\/2023\/wp-json\/wp\/v2\/posts\/3390","targetHints":{"allow":["GET"]}}],"collection":[{"href":"https:\/\/deportodos.com.ar\/2023\/wp-json\/wp\/v2\/posts"}],"about":[{"href":"https:\/\/deportodos.com.ar\/2023\/wp-json\/wp\/v2\/types\/post"}],"author":[{"embeddable":true,"href":"https:\/\/deportodos.com.ar\/2023\/wp-json\/wp\/v2\/users\/2"}],"replies":[{"embeddable":true,"href":"https:\/\/deportodos.com.ar\/2023\/wp-json\/wp\/v2\/comments?post=3390"}],"version-history":[{"count":1,"href":"https:\/\/deportodos.com.ar\/2023\/wp-json\/wp\/v2\/posts\/3390\/revisions"}],"predecessor-version":[{"id":3392,"href":"https:\/\/deportodos.com.ar\/2023\/wp-json\/wp\/v2\/posts\/3390\/revisions\/3392"}],"wp:featuredmedia":[{"embeddable":true,"href":"https:\/\/deportodos.com.ar\/2023\/wp-json\/wp\/v2\/media\/3391"}],"wp:attachment":[{"href":"https:\/\/deportodos.com.ar\/2023\/wp-json\/wp\/v2\/media?parent=3390"}],"wp:term":[{"taxonomy":"category","embeddable":true,"href":"https:\/\/deportodos.com.ar\/2023\/wp-json\/wp\/v2\/categories?post=3390"},{"taxonomy":"post_tag","embeddable":true,"href":"https:\/\/deportodos.com.ar\/2023\/wp-json\/wp\/v2\/tags?post=3390"}],"curies":[{"name":"wp","href":"https:\/\/api.w.org\/{rel}","templated":true}]}}