{"id":3403,"date":"2025-04-17T10:33:38","date_gmt":"2025-04-17T10:33:38","guid":{"rendered":"https:\/\/deportodos.com.ar\/2023\/?p=3403"},"modified":"2025-04-17T10:33:39","modified_gmt":"2025-04-17T10:33:39","slug":"tc-en-toay","status":"publish","type":"post","link":"https:\/\/deportodos.com.ar\/2023\/tc-en-toay\/","title":{"rendered":"TC EN TOAY"},"content":{"rendered":"\n<p>El<strong>\u00a0Turismo Carretera y el TC Pista<\/strong>\u00a0llevar\u00e1n adelante este fin de semana la\u00a0<strong>4\u00aa fecha del calendario 2025 en el Aut\u00f3dromo Provincia de La Pampa, en Toay<\/strong>. Esta es la\u00a0<strong>1\u00aa carrera especial\u00a0<\/strong>de la temporada, que ser\u00e1 con\u00a0<strong>recarga de combustible<\/strong>, y la 19\u00aa vez que el circuito de 4.148, 40 metros de extensi\u00f3n recibe a la \u201cm\u00e1xima\u201d. Te contamos el\u00a0<strong>cronograma y los horarios de TV en vivo\u00a0<\/strong>para que no te pierdas nada.<\/p>\n\n\n\n<p>Como es habitual, el s\u00e1bado el TC Pista comenzar\u00e1 con la actividad a partir de las 9:30 horas con el 1\u00b0 entrenamiento. El TC har\u00e1 su \u00fanico ensayo desde las 11:05 horas, donde tambi\u00e9n realizar\u00e1 prueba de funcionamiento, todo con televisaci\u00f3n de DeporTV y Motorplay. El 2\u00b0 entrenamiento de la \u201ctelonera\u201d comenzar\u00e1 a las 13:27.Un rato m\u00e1s tarde, a las 15:20, se iniciar\u00e1 la clasificaci\u00f3n del TCP con 3 tercios de 8 minutos cada uno, para luego darle lugar al TC que har\u00e1 lo propio desde las 16:00 con 4 cuartos de 8 minutos cada uno. La franja que va desde las 15:00 hasta las 17:00 se podr\u00e1 ver a trav\u00e9s de DeporTV, TV P\u00fablica y Motorplay.<\/p>\n\n\n\n<p>El domingo se iniciar\u00e1 con las series de la \u201ctelonera\u201d desde las 10:05, mientras que desde las 11.50 ser\u00e1 la carrera de TC Pista. La actividad terminar\u00e1 con el plato fuerte, que ser\u00e1 la Final de la 4\u00aa fecha de TC desde las 13:25 hs. De 10:00 a 15:00 transmitir\u00e1n la TV P\u00fablica y Motorplay.<\/p>\n\n\n\n<blockquote class=\"wp-block-quote is-layout-flow wp-block-quote-is-layout-flow\">\n<p>www.solotc.com.ar<\/p>\n<\/blockquote>\n","protected":false},"excerpt":{"rendered":"<p>El\u00a0Turismo Carretera y el TC Pista\u00a0llevar\u00e1n adelante este fin de semana la\u00a04\u00aa fecha del calendario&#8230;<\/p>\n","protected":false},"author":2,"featured_media":3404,"comment_status":"open","ping_status":"open","sticky":false,"template":"","format":"standard","meta":{"footnotes":""},"categories":[6],"tags":[],"class_list":["post-3403","post","type-post","status-publish","format-standard","has-post-thumbnail","hentry","category-automovilismo"],"featured_image_urls":{"full":["https:\/\/deportodos.com.ar\/2023\/wp-content\/uploads\/2025\/04\/Peloton-del-TC-en-Toay-1024x681-1.webp",1024,681,false],"thumbnail":["https:\/\/deportodos.com.ar\/2023\/wp-content\/uploads\/2025\/04\/Peloton-del-TC-en-Toay-1024x681-1-150x150.webp",150,150,true],"medium":["https:\/\/deportodos.com.ar\/2023\/wp-content\/uploads\/2025\/04\/Peloton-del-TC-en-Toay-1024x681-1-300x200.webp",300,200,true],"medium_large":["https:\/\/deportodos.com.ar\/2023\/wp-content\/uploads\/2025\/04\/Peloton-del-TC-en-Toay-1024x681-1-768x511.webp",640,426,true],"large":["https:\/\/deportodos.com.ar\/2023\/wp-content\/uploads\/2025\/04\/Peloton-del-TC-en-Toay-1024x681-1.webp",640,426,false],"1536x1536":["https:\/\/deportodos.com.ar\/2023\/wp-content\/uploads\/2025\/04\/Peloton-del-TC-en-Toay-1024x681-1.webp",1024,681,false],"2048x2048":["https:\/\/deportodos.com.ar\/2023\/wp-content\/uploads\/2025\/04\/Peloton-del-TC-en-Toay-1024x681-1.webp",1024,681,false],"covernews-featured":["https:\/\/deportodos.com.ar\/2023\/wp-content\/uploads\/2025\/04\/Peloton-del-TC-en-Toay-1024x681-1.webp",1024,681,false],"covernews-medium":["https:\/\/deportodos.com.ar\/2023\/wp-content\/uploads\/2025\/04\/Peloton-del-TC-en-Toay-1024x681-1-540x340.webp",540,340,true]},"author_info":{"display_name":"c2530142","author_link":"https:\/\/deportodos.com.ar\/2023\/author\/c2530142\/"},"category_info":"<a href=\"https:\/\/deportodos.com.ar\/2023\/category\/automovilismo\/\" rel=\"category tag\">Automovilismo<\/a>","tag_info":"Automovilismo","comment_count":"0","_links":{"self":[{"href":"https:\/\/deportodos.com.ar\/2023\/wp-json\/wp\/v2\/posts\/3403","targetHints":{"allow":["GET"]}}],"collection":[{"href":"https:\/\/deportodos.com.ar\/2023\/wp-json\/wp\/v2\/posts"}],"about":[{"href":"https:\/\/deportodos.com.ar\/2023\/wp-json\/wp\/v2\/types\/post"}],"author":[{"embeddable":true,"href":"https:\/\/deportodos.com.ar\/2023\/wp-json\/wp\/v2\/users\/2"}],"replies":[{"embeddable":true,"href":"https:\/\/deportodos.com.ar\/2023\/wp-json\/wp\/v2\/comments?post=3403"}],"version-history":[{"count":1,"href":"https:\/\/deportodos.com.ar\/2023\/wp-json\/wp\/v2\/posts\/3403\/revisions"}],"predecessor-version":[{"id":3405,"href":"https:\/\/deportodos.com.ar\/2023\/wp-json\/wp\/v2\/posts\/3403\/revisions\/3405"}],"wp:featuredmedia":[{"embeddable":true,"href":"https:\/\/deportodos.com.ar\/2023\/wp-json\/wp\/v2\/media\/3404"}],"wp:attachment":[{"href":"https:\/\/deportodos.com.ar\/2023\/wp-json\/wp\/v2\/media?parent=3403"}],"wp:term":[{"taxonomy":"category","embeddable":true,"href":"https:\/\/deportodos.com.ar\/2023\/wp-json\/wp\/v2\/categories?post=3403"},{"taxonomy":"post_tag","embeddable":true,"href":"https:\/\/deportodos.com.ar\/2023\/wp-json\/wp\/v2\/tags?post=3403"}],"curies":[{"name":"wp","href":"https:\/\/api.w.org\/{rel}","templated":true}]}}