{"id":3406,"date":"2025-04-17T10:35:11","date_gmt":"2025-04-17T10:35:11","guid":{"rendered":"https:\/\/deportodos.com.ar\/2023\/?p=3406"},"modified":"2025-04-17T10:35:12","modified_gmt":"2025-04-17T10:35:12","slug":"liga-femenina-2025-se-prorroga-la-inscripcion","status":"publish","type":"post","link":"https:\/\/deportodos.com.ar\/2023\/liga-femenina-2025-se-prorroga-la-inscripcion\/","title":{"rendered":"LIGA FEMENINA 2025: SE PRORROGA LA INSCRIPCI\u00d3N"},"content":{"rendered":"\n<p>La Federaci\u00f3n de B\u00e1squetbol de Entre R\u00edos anuncia la pr\u00f3rroga en la inscripci\u00f3n para la Liga Provincial de Clubes Mayores Femenina 2025, con el objetivo de ampliar la participaci\u00f3n y continuar fortaleciendo el desarrollo del b\u00e1squet femenino en la provincia.La competencia tiene fecha de inicio prevista para los d\u00edas 10 y\/o 11 de mayo, y ya cuenta con siete equipos confirmados, mientras se espera la posible incorporaci\u00f3n de m\u00e1s instituciones.Hasta el momento, han asegurado su intervenci\u00f3n Atl\u00e9tico Villa Elisa, Talleres y Estudiantes de Paran\u00e1, Regatas y Rocamora de Concepci\u00f3n del Uruguay, Estudiantes y Ferrocarril de Concordia, mientras que otras dos instituciones han manifestado su inter\u00e9s y han solicitado un tiempo adicional para completar su inscripci\u00f3n.En cuanto a la conformaci\u00f3n de los planteles, se ha establecido que cada equipo deber\u00e1 contar en su planilla con un m\u00ednimo de dos jugadoras mayores, es decir, nacidas en 2003 o antes, mientras que el resto del plantel podr\u00e1 completarse libremente con jugadoras nacidas a partir de 2010 en adelante.Desde la Federaci\u00f3n se busca recuperar el valor de la Liga Provincial Femenina como un espacio de crecimiento y desarrollo del b\u00e1squet femenino en Entre R\u00edos, brindando a las jugadoras la posibilidad de competir en una estructura organizada y de alto nivel.La intenci\u00f3n es que cada vez m\u00e1s clubes sean parte del certamen y que la competencia vuelva a afianzarse como una referencia a nivel provincial.<\/p>\n\n\n\n<blockquote class=\"wp-block-quote is-layout-flow wp-block-quote-is-layout-flow\">\n<p>www.basquetentrerios.com<\/p>\n<\/blockquote>\n","protected":false},"excerpt":{"rendered":"<p>La Federaci\u00f3n de B\u00e1squetbol de Entre R\u00edos anuncia la pr\u00f3rroga en la inscripci\u00f3n para la&#8230;<\/p>\n","protected":false},"author":2,"featured_media":3407,"comment_status":"open","ping_status":"open","sticky":false,"template":"","format":"standard","meta":{"footnotes":""},"categories":[9],"tags":[],"class_list":["post-3406","post","type-post","status-publish","format-standard","has-post-thumbnail","hentry","category-basquet"],"featured_image_urls":{"full":["https:\/\/deportodos.com.ar\/2023\/wp-content\/uploads\/2025\/04\/cae-cave-1024x678-1.jpg",1024,678,false],"thumbnail":["https:\/\/deportodos.com.ar\/2023\/wp-content\/uploads\/2025\/04\/cae-cave-1024x678-1-150x150.jpg",150,150,true],"medium":["https:\/\/deportodos.com.ar\/2023\/wp-content\/uploads\/2025\/04\/cae-cave-1024x678-1-300x199.jpg",300,199,true],"medium_large":["https:\/\/deportodos.com.ar\/2023\/wp-content\/uploads\/2025\/04\/cae-cave-1024x678-1-768x509.jpg",640,424,true],"large":["https:\/\/deportodos.com.ar\/2023\/wp-content\/uploads\/2025\/04\/cae-cave-1024x678-1.jpg",640,424,false],"1536x1536":["https:\/\/deportodos.com.ar\/2023\/wp-content\/uploads\/2025\/04\/cae-cave-1024x678-1.jpg",1024,678,false],"2048x2048":["https:\/\/deportodos.com.ar\/2023\/wp-content\/uploads\/2025\/04\/cae-cave-1024x678-1.jpg",1024,678,false],"covernews-featured":["https:\/\/deportodos.com.ar\/2023\/wp-content\/uploads\/2025\/04\/cae-cave-1024x678-1.jpg",1024,678,false],"covernews-medium":["https:\/\/deportodos.com.ar\/2023\/wp-content\/uploads\/2025\/04\/cae-cave-1024x678-1-540x340.jpg",540,340,true]},"author_info":{"display_name":"c2530142","author_link":"https:\/\/deportodos.com.ar\/2023\/author\/c2530142\/"},"category_info":"<a href=\"https:\/\/deportodos.com.ar\/2023\/category\/basquet\/\" rel=\"category tag\">Basquet<\/a>","tag_info":"Basquet","comment_count":"0","_links":{"self":[{"href":"https:\/\/deportodos.com.ar\/2023\/wp-json\/wp\/v2\/posts\/3406","targetHints":{"allow":["GET"]}}],"collection":[{"href":"https:\/\/deportodos.com.ar\/2023\/wp-json\/wp\/v2\/posts"}],"about":[{"href":"https:\/\/deportodos.com.ar\/2023\/wp-json\/wp\/v2\/types\/post"}],"author":[{"embeddable":true,"href":"https:\/\/deportodos.com.ar\/2023\/wp-json\/wp\/v2\/users\/2"}],"replies":[{"embeddable":true,"href":"https:\/\/deportodos.com.ar\/2023\/wp-json\/wp\/v2\/comments?post=3406"}],"version-history":[{"count":1,"href":"https:\/\/deportodos.com.ar\/2023\/wp-json\/wp\/v2\/posts\/3406\/revisions"}],"predecessor-version":[{"id":3408,"href":"https:\/\/deportodos.com.ar\/2023\/wp-json\/wp\/v2\/posts\/3406\/revisions\/3408"}],"wp:featuredmedia":[{"embeddable":true,"href":"https:\/\/deportodos.com.ar\/2023\/wp-json\/wp\/v2\/media\/3407"}],"wp:attachment":[{"href":"https:\/\/deportodos.com.ar\/2023\/wp-json\/wp\/v2\/media?parent=3406"}],"wp:term":[{"taxonomy":"category","embeddable":true,"href":"https:\/\/deportodos.com.ar\/2023\/wp-json\/wp\/v2\/categories?post=3406"},{"taxonomy":"post_tag","embeddable":true,"href":"https:\/\/deportodos.com.ar\/2023\/wp-json\/wp\/v2\/tags?post=3406"}],"curies":[{"name":"wp","href":"https:\/\/api.w.org\/{rel}","templated":true}]}}