{"id":3421,"date":"2025-04-20T23:52:12","date_gmt":"2025-04-20T23:52:12","guid":{"rendered":"https:\/\/deportodos.com.ar\/2023\/?p=3421"},"modified":"2025-04-20T23:52:13","modified_gmt":"2025-04-20T23:52:13","slug":"nico-bonelli-quinto-en-la-pampa","status":"publish","type":"post","link":"https:\/\/deportodos.com.ar\/2023\/nico-bonelli-quinto-en-la-pampa\/","title":{"rendered":"NICO BONELLI QUINTO EN LA PAMPA"},"content":{"rendered":"\n<p>Apellido de TC. El \u201cpamperito\u201d, Juan Bautista De Benedictis, gan\u00f3 sin sobresaltos la cuarta fecha, denominada especial, que el TC fue enterrado este domingo en el aut\u00f3dromo de Toay, en la provincia de La Pampa.El uiruguayense Nicol\u00e1s Bonelli, con Ford Mustang, termin\u00f3 en el quinto lugar.<\/p>\n\n\n\n<p>De Benedictis, con el Ford Mustang, volvi\u00f3 al triunfo que no ve\u00eda desde febrero del 2022.&nbsp;El de Necochea, cort\u00f3 una racha negativa y provoc\u00f3 la alegr\u00eda de muchos de sus colegas, sin importar la marca del auto con el que corren, De Benedictis es un hist\u00f3rico, con 243 carreras corridas y logr\u00f3 su 6ta. victoria en la categor\u00eda.<\/p>\n\n\n\n<p>La Carrera se defini\u00f3 temprano, cuando la mayor\u00eda de los pilotos optaron por el ingreso para el reabastecimiento de combustible, \u201cJhonito\u201d, us\u00f3 la misma estrategia y el gran trabajo en cajas del equipo venadense lo devolvi\u00f3 a la pista prontamente y bien adelante para que desde all\u00ed y con una buena diferencia controlara la extensa final pampeana.<\/p>\n\n\n\n<p>Gran labor del uruguayo Marcos Landa, con el Chevrolet Camaro, que termin\u00f3 en el segundo lugar y un destacado trabajo, todo el fin de semana del piloto de Rada Tilly, Marcelo Agrelo, due\u00f1o de la \u201cpole\u201d, que finalmente obtuvo el \u00faltimo escal\u00f3n del podio.&nbsp;<\/p>\n\n\n\n<p>Cuarto lleg\u00f3, Juan Mart\u00edn Trucco, con el Dodge Challenger y quinto, el de nuestra ciudad, Nicol\u00e1s Bonelli, con Ford Mustang.<\/p>\n\n\n\n<blockquote class=\"wp-block-quote is-layout-flow wp-block-quote-is-layout-flow\">\n<p>www.03442.com.ar<\/p>\n<\/blockquote>\n","protected":false},"excerpt":{"rendered":"<p>Apellido de TC. El \u201cpamperito\u201d, Juan Bautista De Benedictis, gan\u00f3 sin sobresaltos la cuarta fecha,&#8230;<\/p>\n","protected":false},"author":2,"featured_media":3422,"comment_status":"open","ping_status":"open","sticky":false,"template":"","format":"standard","meta":{"footnotes":""},"categories":[6],"tags":[],"class_list":["post-3421","post","type-post","status-publish","format-standard","has-post-thumbnail","hentry","category-automovilismo"],"featured_image_urls":{"full":["https:\/\/deportodos.com.ar\/2023\/wp-content\/uploads\/2025\/04\/487483851_1257245882434010_648077770628785776_n.jpg",900,430,false],"thumbnail":["https:\/\/deportodos.com.ar\/2023\/wp-content\/uploads\/2025\/04\/487483851_1257245882434010_648077770628785776_n-150x150.jpg",150,150,true],"medium":["https:\/\/deportodos.com.ar\/2023\/wp-content\/uploads\/2025\/04\/487483851_1257245882434010_648077770628785776_n-300x143.jpg",300,143,true],"medium_large":["https:\/\/deportodos.com.ar\/2023\/wp-content\/uploads\/2025\/04\/487483851_1257245882434010_648077770628785776_n-768x367.jpg",640,306,true],"large":["https:\/\/deportodos.com.ar\/2023\/wp-content\/uploads\/2025\/04\/487483851_1257245882434010_648077770628785776_n.jpg",640,306,false],"1536x1536":["https:\/\/deportodos.com.ar\/2023\/wp-content\/uploads\/2025\/04\/487483851_1257245882434010_648077770628785776_n.jpg",900,430,false],"2048x2048":["https:\/\/deportodos.com.ar\/2023\/wp-content\/uploads\/2025\/04\/487483851_1257245882434010_648077770628785776_n.jpg",900,430,false],"covernews-featured":["https:\/\/deportodos.com.ar\/2023\/wp-content\/uploads\/2025\/04\/487483851_1257245882434010_648077770628785776_n.jpg",900,430,false],"covernews-medium":["https:\/\/deportodos.com.ar\/2023\/wp-content\/uploads\/2025\/04\/487483851_1257245882434010_648077770628785776_n-540x340.jpg",540,340,true]},"author_info":{"display_name":"c2530142","author_link":"https:\/\/deportodos.com.ar\/2023\/author\/c2530142\/"},"category_info":"<a href=\"https:\/\/deportodos.com.ar\/2023\/category\/automovilismo\/\" rel=\"category tag\">Automovilismo<\/a>","tag_info":"Automovilismo","comment_count":"0","_links":{"self":[{"href":"https:\/\/deportodos.com.ar\/2023\/wp-json\/wp\/v2\/posts\/3421","targetHints":{"allow":["GET"]}}],"collection":[{"href":"https:\/\/deportodos.com.ar\/2023\/wp-json\/wp\/v2\/posts"}],"about":[{"href":"https:\/\/deportodos.com.ar\/2023\/wp-json\/wp\/v2\/types\/post"}],"author":[{"embeddable":true,"href":"https:\/\/deportodos.com.ar\/2023\/wp-json\/wp\/v2\/users\/2"}],"replies":[{"embeddable":true,"href":"https:\/\/deportodos.com.ar\/2023\/wp-json\/wp\/v2\/comments?post=3421"}],"version-history":[{"count":1,"href":"https:\/\/deportodos.com.ar\/2023\/wp-json\/wp\/v2\/posts\/3421\/revisions"}],"predecessor-version":[{"id":3423,"href":"https:\/\/deportodos.com.ar\/2023\/wp-json\/wp\/v2\/posts\/3421\/revisions\/3423"}],"wp:featuredmedia":[{"embeddable":true,"href":"https:\/\/deportodos.com.ar\/2023\/wp-json\/wp\/v2\/media\/3422"}],"wp:attachment":[{"href":"https:\/\/deportodos.com.ar\/2023\/wp-json\/wp\/v2\/media?parent=3421"}],"wp:term":[{"taxonomy":"category","embeddable":true,"href":"https:\/\/deportodos.com.ar\/2023\/wp-json\/wp\/v2\/categories?post=3421"},{"taxonomy":"post_tag","embeddable":true,"href":"https:\/\/deportodos.com.ar\/2023\/wp-json\/wp\/v2\/tags?post=3421"}],"curies":[{"name":"wp","href":"https:\/\/api.w.org\/{rel}","templated":true}]}}