{"id":3432,"date":"2025-04-24T23:24:11","date_gmt":"2025-04-24T23:24:11","guid":{"rendered":"https:\/\/deportodos.com.ar\/2023\/?p=3432"},"modified":"2025-04-24T23:24:12","modified_gmt":"2025-04-24T23:24:12","slug":"con-entrerrianos-se-confirmo-el-plantel-argentino-para-el-sudamericano-de-atletismo","status":"publish","type":"post","link":"https:\/\/deportodos.com.ar\/2023\/con-entrerrianos-se-confirmo-el-plantel-argentino-para-el-sudamericano-de-atletismo\/","title":{"rendered":"CON ENTRERRIANOS, SE CONFIRM\u00d3 EL PLANTEL ARGENTINO PARA EL SUDAMERICANO DE ATLETISMO"},"content":{"rendered":"\n<p>Con presencia entrerriana, la Confederaci\u00f3n Argentina de Atletismo (CADA) oficializ\u00f3 este viernes la n\u00f3mina de atletas que representar\u00e1n al pa\u00eds en el&nbsp;Campeonato Sudamericano de Atletismo, que se disputar\u00e1 del&nbsp;25 al 27 de abril&nbsp;en la pista sint\u00e9tica de&nbsp;Mar del Plata.<\/p>\n\n\n\n<p><em>La Feliz<\/em>&nbsp;volver\u00e1 a ser sede de este torneo tras 28 a\u00f1os, desde aquella edici\u00f3n de 1997, y marcar\u00e1 el regreso del certamen a territorio argentino luego del campeonato de 2011 celebrado en Buenos Aires.<\/p>\n\n\n\n<p>Entre los convocados est\u00e1n la villaguayense&nbsp;<a href=\"https:\/\/www.analisisdigital.com.ar\/deportes\/2025\/03\/31\/la-entrerriana-victoria-zanolli-se-consagro-tricampeona-nacional-de-salto-en\">Victoria Zanolli, recientemente tricampeona argentina de mayores de salto en largo en Concepci\u00f3n del Uruguay<\/a>; la concordiense Carmela Cocco, subcampeona nacional en lanzamiento de martillo; y el maciaense Sergio Pandiani, especialista en Decatl\u00f3n. &nbsp;<\/p>\n\n\n\n<p>Con un equipo compuesto por&nbsp;64 atletas, la delegaci\u00f3n contar\u00e1 con figuras de renombre como las maratonistas ol\u00edmpicas&nbsp;Florencia Borelli&nbsp;y&nbsp;Daiana Ocampo, quienes esta vez correr\u00e1n los&nbsp;10.000 metros. Ambas llegan con excelentes antecedentes recientes: Borelli roz\u00f3 su mejor marca personal en California y Ocampo se impuso el pasado fin de semana en el Medio Marat\u00f3n de Varsovia.<\/p>\n\n\n\n<p>Tambi\u00e9n dir\u00e1n presente los campeones sudamericanos de la \u00faltima edici\u00f3n en S\u00e3o Paulo 2023:&nbsp;Diego Javier Lacamoire&nbsp;en 1500 metros,&nbsp;Carlos Layoy&nbsp;en salto en alto y&nbsp;Fedra Luna&nbsp;en pruebas de medio fondo.<\/p>\n\n\n\n<p>Entre los nombres destacados sobresale&nbsp;Joaqu\u00edn G\u00f3mez, due\u00f1o del&nbsp;r\u00e9cord nacional de lanzamiento de martillo&nbsp;con 77,10 metros, y&nbsp;Eli\u00e1n Larregina, semifinalista ol\u00edmpico y plusmarquista argentino en 400 metros. En las pruebas de velocidad, hay grandes expectativas sobre&nbsp;Juan Ciampitti, subcampe\u00f3n iberoamericano en 200 metros, y sobre el relevo&nbsp;4\u00d7100 masculino, medallista panamericano en Santiago 2023.<\/p>\n\n\n\n<p>Adem\u00e1s, una nueva generaci\u00f3n se suma con fuerza:&nbsp;Tom\u00e1s Villegas&nbsp;(100m en 10.21),&nbsp;Francisco Ferreccio&nbsp;y&nbsp;Helen Bernard Stilling&nbsp;(vallas),&nbsp;Carolina Scarponi&nbsp;(garrocha),&nbsp;Victoria Zanolli&nbsp;(largo), junto a las martillistas&nbsp;Giuliana Baigorria&nbsp;y&nbsp;Carmela Cocco, todos con destacadas actuaciones en categor\u00edas juveniles.<\/p>\n\n\n\n<p><strong>Atletas convocadas<\/strong><\/p>\n\n\n\n<p><strong>Velocidad:&nbsp;<\/strong>Florencia Lamboglia, Guillermina Cossio, Bel\u00e9n Fritzsche, Valentina Napolitano<\/p>\n\n\n\n<p><strong>400 y vallas:<\/strong>&nbsp;Noela Mart\u00ednez, Malena Galv\u00e1n, Helen Bernard Stilling, Marlene Koss<\/p>\n\n\n\n<p><strong>800 y mediofondo:&nbsp;<\/strong>Martina Escudero, Karen Rocca, Fedra Luna, Micaela Levaggi<\/p>\n\n\n\n<p><strong>Fondo:<\/strong>&nbsp;Florencia Borelli, Daiana Ocampo, Sof\u00eda G\u00f3mez, Carolina Lozano<\/p>\n\n\n\n<p><strong>Saltos y garrocha:<\/strong>&nbsp;Victoria Zanolli, Luciana Gennari, Carolina Scarponi<\/p>\n\n\n\n<p><strong>Lanzamientos:&nbsp;<\/strong>Ail\u00e9n Armada, Candela Ratibel, Julieta Salguero, Giuliana Baigorria, Carmela Cocco<\/p>\n\n\n\n<p><strong>Postas:<\/strong>&nbsp;Camila Correa (4\u00d7400)<\/p>\n\n\n\n<p><strong>Atletas convocados<\/strong><\/p>\n\n\n\n<p><strong>Velocidad:&nbsp;<\/strong>Franco Florio, Tom\u00e1s Villegas, Daniel Londero, Juan Ciampitti, Lucas Villegas, Tom\u00e1s Mondino<\/p>\n\n\n\n<p><strong>400 y vallas:<\/strong>&nbsp;Eli\u00e1n Larregina, Nahuel Pinti, Bruno De Genaro, Juli\u00e1n Pereyra<\/p>\n\n\n\n<p><strong>800 y mediofondo:&nbsp;<\/strong>Franco Peid\u00f3n, Estanislao Mendivil, Diego Lacamoire<\/p>\n\n\n\n<p><strong>Fondo:<\/strong>&nbsp;Mat\u00edas Reynaga, Fernando Chaves, Alan Niestroj, Marcelo Manrique<\/p>\n\n\n\n<p><strong>Vallas y obst\u00e1culos:<\/strong>&nbsp;Francisco Ferreccio, Renzo Cremaschi, Carlos Johnson, Hip\u00f3lito Pereiro<\/p>\n\n\n\n<p><strong>Marcha:<\/strong>&nbsp;Juan Manuel Cano<\/p>\n\n\n\n<p><strong>Saltos:<\/strong>&nbsp;Carlos Layoy, Santiago Barber\u00eda, Agust\u00edn Carirl, Mart\u00edn Saavedra, Luciano Ferrari, Nazareno Melgarejo, Maximiliano D\u00edaz<\/p>\n\n\n\n<p><strong>Lanzamientos:<\/strong>&nbsp;Juan Carballo, Juan Arri\u00e9guez, L\u00e1zaro Bonora, Tom\u00e1s Pacheco, Agust\u00edn Osorio, Joaqu\u00edn G\u00f3mez, Tom\u00e1s Olivera<\/p>\n\n\n\n<p><strong>Decatl\u00f3n:<\/strong>&nbsp;Eric Gill, Sergio Pandiani<\/p>\n\n\n\n<p><strong>Postas:<\/strong>&nbsp;Tom\u00e1s Mir\u00f3n (4\u00d7400)<\/p>\n\n\n\n<blockquote class=\"wp-block-quote is-layout-flow wp-block-quote-is-layout-flow\">\n<p>www.analisisdigital.com.ar<\/p>\n<\/blockquote>\n","protected":false},"excerpt":{"rendered":"<p>Con presencia entrerriana, la Confederaci\u00f3n Argentina de Atletismo (CADA) oficializ\u00f3 este viernes la n\u00f3mina de&#8230;<\/p>\n","protected":false},"author":2,"featured_media":3433,"comment_status":"open","ping_status":"open","sticky":false,"template":"","format":"standard","meta":{"footnotes":""},"categories":[5],"tags":[],"class_list":["post-3432","post","type-post","status-publish","format-standard","has-post-thumbnail","hentry","category-atletismo"],"featured_image_urls":{"full":["https:\/\/deportodos.com.ar\/2023\/wp-content\/uploads\/2025\/04\/diseno_sin_titulo_101.png",450,300,false],"thumbnail":["https:\/\/deportodos.com.ar\/2023\/wp-content\/uploads\/2025\/04\/diseno_sin_titulo_101-150x150.png",150,150,true],"medium":["https:\/\/deportodos.com.ar\/2023\/wp-content\/uploads\/2025\/04\/diseno_sin_titulo_101-300x200.png",300,200,true],"medium_large":["https:\/\/deportodos.com.ar\/2023\/wp-content\/uploads\/2025\/04\/diseno_sin_titulo_101.png",450,300,false],"large":["https:\/\/deportodos.com.ar\/2023\/wp-content\/uploads\/2025\/04\/diseno_sin_titulo_101.png",450,300,false],"1536x1536":["https:\/\/deportodos.com.ar\/2023\/wp-content\/uploads\/2025\/04\/diseno_sin_titulo_101.png",450,300,false],"2048x2048":["https:\/\/deportodos.com.ar\/2023\/wp-content\/uploads\/2025\/04\/diseno_sin_titulo_101.png",450,300,false],"covernews-featured":["https:\/\/deportodos.com.ar\/2023\/wp-content\/uploads\/2025\/04\/diseno_sin_titulo_101.png",450,300,false],"covernews-medium":["https:\/\/deportodos.com.ar\/2023\/wp-content\/uploads\/2025\/04\/diseno_sin_titulo_101.png",450,300,false]},"author_info":{"display_name":"c2530142","author_link":"https:\/\/deportodos.com.ar\/2023\/author\/c2530142\/"},"category_info":"<a href=\"https:\/\/deportodos.com.ar\/2023\/category\/atletismo\/\" rel=\"category tag\">Atletismo<\/a>","tag_info":"Atletismo","comment_count":"0","_links":{"self":[{"href":"https:\/\/deportodos.com.ar\/2023\/wp-json\/wp\/v2\/posts\/3432","targetHints":{"allow":["GET"]}}],"collection":[{"href":"https:\/\/deportodos.com.ar\/2023\/wp-json\/wp\/v2\/posts"}],"about":[{"href":"https:\/\/deportodos.com.ar\/2023\/wp-json\/wp\/v2\/types\/post"}],"author":[{"embeddable":true,"href":"https:\/\/deportodos.com.ar\/2023\/wp-json\/wp\/v2\/users\/2"}],"replies":[{"embeddable":true,"href":"https:\/\/deportodos.com.ar\/2023\/wp-json\/wp\/v2\/comments?post=3432"}],"version-history":[{"count":1,"href":"https:\/\/deportodos.com.ar\/2023\/wp-json\/wp\/v2\/posts\/3432\/revisions"}],"predecessor-version":[{"id":3434,"href":"https:\/\/deportodos.com.ar\/2023\/wp-json\/wp\/v2\/posts\/3432\/revisions\/3434"}],"wp:featuredmedia":[{"embeddable":true,"href":"https:\/\/deportodos.com.ar\/2023\/wp-json\/wp\/v2\/media\/3433"}],"wp:attachment":[{"href":"https:\/\/deportodos.com.ar\/2023\/wp-json\/wp\/v2\/media?parent=3432"}],"wp:term":[{"taxonomy":"category","embeddable":true,"href":"https:\/\/deportodos.com.ar\/2023\/wp-json\/wp\/v2\/categories?post=3432"},{"taxonomy":"post_tag","embeddable":true,"href":"https:\/\/deportodos.com.ar\/2023\/wp-json\/wp\/v2\/tags?post=3432"}],"curies":[{"name":"wp","href":"https:\/\/api.w.org\/{rel}","templated":true}]}}