{"id":3451,"date":"2025-04-26T23:53:49","date_gmt":"2025-04-26T23:53:49","guid":{"rendered":"https:\/\/deportodos.com.ar\/2023\/?p=3451"},"modified":"2025-04-26T23:53:49","modified_gmt":"2025-04-26T23:53:49","slug":"emotivo-homenaje-a-los-35-anos-del-autoclub-de-concepcion-del-uruguay","status":"publish","type":"post","link":"https:\/\/deportodos.com.ar\/2023\/emotivo-homenaje-a-los-35-anos-del-autoclub-de-concepcion-del-uruguay\/","title":{"rendered":"EMOTIVO HOMENAJE A LOS 35 A\u00d1OS DEL AUTOCLUB DE CONCEPCI\u00d3N DEL URUGUAY"},"content":{"rendered":"\n<p>El Centro C\u00edvico fue testigo de un evento emotivo que reuni\u00f3 a apasionados del automovilismo de Concepci\u00f3n del Uruguay, distinguida \u00abciudad fierrera\u00bb. La Municipalidad de Concepci\u00f3n del Uruguay rindi\u00f3 un sentido homenaje a los 35 a\u00f1os de historia del Autoclub, una instituci\u00f3n que ha sido cuna de muchos pilotos destacados en la regi\u00f3n.<\/p>\n\n\n\n<p>Durante el acto, se realiz\u00f3 un reconocimiento especial a los fundadores del Autoclub, quienes con su pasi\u00f3n y dedicaci\u00f3n sentaron las bases de lo que hoy es una instituci\u00f3n emblem\u00e1tica en la ciudad, siendo protagonistas claves en la organizaci\u00f3n de eventos automovil\u00edsticos en la regi\u00f3n, destac\u00e1ndose la primera fecha del Rally Entrerriano en 1990.<\/p>\n\n\n\n<figure class=\"wp-block-image aligncenter\"><img decoding=\"async\" src=\"https:\/\/03442.com.ar\/wp-content\/uploads\/2025\/04\/Rally-1-2.jpg\" alt=\"\" class=\"wp-image-478217\"\/><\/figure>\n\n\n\n<p>En un gesto de gratitud, el intendente Jos\u00e9 Lauritto y la viceintendenta Rossana Sosa Zitto, acompa\u00f1ados por concejales y los intendentes de San Justo, Villa Mantero y Pronunciamiento, junto al Presidente del Autoclub, Osvaldo Barzotti, y al Presidente de R\u00edo Uruguay Seguros, Juan Carlos Lucio Godoy, entregaron reconocimientos a los integrantes de la primera comisi\u00f3n del Autoclub que contin\u00faan trabajando activamente por el automovilismo y a las familias de aquellos fundadores que ya no est\u00e1n con nosotros.<\/p>\n\n\n\n<p>El acta constitutiva que dio vida al Autoclub est\u00e1 compuesta por destacados ciudadanos que marcaron el inicio: Carlos Antonio Cura, Horacio Nicol\u00e1s Garmendia, Jorge Alberto Lacava, Enrique Roberto Caffa, Luis Gerardo Colombo, Luis Solga, Rodolfo Santos Bartet, N\u00e9stor Eloy Scolamieri, H\u00e9ctor Eduardo Pepe, Jos\u00e9 Ram\u00f3n Gonzalez, Mart\u00edn Chiloteguy Mart\u00ednez, Miguel Ra\u00fal Vercellino, Daniel Oscar Reynoso, Roque Ram\u00f3n Laurino, Luis Juan Puchulu, Julio Mario Benitez, Juan Mario Gianello, Jos\u00e9 Antonio Etchepare, Luis Ricardo Bourlot, Juan Jos\u00e9 Degregori, Alberto Alcides Carelli y Adolfo Bernardino Zeigner.<\/p>\n\n\n\n<p>Por otra parte, la Municipalidad de Concepci\u00f3n del Uruguay destac\u00f3 la importancia de preservar y promover la memoria del automovilismo local. En este sentido, se reconoci\u00f3 especialmente a aquellos periodistas que, desde los inicios del Rally Entrerriano, han jugado un papel fundamental en la difusi\u00f3n y promoci\u00f3n de este deporte.<\/p>\n\n\n\n<p>La labor de estos periodistas ha sido clave para dar a conocer y fomentar la pasi\u00f3n por el automovilismo en la regi\u00f3n, permitiendo que el Rally Entrerriano se convirtiera en un evento emblem\u00e1tico y seguido por muchos. La difusi\u00f3n y el periodismo especializado son fundamentales para el crecimiento y la visibilidad de cualquier deporte, y en este caso, han sido esenciales para consolidar al Rally Entrerriano como referentes del automovilismo en la regi\u00f3n: Juan Locatelli, Miguel \u00c1ngel Spiro, Enrique Pontelli, Enrique Caffa, Antonio Bachmann y Diego Neuherz.<br><\/p>\n\n\n\n<blockquote class=\"wp-block-quote is-layout-flow wp-block-quote-is-layout-flow\">\n<p>www.03442.com.ar<\/p>\n<\/blockquote>\n","protected":false},"excerpt":{"rendered":"<p>El Centro C\u00edvico fue testigo de un evento emotivo que reuni\u00f3 a apasionados del automovilismo&#8230;<\/p>\n","protected":false},"author":2,"featured_media":3452,"comment_status":"open","ping_status":"open","sticky":false,"template":"","format":"standard","meta":{"footnotes":""},"categories":[6],"tags":[],"class_list":["post-3451","post","type-post","status-publish","format-standard","has-post-thumbnail","hentry","category-automovilismo"],"featured_image_urls":{"full":["https:\/\/deportodos.com.ar\/2023\/wp-content\/uploads\/2025\/04\/Rally-3.webp",800,538,false],"thumbnail":["https:\/\/deportodos.com.ar\/2023\/wp-content\/uploads\/2025\/04\/Rally-3-150x150.webp",150,150,true],"medium":["https:\/\/deportodos.com.ar\/2023\/wp-content\/uploads\/2025\/04\/Rally-3-300x202.webp",300,202,true],"medium_large":["https:\/\/deportodos.com.ar\/2023\/wp-content\/uploads\/2025\/04\/Rally-3-768x516.webp",640,430,true],"large":["https:\/\/deportodos.com.ar\/2023\/wp-content\/uploads\/2025\/04\/Rally-3.webp",640,430,false],"1536x1536":["https:\/\/deportodos.com.ar\/2023\/wp-content\/uploads\/2025\/04\/Rally-3.webp",800,538,false],"2048x2048":["https:\/\/deportodos.com.ar\/2023\/wp-content\/uploads\/2025\/04\/Rally-3.webp",800,538,false],"covernews-featured":["https:\/\/deportodos.com.ar\/2023\/wp-content\/uploads\/2025\/04\/Rally-3.webp",800,538,false],"covernews-medium":["https:\/\/deportodos.com.ar\/2023\/wp-content\/uploads\/2025\/04\/Rally-3-540x340.webp",540,340,true]},"author_info":{"display_name":"c2530142","author_link":"https:\/\/deportodos.com.ar\/2023\/author\/c2530142\/"},"category_info":"<a href=\"https:\/\/deportodos.com.ar\/2023\/category\/automovilismo\/\" rel=\"category tag\">Automovilismo<\/a>","tag_info":"Automovilismo","comment_count":"0","_links":{"self":[{"href":"https:\/\/deportodos.com.ar\/2023\/wp-json\/wp\/v2\/posts\/3451","targetHints":{"allow":["GET"]}}],"collection":[{"href":"https:\/\/deportodos.com.ar\/2023\/wp-json\/wp\/v2\/posts"}],"about":[{"href":"https:\/\/deportodos.com.ar\/2023\/wp-json\/wp\/v2\/types\/post"}],"author":[{"embeddable":true,"href":"https:\/\/deportodos.com.ar\/2023\/wp-json\/wp\/v2\/users\/2"}],"replies":[{"embeddable":true,"href":"https:\/\/deportodos.com.ar\/2023\/wp-json\/wp\/v2\/comments?post=3451"}],"version-history":[{"count":1,"href":"https:\/\/deportodos.com.ar\/2023\/wp-json\/wp\/v2\/posts\/3451\/revisions"}],"predecessor-version":[{"id":3453,"href":"https:\/\/deportodos.com.ar\/2023\/wp-json\/wp\/v2\/posts\/3451\/revisions\/3453"}],"wp:featuredmedia":[{"embeddable":true,"href":"https:\/\/deportodos.com.ar\/2023\/wp-json\/wp\/v2\/media\/3452"}],"wp:attachment":[{"href":"https:\/\/deportodos.com.ar\/2023\/wp-json\/wp\/v2\/media?parent=3451"}],"wp:term":[{"taxonomy":"category","embeddable":true,"href":"https:\/\/deportodos.com.ar\/2023\/wp-json\/wp\/v2\/categories?post=3451"},{"taxonomy":"post_tag","embeddable":true,"href":"https:\/\/deportodos.com.ar\/2023\/wp-json\/wp\/v2\/tags?post=3451"}],"curies":[{"name":"wp","href":"https:\/\/api.w.org\/{rel}","templated":true}]}}