{"id":3461,"date":"2025-04-28T01:37:04","date_gmt":"2025-04-28T01:37:04","guid":{"rendered":"https:\/\/deportodos.com.ar\/2023\/?p=3461"},"modified":"2025-04-28T01:37:05","modified_gmt":"2025-04-28T01:37:05","slug":"el-rally-paso-por-concepcion-del-uruguay","status":"publish","type":"post","link":"https:\/\/deportodos.com.ar\/2023\/el-rally-paso-por-concepcion-del-uruguay\/","title":{"rendered":"EL RALLY PASO POR CONCEPCION DEL URUGUAY"},"content":{"rendered":"\n<p>Termino con \u00e9xito hoy la segunda del a\u00f1o del Rally Entrerriano RUS en Concepci\u00f3n del<br>Uruguay, donde Nelson Bonnin y Javier Benitez se quedaron con la Clasificaci\u00f3n General.<br>La jornada arranco con algunas lluvias nuevamente que atrasaron un poco el inicio de las actividades y obligaron a suspender una de las pasadas por el tramo del Aut\u00f3dromo, quedando cuatro Pruebas Especiales para disputar, que fueron disfrutadas por una importante cantidad de publico, que se junto al costado del camino para ver el paso de los 39 autos habilitados para largar la Segunda Etapa.<br>LA Clase A6.<br>Bonnin-Brenitez ganaron todos los tramos del d\u00eda, qued\u00e1ndose con la etapa y la carrera, segundos y penando con la caja de cambios culminaron Guillermo Pit\u00f3n y Juan Capurro y terceros Daniel Bonnin y Walter Traverso.<br>La Clase N7.<br>Luciano Lambert y Francisco Uboldi completaron el trabajo iniciado ayer ganando la carrera, segundos fueron Rom\u00e1n Marinelli y Guido Simian, que ganaron la etapa y la Power Stage y terceros Julio Erpen y Pablo Salvid\u00eda.<br>La Clase N7.<br>La Carrera fue ganada por M\u00e1ximo Frare y Mirko Giordan; desde el segundo puesto hacia atr\u00e1s la clasificaci\u00f3n quedo en suspenso, ya que se retiraron piezas del segundo y tercer auto para ser llevados por el Comisario T\u00e9cnico para su evaluaci\u00f3n.<br>La Clase N9 16v.<br>Daniel Parravicini y Nicolas Lauria se quedaron con la carrera ganando tambi\u00e9n la etapa, sus escoltas fueron Cristian D\u2019Elia y Darcy Frascheri y terceros arribaron Dante Lanterna y Daniel Fritzler, la Power Stage quedo para Santiago Pontelli y Martin Chivetti.<br>La Clase N9 8V.<br>Federico Garcia y Mirko Sleger ganaron la carrera, la etapa y la Power Stage, siendo sus escoltas Stefano Saks y Pablo Odiard.<\/p>\n","protected":false},"excerpt":{"rendered":"<p>Termino con \u00e9xito hoy la segunda del a\u00f1o del Rally Entrerriano RUS en Concepci\u00f3n delUruguay,&#8230;<\/p>\n","protected":false},"author":2,"featured_media":3462,"comment_status":"open","ping_status":"open","sticky":false,"template":"","format":"standard","meta":{"footnotes":""},"categories":[6],"tags":[],"class_list":["post-3461","post","type-post","status-publish","format-standard","has-post-thumbnail","hentry","category-automovilismo"],"featured_image_urls":{"full":["https:\/\/deportodos.com.ar\/2023\/wp-content\/uploads\/2025\/04\/FB_IMG_1745804202368.jpg",1080,1350,false],"thumbnail":["https:\/\/deportodos.com.ar\/2023\/wp-content\/uploads\/2025\/04\/FB_IMG_1745804202368-150x150.jpg",150,150,true],"medium":["https:\/\/deportodos.com.ar\/2023\/wp-content\/uploads\/2025\/04\/FB_IMG_1745804202368-240x300.jpg",240,300,true],"medium_large":["https:\/\/deportodos.com.ar\/2023\/wp-content\/uploads\/2025\/04\/FB_IMG_1745804202368-768x960.jpg",640,800,true],"large":["https:\/\/deportodos.com.ar\/2023\/wp-content\/uploads\/2025\/04\/FB_IMG_1745804202368-819x1024.jpg",640,800,true],"1536x1536":["https:\/\/deportodos.com.ar\/2023\/wp-content\/uploads\/2025\/04\/FB_IMG_1745804202368.jpg",1080,1350,false],"2048x2048":["https:\/\/deportodos.com.ar\/2023\/wp-content\/uploads\/2025\/04\/FB_IMG_1745804202368.jpg",1080,1350,false],"covernews-featured":["https:\/\/deportodos.com.ar\/2023\/wp-content\/uploads\/2025\/04\/FB_IMG_1745804202368-1024x1280.jpg",1024,1280,true],"covernews-medium":["https:\/\/deportodos.com.ar\/2023\/wp-content\/uploads\/2025\/04\/FB_IMG_1745804202368-540x340.jpg",540,340,true]},"author_info":{"display_name":"c2530142","author_link":"https:\/\/deportodos.com.ar\/2023\/author\/c2530142\/"},"category_info":"<a href=\"https:\/\/deportodos.com.ar\/2023\/category\/automovilismo\/\" rel=\"category tag\">Automovilismo<\/a>","tag_info":"Automovilismo","comment_count":"0","_links":{"self":[{"href":"https:\/\/deportodos.com.ar\/2023\/wp-json\/wp\/v2\/posts\/3461","targetHints":{"allow":["GET"]}}],"collection":[{"href":"https:\/\/deportodos.com.ar\/2023\/wp-json\/wp\/v2\/posts"}],"about":[{"href":"https:\/\/deportodos.com.ar\/2023\/wp-json\/wp\/v2\/types\/post"}],"author":[{"embeddable":true,"href":"https:\/\/deportodos.com.ar\/2023\/wp-json\/wp\/v2\/users\/2"}],"replies":[{"embeddable":true,"href":"https:\/\/deportodos.com.ar\/2023\/wp-json\/wp\/v2\/comments?post=3461"}],"version-history":[{"count":1,"href":"https:\/\/deportodos.com.ar\/2023\/wp-json\/wp\/v2\/posts\/3461\/revisions"}],"predecessor-version":[{"id":3463,"href":"https:\/\/deportodos.com.ar\/2023\/wp-json\/wp\/v2\/posts\/3461\/revisions\/3463"}],"wp:featuredmedia":[{"embeddable":true,"href":"https:\/\/deportodos.com.ar\/2023\/wp-json\/wp\/v2\/media\/3462"}],"wp:attachment":[{"href":"https:\/\/deportodos.com.ar\/2023\/wp-json\/wp\/v2\/media?parent=3461"}],"wp:term":[{"taxonomy":"category","embeddable":true,"href":"https:\/\/deportodos.com.ar\/2023\/wp-json\/wp\/v2\/categories?post=3461"},{"taxonomy":"post_tag","embeddable":true,"href":"https:\/\/deportodos.com.ar\/2023\/wp-json\/wp\/v2\/tags?post=3461"}],"curies":[{"name":"wp","href":"https:\/\/api.w.org\/{rel}","templated":true}]}}