{"id":3469,"date":"2025-04-28T19:09:42","date_gmt":"2025-04-28T19:09:42","guid":{"rendered":"https:\/\/deportodos.com.ar\/2023\/?p=3469"},"modified":"2025-04-28T19:09:44","modified_gmt":"2025-04-28T19:09:44","slug":"ciclismo-de-ruta-en-concordia","status":"publish","type":"post","link":"https:\/\/deportodos.com.ar\/2023\/ciclismo-de-ruta-en-concordia\/","title":{"rendered":"CICLISMO DE RUTA EN CONCORDIA"},"content":{"rendered":"\n<p>Gran jornada de ciclismo de ruta se vivi\u00f3 el pasado s\u00e1bado 26 de abril en el aut\u00f3dromo de la ciudad de Concordia, evento deportivo organizado por la pe\u00f1a ciclista \u00abLos amigos del pedal\u00bb. Participaron pedalista de toda la regi\u00f3n y tambi\u00e9n del pa\u00eds vecino Rep\u00fablica Oriental del Uruguay, con la presencia de m\u00e1s de 80 deportistas hicieron de la jornada un gran espect\u00e1culo para el p\u00fablico presente.<br>La categor\u00eda elite compiti\u00f3 durante una hora y 10 minutos donde el ganador fue de manera impecable el federsense Agust\u00edn Navarro llegando escapado del pelot\u00f3n principal. En la categor\u00eda m\u00e1ster \u00abD\u00bb compititieron durante cuarenta minutos m\u00e1s una vuelta y el ganador fue Federico Chiecher; en la categor\u00eda Master \u00abE\u00bb tambi\u00e9n compiti\u00f3 durante cuarenta minutos m\u00e1s una vuelta y el ganador fue Jos\u00e9 S\u00e1nchez. En la categor\u00eda promocional compitieron durante treinta minutos m\u00e1s una vuelta y el ganador fue Facundo Maidana y en la categor\u00eda mayores 45 a\u00f1os el compitieron durante 45 minutos m\u00e1s una vuelta y el ganador fue Juan Carlos Ortiz de la ciudad de San Salvador.<\/p>\n\n\n\n<p>Resultados<br>Categor\u00eda elite<br>1\u00b0 Agust\u00edn Navarro (Federaci\u00f3n)<br>2\u00b0 Ezequiel del Real (Paso de los libres)<br>3\u00b0 Maximiliano Buenar (Villaguay)<br>4\u00b0 Federico Savio (Concordia) 5\u00b0 Valent\u00edn Castro (Concordia)<\/p>\n\n\n\n<p>Categor\u00eda Promocional<br>1\u00b0Facundo Maidana (Concordia)<br>2\u00b0 Gast\u00f3n Ramos (Concordia) 3\u00b0 Nizz Yamir (Concordia)<br>4\u00b0 Juan Pablo Arrua (Concordia)<br>5\u00b0 Ramiro D\u00edaz (Paso de los libres)<br>Categor\u00eda m\u00e1ster \u00abD\u00bb<br>1\u00b0 Federico Chiecher (Concordia)<br>2\u00b0 Luis Araujo (Salto)<br>3\u00b0 Daniel Asmet (Concordia) 4\u00b0Antonio tupone (Concordia) 5\u00b0Gonz\u00e1lez Juan (Federaci\u00f3n)<\/p>\n\n\n\n<p>Categor\u00eda mayores de 45 a\u00f1os<br>1\u00b0Juan Carlos Ortiz (San Salvador)<br>2\u00b0Luis alpuy (Concordia)<br>3\u00b0Hugo Ibarra (Gualeguay) 4\u00b0Mart\u00edn Marchessi (Chajar\u00ed) 5\u00b0 Oscar Vidal (Federal)<br>6\u00b0 Antonio D\u00edaz (Paso de los libres)<br>Categor\u00eda Master \u00abE\u00bb<br>1\u00b0Jos\u00e9 S\u00e1nchez (Concordia) 2\u00b0Ram\u00f3n Areguatti (Concordia)<br>3\u00b0Jos\u00e9 Mar\u00eda Mart\u00ednez (Concordia)<\/p>\n","protected":false},"excerpt":{"rendered":"<p>Gran jornada de ciclismo de ruta se vivi\u00f3 el pasado s\u00e1bado 26 de abril en&#8230;<\/p>\n","protected":false},"author":2,"featured_media":3472,"comment_status":"open","ping_status":"open","sticky":false,"template":"","format":"standard","meta":{"footnotes":""},"categories":[16],"tags":[],"class_list":["post-3469","post","type-post","status-publish","format-standard","has-post-thumbnail","hentry","category-ciclismo"],"featured_image_urls":{"full":["https:\/\/deportodos.com.ar\/2023\/wp-content\/uploads\/2025\/04\/IMG-20250428-WA0045.jpg",1080,948,false],"thumbnail":["https:\/\/deportodos.com.ar\/2023\/wp-content\/uploads\/2025\/04\/IMG-20250428-WA0045-150x150.jpg",150,150,true],"medium":["https:\/\/deportodos.com.ar\/2023\/wp-content\/uploads\/2025\/04\/IMG-20250428-WA0045-300x263.jpg",300,263,true],"medium_large":["https:\/\/deportodos.com.ar\/2023\/wp-content\/uploads\/2025\/04\/IMG-20250428-WA0045-768x674.jpg",640,562,true],"large":["https:\/\/deportodos.com.ar\/2023\/wp-content\/uploads\/2025\/04\/IMG-20250428-WA0045-1024x899.jpg",640,562,true],"1536x1536":["https:\/\/deportodos.com.ar\/2023\/wp-content\/uploads\/2025\/04\/IMG-20250428-WA0045.jpg",1080,948,false],"2048x2048":["https:\/\/deportodos.com.ar\/2023\/wp-content\/uploads\/2025\/04\/IMG-20250428-WA0045.jpg",1080,948,false],"covernews-featured":["https:\/\/deportodos.com.ar\/2023\/wp-content\/uploads\/2025\/04\/IMG-20250428-WA0045-1024x899.jpg",1024,899,true],"covernews-medium":["https:\/\/deportodos.com.ar\/2023\/wp-content\/uploads\/2025\/04\/IMG-20250428-WA0045-540x340.jpg",540,340,true]},"author_info":{"display_name":"c2530142","author_link":"https:\/\/deportodos.com.ar\/2023\/author\/c2530142\/"},"category_info":"<a href=\"https:\/\/deportodos.com.ar\/2023\/category\/ciclismo\/\" rel=\"category tag\">Ciclismo<\/a>","tag_info":"Ciclismo","comment_count":"0","_links":{"self":[{"href":"https:\/\/deportodos.com.ar\/2023\/wp-json\/wp\/v2\/posts\/3469","targetHints":{"allow":["GET"]}}],"collection":[{"href":"https:\/\/deportodos.com.ar\/2023\/wp-json\/wp\/v2\/posts"}],"about":[{"href":"https:\/\/deportodos.com.ar\/2023\/wp-json\/wp\/v2\/types\/post"}],"author":[{"embeddable":true,"href":"https:\/\/deportodos.com.ar\/2023\/wp-json\/wp\/v2\/users\/2"}],"replies":[{"embeddable":true,"href":"https:\/\/deportodos.com.ar\/2023\/wp-json\/wp\/v2\/comments?post=3469"}],"version-history":[{"count":1,"href":"https:\/\/deportodos.com.ar\/2023\/wp-json\/wp\/v2\/posts\/3469\/revisions"}],"predecessor-version":[{"id":3473,"href":"https:\/\/deportodos.com.ar\/2023\/wp-json\/wp\/v2\/posts\/3469\/revisions\/3473"}],"wp:featuredmedia":[{"embeddable":true,"href":"https:\/\/deportodos.com.ar\/2023\/wp-json\/wp\/v2\/media\/3472"}],"wp:attachment":[{"href":"https:\/\/deportodos.com.ar\/2023\/wp-json\/wp\/v2\/media?parent=3469"}],"wp:term":[{"taxonomy":"category","embeddable":true,"href":"https:\/\/deportodos.com.ar\/2023\/wp-json\/wp\/v2\/categories?post=3469"},{"taxonomy":"post_tag","embeddable":true,"href":"https:\/\/deportodos.com.ar\/2023\/wp-json\/wp\/v2\/tags?post=3469"}],"curies":[{"name":"wp","href":"https:\/\/api.w.org\/{rel}","templated":true}]}}