{"id":3508,"date":"2025-05-06T11:28:54","date_gmt":"2025-05-06T11:28:54","guid":{"rendered":"https:\/\/deportodos.com.ar\/2023\/?p=3508"},"modified":"2025-05-06T11:28:55","modified_gmt":"2025-05-06T11:28:55","slug":"catriel-soto-el-entrerriano-de-oro-gano-el-desafio-del-rio-pinto-2025","status":"publish","type":"post","link":"https:\/\/deportodos.com.ar\/2023\/catriel-soto-el-entrerriano-de-oro-gano-el-desafio-del-rio-pinto-2025\/","title":{"rendered":"CATRIEL SOTO, EL ENTRERRIANO DE ORO, GAN\u00d3 EL DESAF\u00cdO DEL R\u00cdO PINTO 2025"},"content":{"rendered":"\n<p>Este domingo, en un cierre electrizante y bajo una persistente lluvia, el ciclista Catriel Soto, oriundo de Col\u00f3n, Entre R\u00edos, se consagr\u00f3 campe\u00f3n del Desaf\u00edo del R\u00edo Pinto 2025 en la categor\u00eda profesional masculina, la competencia de ciclismo de monta\u00f1a m\u00e1s multitudinaria e importante de Argentina.<\/p>\n\n\n\n<p>Soto cruz\u00f3 la meta tras 2 horas, 49 minutos y 44 segundos, imponi\u00e9ndose en un ajustado sprint final ante Fernando Contreras, de Maip\u00fa, Mendoza, quien obtuvo el segundo puesto. El podio se complet\u00f3 con M\u00e1ximo Aiello, de Tandil, Buenos Aires.<\/p>\n\n\n\n<p>La exigente prueba, desarrollada en la provincia de C\u00f3rdoba, cont\u00f3 con la particularidad de la lluvia, que a\u00f1adi\u00f3 un condimento extra de dificultad al ya complejo recorrido de monta\u00f1a.<\/p>\n\n\n\n<p>Los cinco primeros puestos de la general masculina fueron:<\/p>\n\n\n\n<p>Catriel Soto (Col\u00f3n, Entre R\u00edos)<\/p>\n\n\n\n<p>Fernando Contreras (Maip\u00fa, Mendoza)<\/p>\n\n\n\n<p>M\u00e1ximo Aiello (Tandil, Buenos Aires)<\/p>\n\n\n\n<p>Agust\u00edn Dur\u00e1n (Chilecito, La Rioja)<\/p>\n\n\n\n<p>Nicol\u00e1s Antorena (R\u00edo Senguer, Chubut)<\/p>\n\n\n\n<p>En la rama profesional femenina, la vencedora fue Carolina In\u00e9s P\u00e9rez, de Mar del Plata, provincia de Buenos Aires, quien se impuso con solidez sobre el resto de las competidoras. El podio femenino se complet\u00f3 con:<\/p>\n\n\n\n<p>Carolina In\u00e9s P\u00e9rez (Mar del Plata, Buenos Aires)<\/p>\n\n\n\n<p>Y\u00e9sica Andr\u00e9s Cantelmi (General Pico, La Pampa)<\/p>\n\n\n\n<p>Carolina Vanesa Maldonado (Colonia Caroya, C\u00f3rdoba)<\/p>\n\n\n\n<p>In\u00e9s Guti\u00e9rrez (San Juan)<\/p>\n\n\n\n<p>Mar\u00eda Emilia Filgueira (Juan Bautista Alberdi, Tucum\u00e1n)<\/p>\n\n\n\n<p>El evento tambi\u00e9n incluy\u00f3 categor\u00edas Gravel y E-Mountain Bike, as\u00ed como divisiones para todas las edades. En la categor\u00eda Master E-1, se destac\u00f3 Ra\u00fal Labatte, oriundo de Pergamino, Buenos Aires, quien se llev\u00f3 el primer lugar.<\/p>\n\n\n\n<p>El Desaf\u00edo del R\u00edo Pinto volvi\u00f3 a demostrar por qu\u00e9 es la cita obligada del mountain bike nacional, y Entre R\u00edos dice presente con un campe\u00f3n que sigue haciendo historia.<\/p>\n\n\n\n<blockquote class=\"wp-block-quote is-layout-flow wp-block-quote-is-layout-flow\">\n<p>www.7paginas.com.ar<\/p>\n<\/blockquote>\n","protected":false},"excerpt":{"rendered":"<p>Este domingo, en un cierre electrizante y bajo una persistente lluvia, el ciclista Catriel Soto,&#8230;<\/p>\n","protected":false},"author":2,"featured_media":3509,"comment_status":"open","ping_status":"open","sticky":false,"template":"","format":"standard","meta":{"footnotes":""},"categories":[16],"tags":[],"class_list":["post-3508","post","type-post","status-publish","format-standard","has-post-thumbnail","hentry","category-ciclismo"],"featured_image_urls":{"full":["https:\/\/deportodos.com.ar\/2023\/wp-content\/uploads\/2025\/05\/IMG-20250506-WA0001.jpg",973,1359,false],"thumbnail":["https:\/\/deportodos.com.ar\/2023\/wp-content\/uploads\/2025\/05\/IMG-20250506-WA0001-150x150.jpg",150,150,true],"medium":["https:\/\/deportodos.com.ar\/2023\/wp-content\/uploads\/2025\/05\/IMG-20250506-WA0001-215x300.jpg",215,300,true],"medium_large":["https:\/\/deportodos.com.ar\/2023\/wp-content\/uploads\/2025\/05\/IMG-20250506-WA0001-768x1073.jpg",640,894,true],"large":["https:\/\/deportodos.com.ar\/2023\/wp-content\/uploads\/2025\/05\/IMG-20250506-WA0001-733x1024.jpg",640,894,true],"1536x1536":["https:\/\/deportodos.com.ar\/2023\/wp-content\/uploads\/2025\/05\/IMG-20250506-WA0001.jpg",973,1359,false],"2048x2048":["https:\/\/deportodos.com.ar\/2023\/wp-content\/uploads\/2025\/05\/IMG-20250506-WA0001.jpg",973,1359,false],"covernews-featured":["https:\/\/deportodos.com.ar\/2023\/wp-content\/uploads\/2025\/05\/IMG-20250506-WA0001.jpg",973,1359,false],"covernews-medium":["https:\/\/deportodos.com.ar\/2023\/wp-content\/uploads\/2025\/05\/IMG-20250506-WA0001-540x340.jpg",540,340,true]},"author_info":{"display_name":"c2530142","author_link":"https:\/\/deportodos.com.ar\/2023\/author\/c2530142\/"},"category_info":"<a href=\"https:\/\/deportodos.com.ar\/2023\/category\/ciclismo\/\" rel=\"category tag\">Ciclismo<\/a>","tag_info":"Ciclismo","comment_count":"0","_links":{"self":[{"href":"https:\/\/deportodos.com.ar\/2023\/wp-json\/wp\/v2\/posts\/3508","targetHints":{"allow":["GET"]}}],"collection":[{"href":"https:\/\/deportodos.com.ar\/2023\/wp-json\/wp\/v2\/posts"}],"about":[{"href":"https:\/\/deportodos.com.ar\/2023\/wp-json\/wp\/v2\/types\/post"}],"author":[{"embeddable":true,"href":"https:\/\/deportodos.com.ar\/2023\/wp-json\/wp\/v2\/users\/2"}],"replies":[{"embeddable":true,"href":"https:\/\/deportodos.com.ar\/2023\/wp-json\/wp\/v2\/comments?post=3508"}],"version-history":[{"count":1,"href":"https:\/\/deportodos.com.ar\/2023\/wp-json\/wp\/v2\/posts\/3508\/revisions"}],"predecessor-version":[{"id":3510,"href":"https:\/\/deportodos.com.ar\/2023\/wp-json\/wp\/v2\/posts\/3508\/revisions\/3510"}],"wp:featuredmedia":[{"embeddable":true,"href":"https:\/\/deportodos.com.ar\/2023\/wp-json\/wp\/v2\/media\/3509"}],"wp:attachment":[{"href":"https:\/\/deportodos.com.ar\/2023\/wp-json\/wp\/v2\/media?parent=3508"}],"wp:term":[{"taxonomy":"category","embeddable":true,"href":"https:\/\/deportodos.com.ar\/2023\/wp-json\/wp\/v2\/categories?post=3508"},{"taxonomy":"post_tag","embeddable":true,"href":"https:\/\/deportodos.com.ar\/2023\/wp-json\/wp\/v2\/tags?post=3508"}],"curies":[{"name":"wp","href":"https:\/\/api.w.org\/{rel}","templated":true}]}}