{"id":362,"date":"2023-11-14T05:05:27","date_gmt":"2023-11-14T05:05:27","guid":{"rendered":"https:\/\/deportodos.com.ar\/2023\/?p=362"},"modified":"2023-11-14T05:05:28","modified_gmt":"2023-11-14T05:05:28","slug":"rodriguez-y-saboredo-ganadores","status":"publish","type":"post","link":"https:\/\/deportodos.com.ar\/2023\/rodriguez-y-saboredo-ganadores\/","title":{"rendered":"RODR\u00cdGUEZ Y SABOREDO GANADORES"},"content":{"rendered":"\n<p>La concordiense Greta Victoria Rodr\u00edguez agreg\u00f3 otro triunfo en Villa Elisa, en lo que fue una muy buena actuaci\u00f3n de otros entrerrianos. Este pasado s\u00e1bado 11 de noviembre se realiz\u00f3 la edici\u00f3n N\u00b0 40 de la Prueba Atl\u00e9tica Ciudad de Villa Elisa, que estuvo organizada por del \u00c1rea municipal de Deportes a cargo del profesor Roly Orcellet y cont\u00f3 con el acompa\u00f1amiento de atletas locales y el auspicio de Termas Villa Elisa.<br>A las 18:00 horas se puso en marcha lo que ser\u00eda la distancia principal que cont\u00f3 180 corredores, sumados unos 50 de la caminata y 30 ni\u00f1os en total fueron unos 250 participantes del evento.<br>En cuanto a la carrera, estos fueron los primeros puestos de caballeros en la distancia de los 5km: el ganador fue el concordiense Juan Saboredo y secundado por Mateo Oteiza y Ramiro Gonz\u00e1lez.<br>En las damas la concordiense Greta Victoria Rodr\u00edguez, de Villa Adela, consigui\u00f3 otro triunfo en la ciudad de Villa Elisa despu\u00e9s de una seguidilla de triunfos en carrera de calle. Greta el a\u00f1o pasado hab\u00eda ganado pero la general de 10km y esta vez se impuso en los 5km, donde la secundaron Priscila Rodr\u00edguez, de San Jos\u00e9, y Vanesa Alvarez, de Concordia.<br>En la distancia de los 10km, el atleta de Corrientes Bruno Colombo sorprendi\u00f3 a todos con un andar muy fuerte en las dos vueltas y dobleg\u00f3 al atleta que representa a \u201cDeportes Vila Adela\u201d, Luis Barrio, quien en la edici\u00f3n pasada hab\u00eda sido el ganador. El tercero fue el bonaerense Adri\u00e1n Gordillo quien fuera durante muchos a\u00f1os el ganador de esta prueba.<br>En las damas la ganadora fue la bonaerense Guadalupe Rougier, quien pas\u00f3 la meta de llegada con tiempo de 41:52 para los 10km exactos del circuito. En segundo lugar lleg\u00f3 la atleta felicianera Rosa Monz\u00f3n. Esta joven atleta viene escalando de a poco en la carrera de calle y empieza a estar en los primeros lugares. En tercer lugar lleg\u00f3 una hist\u00f3rica en carreras de calle, la concordiense Lilian Cebri\u00e1n.<\/p>\n\n\n\n<p>5K<br>Damas<br>1\u00b0Rodr\u00edguez, Greta Victoria (Villa Adela) 0:20:58<br>2\u00b0Rodr\u00edguez, Priscila (San Jos\u00e9) 0:23:15<br>3\u00b0\u00c1lvarez, Vanesa (Concordia) 0:23:57<br>4\u00b0Vernay, Denise Nair (Villa Elisa) 0:28:09<br>5\u00b0Fern\u00e1ndez, Marlene (Concepci\u00f3n del Uruguay) 0:29:33<\/p>\n\n\n\n<p>Caballeros<br>1\u00b0Saboredo, Juan (Concordia) 0:16:28<br>2\u00b0Oteizza, Mate (San Salvador) 0:18:00<br>3\u00b0Gonzalez, Ramiro (Villa Clara) 0:19:27<br>4\u00b0Almada, Carlos Alberto (San Salvador) 0:19:44<br>5\u00b0Kreiman, Manuel (Villa Elisa) 0:20:55<\/p>\n\n\n\n<p>General 10K<br>Damas<br>1\u00b0Rougier, Guadalupe (San Miguel) 0:41:52<br>2\u00b0Monzon, Rosa (Feliciano) 0:42:42<br>3\u00b0Cebrian, Lilian Elisabet (Concordia) 0:44:35<br>4\u00b0Lalanda, Paola Graciela (Villaguay) 0:45:00<br>5\u00b0Bel, Ver\u00f3nica (Villa Elisa) 0:47:33<\/p>\n\n\n\n<p>10K<br>Caballeros<br>1\u00b0Colombo, Bruno Ignacio (Mocoreta) 0:32:34<br>2\u00b0Barrio, Serbiliano Luis Mar\u00eda (Concordia) 0:32:58<br>3\u00b0Gordillo Cejas, Adri\u00e1n Cesar (La Plata) 0:35:41<br>4\u00b0Migueles, Marcelo Gregorio (Villaguay) 0:35:57<br>5\u00b0Chanseaud, Joaqu\u00edn (Villa Elisa) 0:36:15<\/p>\n","protected":false},"excerpt":{"rendered":"<p>La concordiense Greta Victoria Rodr\u00edguez agreg\u00f3 otro triunfo en Villa Elisa, en lo que fue&#8230;<\/p>\n","protected":false},"author":2,"featured_media":363,"comment_status":"open","ping_status":"open","sticky":false,"template":"","format":"standard","meta":{"footnotes":""},"categories":[5],"tags":[],"class_list":["post-362","post","type-post","status-publish","format-standard","has-post-thumbnail","hentry","category-atletismo"],"featured_image_urls":{"full":["https:\/\/deportodos.com.ar\/2023\/wp-content\/uploads\/2023\/11\/WhatsApp-Image-2023-11-13-at-19.38.13.jpeg",1600,1069,false],"thumbnail":["https:\/\/deportodos.com.ar\/2023\/wp-content\/uploads\/2023\/11\/WhatsApp-Image-2023-11-13-at-19.38.13-150x150.jpeg",150,150,true],"medium":["https:\/\/deportodos.com.ar\/2023\/wp-content\/uploads\/2023\/11\/WhatsApp-Image-2023-11-13-at-19.38.13-300x200.jpeg",300,200,true],"medium_large":["https:\/\/deportodos.com.ar\/2023\/wp-content\/uploads\/2023\/11\/WhatsApp-Image-2023-11-13-at-19.38.13-768x513.jpeg",640,428,true],"large":["https:\/\/deportodos.com.ar\/2023\/wp-content\/uploads\/2023\/11\/WhatsApp-Image-2023-11-13-at-19.38.13-1024x684.jpeg",640,428,true],"1536x1536":["https:\/\/deportodos.com.ar\/2023\/wp-content\/uploads\/2023\/11\/WhatsApp-Image-2023-11-13-at-19.38.13-1536x1026.jpeg",1536,1026,true],"2048x2048":["https:\/\/deportodos.com.ar\/2023\/wp-content\/uploads\/2023\/11\/WhatsApp-Image-2023-11-13-at-19.38.13.jpeg",1600,1069,false],"covernews-featured":["https:\/\/deportodos.com.ar\/2023\/wp-content\/uploads\/2023\/11\/WhatsApp-Image-2023-11-13-at-19.38.13-1024x684.jpeg",1024,684,true],"covernews-medium":["https:\/\/deportodos.com.ar\/2023\/wp-content\/uploads\/2023\/11\/WhatsApp-Image-2023-11-13-at-19.38.13-540x340.jpeg",540,340,true]},"author_info":{"display_name":"c2530142","author_link":"https:\/\/deportodos.com.ar\/2023\/author\/c2530142\/"},"category_info":"<a href=\"https:\/\/deportodos.com.ar\/2023\/category\/atletismo\/\" rel=\"category tag\">Atletismo<\/a>","tag_info":"Atletismo","comment_count":"0","_links":{"self":[{"href":"https:\/\/deportodos.com.ar\/2023\/wp-json\/wp\/v2\/posts\/362","targetHints":{"allow":["GET"]}}],"collection":[{"href":"https:\/\/deportodos.com.ar\/2023\/wp-json\/wp\/v2\/posts"}],"about":[{"href":"https:\/\/deportodos.com.ar\/2023\/wp-json\/wp\/v2\/types\/post"}],"author":[{"embeddable":true,"href":"https:\/\/deportodos.com.ar\/2023\/wp-json\/wp\/v2\/users\/2"}],"replies":[{"embeddable":true,"href":"https:\/\/deportodos.com.ar\/2023\/wp-json\/wp\/v2\/comments?post=362"}],"version-history":[{"count":1,"href":"https:\/\/deportodos.com.ar\/2023\/wp-json\/wp\/v2\/posts\/362\/revisions"}],"predecessor-version":[{"id":364,"href":"https:\/\/deportodos.com.ar\/2023\/wp-json\/wp\/v2\/posts\/362\/revisions\/364"}],"wp:featuredmedia":[{"embeddable":true,"href":"https:\/\/deportodos.com.ar\/2023\/wp-json\/wp\/v2\/media\/363"}],"wp:attachment":[{"href":"https:\/\/deportodos.com.ar\/2023\/wp-json\/wp\/v2\/media?parent=362"}],"wp:term":[{"taxonomy":"category","embeddable":true,"href":"https:\/\/deportodos.com.ar\/2023\/wp-json\/wp\/v2\/categories?post=362"},{"taxonomy":"post_tag","embeddable":true,"href":"https:\/\/deportodos.com.ar\/2023\/wp-json\/wp\/v2\/tags?post=362"}],"curies":[{"name":"wp","href":"https:\/\/api.w.org\/{rel}","templated":true}]}}