{"id":3627,"date":"2025-05-30T23:09:28","date_gmt":"2025-05-30T23:09:28","guid":{"rendered":"https:\/\/deportodos.com.ar\/2023\/?p=3627"},"modified":"2025-05-30T23:09:29","modified_gmt":"2025-05-30T23:09:29","slug":"por-la-fecha-17-de-la-zona-a-patronato-recibira-a-ferro","status":"publish","type":"post","link":"https:\/\/deportodos.com.ar\/2023\/por-la-fecha-17-de-la-zona-a-patronato-recibira-a-ferro\/","title":{"rendered":"POR LA FECHA 17 DE LA ZONA A, PATRONATO RECIBIR\u00c1 A FERRO"},"content":{"rendered":"\n<p>El duelo entre Patronato y Ferro correspondiente a la fecha 17 de la zona A se disputar\u00e1 en el estadio Presb\u00edtero Bartolom\u00e9 Grella desde las 16:00 (hora Argentina), el domingo 1 de junio.<\/p>\n\n\n\n<h5 class=\"wp-block-heading\">As\u00ed llegan Patronato y Ferro<\/h5>\n\n\n\n<p>Despu\u00e9s de haber ganado su \u00faltimo partido del torneo, el equipo visitante buscar\u00e1 mantener su moral en alta. En tanto que el anfitri\u00f3n de la jornada llega desmotivado tras haber ca\u00eddo derrotado en la fecha anterior.<\/p>\n\n\n\n<h5 class=\"wp-block-heading\">\u00daltimos resultados de Patronato en partidos de la Primera Nacional<\/h5>\n\n\n\n<p>Patronato buscar\u00e1 la victoria luego de caer 1 a 2 frente a Almagro. En 2 partidos ha triunfado y ha empatado 2. En esas jornadas, le hicieron 7 goles y ha marcado 8 a sus rivales.<\/p>\n\n\n\n<h5 class=\"wp-block-heading\">\u00daltimos resultados de Ferro en partidos de la Primera Nacional<\/h5>\n\n\n\n<p>Ferro venci\u00f3 en casa a Los Andes por 2 a 0. En los \u00faltimos encuentros del torneo, ha logrado ganar 1, ha empatado 1 y perdido 2. Adem\u00e1s, logr\u00f3 gritar 4 goles y ha recibido 7 en su arco.<\/p>\n\n\n\n<p>El conjunto local logr\u00f3 acumular 1 victoria, mientras que el equipo visitante tuvo 1 triunfo. Lograron empatar 3 veces. El \u00faltimo juego entre ambos en este torneo fue el 25 de agosto, en el torneo Argentina &#8211; Campeonato Primera Nacional 2024, y termin\u00f3 con un marcador 1-3 a favor de Ferro.<\/p>\n\n\n\n<h5 class=\"wp-block-heading\">Fechas y rivales de Patronato en los pr\u00f3ximos partidos de la Primera Nacional<\/h5>\n\n\n\n<ul class=\"wp-block-list\">\n<li>Zona A &#8211; Fecha 18: vs Los Andes: Fecha y horario a confirmar<\/li>\n\n\n\n<li>Zona A &#8211; Fecha 19: vs G\u00fcemes (SE): Fecha y horario a confirmar<\/li>\n\n\n\n<li>Zona A &#8211; Fecha 20: vs San Mart\u00edn (T): Fecha y horario a confirmar<\/li>\n\n\n\n<li>Zona A &#8211; Fecha 21: vs Trist\u00e1n Su\u00e1rez: Fecha y horario a confirmar<\/li>\n\n\n\n<li>Zona A &#8211; Fecha 22: vs Gimnasia y Tiro: Fecha y horario a confirmar<\/li>\n<\/ul>\n\n\n\n<h5 class=\"wp-block-heading\">Fechas y rivales de Ferro en los pr\u00f3ximos partidos de la Primera Nacional<\/h5>\n\n\n\n<ul class=\"wp-block-list\">\n<li>Zona A &#8211; Fecha 18: vs G\u00fcemes (SE): Fecha y horario a confirmar<\/li>\n\n\n\n<li>Zona A &#8211; Fecha 19: vs San Mart\u00edn (T): Fecha y horario a confirmar<\/li>\n\n\n\n<li>Zona A &#8211; Fecha 20: vs Trist\u00e1n Su\u00e1rez: Fecha y horario a confirmar<\/li>\n\n\n\n<li>Zona A &#8211; Fecha 21: vs Gimnasia y Tiro: Fecha y horario a confirmar<\/li>\n\n\n\n<li>Zona A &#8211; Fecha 22: vs Deportivo Maip\u00fa: Fecha y horario a confirmar<\/li>\n<\/ul>\n\n\n\n<p><br><\/p>\n","protected":false},"excerpt":{"rendered":"<p>El duelo entre Patronato y Ferro correspondiente a la fecha 17 de la zona A&#8230;<\/p>\n","protected":false},"author":2,"featured_media":3628,"comment_status":"open","ping_status":"open","sticky":false,"template":"","format":"standard","meta":{"footnotes":""},"categories":[36],"tags":[],"class_list":["post-3627","post","type-post","status-publish","format-standard","has-post-thumbnail","hentry","category-futbol"],"featured_image_urls":{"full":["https:\/\/deportodos.com.ar\/2023\/wp-content\/uploads\/2025\/05\/patronato-alan-bonanseajpg.jpg",642,361,false],"thumbnail":["https:\/\/deportodos.com.ar\/2023\/wp-content\/uploads\/2025\/05\/patronato-alan-bonanseajpg-150x150.jpg",150,150,true],"medium":["https:\/\/deportodos.com.ar\/2023\/wp-content\/uploads\/2025\/05\/patronato-alan-bonanseajpg-300x169.jpg",300,169,true],"medium_large":["https:\/\/deportodos.com.ar\/2023\/wp-content\/uploads\/2025\/05\/patronato-alan-bonanseajpg.jpg",640,360,false],"large":["https:\/\/deportodos.com.ar\/2023\/wp-content\/uploads\/2025\/05\/patronato-alan-bonanseajpg.jpg",640,360,false],"1536x1536":["https:\/\/deportodos.com.ar\/2023\/wp-content\/uploads\/2025\/05\/patronato-alan-bonanseajpg.jpg",642,361,false],"2048x2048":["https:\/\/deportodos.com.ar\/2023\/wp-content\/uploads\/2025\/05\/patronato-alan-bonanseajpg.jpg",642,361,false],"covernews-featured":["https:\/\/deportodos.com.ar\/2023\/wp-content\/uploads\/2025\/05\/patronato-alan-bonanseajpg.jpg",642,361,false],"covernews-medium":["https:\/\/deportodos.com.ar\/2023\/wp-content\/uploads\/2025\/05\/patronato-alan-bonanseajpg-540x340.jpg",540,340,true]},"author_info":{"display_name":"c2530142","author_link":"https:\/\/deportodos.com.ar\/2023\/author\/c2530142\/"},"category_info":"<a href=\"https:\/\/deportodos.com.ar\/2023\/category\/futbol\/\" rel=\"category tag\">Futbol<\/a>","tag_info":"Futbol","comment_count":"0","_links":{"self":[{"href":"https:\/\/deportodos.com.ar\/2023\/wp-json\/wp\/v2\/posts\/3627","targetHints":{"allow":["GET"]}}],"collection":[{"href":"https:\/\/deportodos.com.ar\/2023\/wp-json\/wp\/v2\/posts"}],"about":[{"href":"https:\/\/deportodos.com.ar\/2023\/wp-json\/wp\/v2\/types\/post"}],"author":[{"embeddable":true,"href":"https:\/\/deportodos.com.ar\/2023\/wp-json\/wp\/v2\/users\/2"}],"replies":[{"embeddable":true,"href":"https:\/\/deportodos.com.ar\/2023\/wp-json\/wp\/v2\/comments?post=3627"}],"version-history":[{"count":1,"href":"https:\/\/deportodos.com.ar\/2023\/wp-json\/wp\/v2\/posts\/3627\/revisions"}],"predecessor-version":[{"id":3629,"href":"https:\/\/deportodos.com.ar\/2023\/wp-json\/wp\/v2\/posts\/3627\/revisions\/3629"}],"wp:featuredmedia":[{"embeddable":true,"href":"https:\/\/deportodos.com.ar\/2023\/wp-json\/wp\/v2\/media\/3628"}],"wp:attachment":[{"href":"https:\/\/deportodos.com.ar\/2023\/wp-json\/wp\/v2\/media?parent=3627"}],"wp:term":[{"taxonomy":"category","embeddable":true,"href":"https:\/\/deportodos.com.ar\/2023\/wp-json\/wp\/v2\/categories?post=3627"},{"taxonomy":"post_tag","embeddable":true,"href":"https:\/\/deportodos.com.ar\/2023\/wp-json\/wp\/v2\/tags?post=3627"}],"curies":[{"name":"wp","href":"https:\/\/api.w.org\/{rel}","templated":true}]}}