{"id":3652,"date":"2025-06-05T16:05:41","date_gmt":"2025-06-05T16:05:41","guid":{"rendered":"https:\/\/deportodos.com.ar\/2023\/?p=3652"},"modified":"2025-06-05T16:05:42","modified_gmt":"2025-06-05T16:05:42","slug":"catamarca-se-prepara-para-una-nueva-edicion-del-rally-del-poncho","status":"publish","type":"post","link":"https:\/\/deportodos.com.ar\/2023\/catamarca-se-prepara-para-una-nueva-edicion-del-rally-del-poncho\/","title":{"rendered":"CATAMARCA SE PREPARA PARA UNA NUEVA EDICI\u00d3N DEL RALLY DEL PONCHO"},"content":{"rendered":"\n<p>En un marco institucional y de gran expectativa, se realiz\u00f3 este lunes la presentaci\u00f3n oficial del Rally del Poncho 2025, competencia que se desarrollar\u00e1 del 6 al 8 de junio y ser\u00e1 la cuarta fecha del calendario del Campeonato Rally Argentino Pirelli. El lanzamiento se llev\u00f3 a cabo en el Estadio Bicentenario de Catamarca, con la presencia de Ra\u00fal Jalil, Gobernador de Catamarca, Daiana Rold\u00e1n, Ministra de Cultura, Turismo y Deporte, Guillermo Perna, Secretario de Deportes y Recreaci\u00f3n, Fernando Scarlatta, Presidente de Rally Argentino, Patricio Villafa\u00f1e, Intendente de Los Varela y Mart\u00edn Barrionuevo, Secretario de Servicios Ciudadanos de la Municipalidad de la Capital.<\/p>\n\n\n\n<p>Estuvieron presentes representantes locales, los pilotos Augusto D&#8217;Agostini, Mat\u00edas Nazareno, Tom\u00e1s Aibar y el navegante Nelson Tomada y Fernando Castillo, Director de Vialidad Provincial.<\/p>\n\n\n\n<p>Durante el acto se dieron a conocer los aspectos m\u00e1s destacados del evento, que volver\u00e1 a tener a Catamarca como protagonista dentro del calendario nacional, y se compartieron los lineamientos de organizaci\u00f3n para esta edici\u00f3n. El Rally del Poncho, promete una edici\u00f3n exigente y cargada de adrenalina.<\/p>\n\n\n\n<p>Fernando Scarlatta, presidente de la Asociaci\u00f3n Civil Rally Argentino (A.C.R.A.), destac\u00f3 la importancia de este evento para la provincia: <strong><em>\u00abLa carrera de Catamarca es una de las carreras hist\u00f3ricas que tiene el Rally Argentino, una carrera emblem\u00e1tica con topograf\u00eda de monta\u00f1a muy exigente, con muchos pilotos y navegantes locales. Se ha venido trabajando hace ya m\u00e1s de cuatro meses para lograr los mejores sectores de velocidad y que la gente disfrute de la mejor manera la competencia\u201d<\/em><\/strong>.<\/p>\n\n\n\n<p><strong><em>\u201cEstamos muy contentos y agradecidos con el Gobierno de la Provincia, al gobernador Ra\u00fal Jalil, a Daiana Rold\u00e1n, Ministra de Deportes y Turismo, a Guillermo Perna, secretario de la Ministra, y que junto a las m\u00e1s de 90 personas que trabajan en Rally Argentino en la concreci\u00f3n de la carrera, el apoyo de todo el grupo humano del municipio y de toda la gente de Deportes en Catamarca, van a asegurar un Rally del Poncho muy exitoso, como todas las ediciones que aqu\u00ed se han realizado\u201d<\/em><\/strong>, asegur\u00f3.<\/p>\n\n\n\n<p><strong><em>\u201cPara culminar la carrera del domingo, en el \u00faltimo especial de velocidad, en el Arroyo Fari\u00f1ango, seguramente va a haber una multitud de gente como nos tiene acostumbrados este rally\u201d<\/em><\/strong>, finaliz\u00f3 Scarlatta.<\/p>\n\n\n\n<p>El Rally del Poncho ya comenz\u00f3 su cuenta regresiva, con caminos de alto nivel t\u00e9cnico, tradici\u00f3n y un entorno natural \u00fanico, Catamarca volver\u00e1 a ser una cita obligada para pilotos, navegantes, equipos y fan\u00e1ticos de todo el pa\u00eds.<\/p>\n\n\n\n<blockquote class=\"wp-block-quote is-layout-flow wp-block-quote-is-layout-flow\">\n<p>www.rallyargentino.com<\/p>\n<\/blockquote>\n","protected":false},"excerpt":{"rendered":"<p>En un marco institucional y de gran expectativa, se realiz\u00f3 este lunes la presentaci\u00f3n oficial&#8230;<\/p>\n","protected":false},"author":2,"featured_media":3653,"comment_status":"open","ping_status":"open","sticky":false,"template":"","format":"standard","meta":{"footnotes":""},"categories":[6],"tags":[],"class_list":["post-3652","post","type-post","status-publish","format-standard","has-post-thumbnail","hentry","category-automovilismo"],"featured_image_urls":{"full":["https:\/\/deportodos.com.ar\/2023\/wp-content\/uploads\/2025\/06\/26e51a73ae382aa9c610bcf00c97000a.jpg",1920,820,false],"thumbnail":["https:\/\/deportodos.com.ar\/2023\/wp-content\/uploads\/2025\/06\/26e51a73ae382aa9c610bcf00c97000a-150x150.jpg",150,150,true],"medium":["https:\/\/deportodos.com.ar\/2023\/wp-content\/uploads\/2025\/06\/26e51a73ae382aa9c610bcf00c97000a-300x128.jpg",300,128,true],"medium_large":["https:\/\/deportodos.com.ar\/2023\/wp-content\/uploads\/2025\/06\/26e51a73ae382aa9c610bcf00c97000a-768x328.jpg",640,273,true],"large":["https:\/\/deportodos.com.ar\/2023\/wp-content\/uploads\/2025\/06\/26e51a73ae382aa9c610bcf00c97000a-1024x437.jpg",640,273,true],"1536x1536":["https:\/\/deportodos.com.ar\/2023\/wp-content\/uploads\/2025\/06\/26e51a73ae382aa9c610bcf00c97000a-1536x656.jpg",1536,656,true],"2048x2048":["https:\/\/deportodos.com.ar\/2023\/wp-content\/uploads\/2025\/06\/26e51a73ae382aa9c610bcf00c97000a.jpg",1920,820,false],"covernews-featured":["https:\/\/deportodos.com.ar\/2023\/wp-content\/uploads\/2025\/06\/26e51a73ae382aa9c610bcf00c97000a-1024x437.jpg",1024,437,true],"covernews-medium":["https:\/\/deportodos.com.ar\/2023\/wp-content\/uploads\/2025\/06\/26e51a73ae382aa9c610bcf00c97000a-540x340.jpg",540,340,true]},"author_info":{"display_name":"c2530142","author_link":"https:\/\/deportodos.com.ar\/2023\/author\/c2530142\/"},"category_info":"<a href=\"https:\/\/deportodos.com.ar\/2023\/category\/automovilismo\/\" rel=\"category tag\">Automovilismo<\/a>","tag_info":"Automovilismo","comment_count":"0","_links":{"self":[{"href":"https:\/\/deportodos.com.ar\/2023\/wp-json\/wp\/v2\/posts\/3652","targetHints":{"allow":["GET"]}}],"collection":[{"href":"https:\/\/deportodos.com.ar\/2023\/wp-json\/wp\/v2\/posts"}],"about":[{"href":"https:\/\/deportodos.com.ar\/2023\/wp-json\/wp\/v2\/types\/post"}],"author":[{"embeddable":true,"href":"https:\/\/deportodos.com.ar\/2023\/wp-json\/wp\/v2\/users\/2"}],"replies":[{"embeddable":true,"href":"https:\/\/deportodos.com.ar\/2023\/wp-json\/wp\/v2\/comments?post=3652"}],"version-history":[{"count":1,"href":"https:\/\/deportodos.com.ar\/2023\/wp-json\/wp\/v2\/posts\/3652\/revisions"}],"predecessor-version":[{"id":3654,"href":"https:\/\/deportodos.com.ar\/2023\/wp-json\/wp\/v2\/posts\/3652\/revisions\/3654"}],"wp:featuredmedia":[{"embeddable":true,"href":"https:\/\/deportodos.com.ar\/2023\/wp-json\/wp\/v2\/media\/3653"}],"wp:attachment":[{"href":"https:\/\/deportodos.com.ar\/2023\/wp-json\/wp\/v2\/media?parent=3652"}],"wp:term":[{"taxonomy":"category","embeddable":true,"href":"https:\/\/deportodos.com.ar\/2023\/wp-json\/wp\/v2\/categories?post=3652"},{"taxonomy":"post_tag","embeddable":true,"href":"https:\/\/deportodos.com.ar\/2023\/wp-json\/wp\/v2\/tags?post=3652"}],"curies":[{"name":"wp","href":"https:\/\/api.w.org\/{rel}","templated":true}]}}