{"id":3655,"date":"2025-06-08T23:18:04","date_gmt":"2025-06-08T23:18:04","guid":{"rendered":"https:\/\/deportodos.com.ar\/2023\/?p=3655"},"modified":"2025-06-08T23:18:05","modified_gmt":"2025-06-08T23:18:05","slug":"cabrera-y-labriola-los-ganadores-de-la-segunda-fecha-en-la-escuela-agrotecnica","status":"publish","type":"post","link":"https:\/\/deportodos.com.ar\/2023\/cabrera-y-labriola-los-ganadores-de-la-segunda-fecha-en-la-escuela-agrotecnica\/","title":{"rendered":"CABRERA Y LABRIOLA, LOS GANADORES DE LA SEGUNDA FECHA EN LA ESCUELA AGROT\u00c9CNICA"},"content":{"rendered":"\n<p>La escuela N\u00b0 24 Agrot\u00e9cnica de Concordia fue epicentro de la segunda fecha de la temporada para el campeonato de mountain bike, que organiza la Asociaci\u00f3n Concordiense Amigos del MTB. La prueba entreg\u00f3 las victorias de los bikers locales Bel\u00e9n Labriola y Mat\u00edas Cabrera en la clasificaci\u00f3n general.<br>La prueba se disput\u00f3 sobre los terrenos lindantes al establecimiento educativo ubicado a la vera del kil\u00f3metro 244 de la Autov\u00eda Nacional 14. Fueron m\u00e1s de 180 los participantes que le dieron vida a la continuidad del certamen, como en cada una de sus presentaciones, cuenta con competidores de distintos puntos de la provincia, como Corrientes y de la Rep\u00fablica Oriental del Uruguay.<br>Tanto Labriola como Cabrera llegaron a la bandera a cuadros con un margen, que les permiti\u00f3 festejar de manera anticipada. Pese a las bajas temperaturas, el viento ces\u00f3 al momento de la prueba y se pudo brindar un buen espect\u00e1culo, ante una destacada concurrencia de p\u00fablico.<br>Cabe destacar que el circuito tuvo sus variantes que fueron utilizadas en el Desaf\u00edo 248, con una extensi\u00f3n de 13,5 kil\u00f3metros y recorri\u00f3 sectores de gran inter\u00e9s para los participantes, que se animaron a la aventura. Adem\u00e1s, en esta fecha se puso en juego el campeonato \u201cX Equipos\u201d que al final de temporada los tres m\u00e1s numerosos se llevar\u00e1n los premios de Campoy.<br>Por \u00faltimo, desde los Amigos del MTB se quiere agradecer a las autoridades de la escuela Agrot\u00e9cnica por la predisposici\u00f3n para la prueba, ya que estuvieron las instalaciones a la entera disposici\u00f3n de los competidores junto a sus concurrentes.<\/p>\n\n\n\n<p>RESULTADOS<\/p>\n\n\n\n<p>MUJERES ELITE<br>1\u00b0) Bel\u00e9n Labriola (Concordia) con 1 hora 38\u201916\u201d<br>2\u00b0) Jennifer D\u00f6rsch (Concordia) con 1 hora 38\u201927\u201d<br>3\u00b0) Johanna Sguerzo (Federaci\u00f3n) con 1 hora 51\u201934\u201d<\/p>\n\n\n\n<p>VARONES ELITE<br>1\u00b0) Mat\u00edas Cabrera (Concordia) con 1 hora 42\u201935\u201d<br>2\u00b0) Santiago Mart\u00ednez (C. del Uruguay) con 1 hora 42\u201953\u201d<br>3\u00b0) Carlos Chevallet (Col\u00f3n) con 1 hora 43\u201945\u201d<br>4\u00b0) Paolo Gugliotti (C. del Uruguay) con 1 hora 43\u201954\u201d<br>5\u00b0) Maximiliano Buenar (Villaguay) con 1 hora 44\u201942\u201d<br>6\u00b0) Federico Savio (Concordia) con 1 hora 44\u201945\u201d<br>7\u00b0) Agust\u00edn Tisocco (Concordia) con 1 hora 56\u201950\u201d<br>8\u00b0) Jonatan Maydana (Concordia) con 1 hora 57\u201926\u201d<br>9\u00b0) Agust\u00edn Almir\u00f3n (Concordia) con 2 horas 05\u201931\u201d<\/p>\n\n\n\n<p>Para ver resultados completos:<\/p>\n\n\n\n<p><a href=\"https:\/\/www.cronomet.com.ar\/?cronomet=2da.MTB\">https:\/\/www.cronomet.com.ar\/?cronomet=2da.MTB<\/a><\/p>\n\n\n\n<p>Prensa Amigos del MTB<\/p>\n\n\n\n<p><\/p>\n","protected":false},"excerpt":{"rendered":"<p>La escuela N\u00b0 24 Agrot\u00e9cnica de Concordia fue epicentro de la segunda fecha de la&#8230;<\/p>\n","protected":false},"author":2,"featured_media":3656,"comment_status":"open","ping_status":"open","sticky":false,"template":"","format":"standard","meta":{"footnotes":""},"categories":[37],"tags":[],"class_list":["post-3655","post","type-post","status-publish","format-standard","has-post-thumbnail","hentry","category-mountain-bike"],"featured_image_urls":{"full":["https:\/\/deportodos.com.ar\/2023\/wp-content\/uploads\/2025\/06\/FB_IMG_1749424661602.jpg",1080,608,false],"thumbnail":["https:\/\/deportodos.com.ar\/2023\/wp-content\/uploads\/2025\/06\/FB_IMG_1749424661602-150x150.jpg",150,150,true],"medium":["https:\/\/deportodos.com.ar\/2023\/wp-content\/uploads\/2025\/06\/FB_IMG_1749424661602-300x169.jpg",300,169,true],"medium_large":["https:\/\/deportodos.com.ar\/2023\/wp-content\/uploads\/2025\/06\/FB_IMG_1749424661602-768x432.jpg",640,360,true],"large":["https:\/\/deportodos.com.ar\/2023\/wp-content\/uploads\/2025\/06\/FB_IMG_1749424661602-1024x576.jpg",640,360,true],"1536x1536":["https:\/\/deportodos.com.ar\/2023\/wp-content\/uploads\/2025\/06\/FB_IMG_1749424661602.jpg",1080,608,false],"2048x2048":["https:\/\/deportodos.com.ar\/2023\/wp-content\/uploads\/2025\/06\/FB_IMG_1749424661602.jpg",1080,608,false],"covernews-featured":["https:\/\/deportodos.com.ar\/2023\/wp-content\/uploads\/2025\/06\/FB_IMG_1749424661602-1024x576.jpg",1024,576,true],"covernews-medium":["https:\/\/deportodos.com.ar\/2023\/wp-content\/uploads\/2025\/06\/FB_IMG_1749424661602-540x340.jpg",540,340,true]},"author_info":{"display_name":"c2530142","author_link":"https:\/\/deportodos.com.ar\/2023\/author\/c2530142\/"},"category_info":"<a href=\"https:\/\/deportodos.com.ar\/2023\/category\/mountain-bike\/\" rel=\"category tag\">Mountain Bike<\/a>","tag_info":"Mountain Bike","comment_count":"0","_links":{"self":[{"href":"https:\/\/deportodos.com.ar\/2023\/wp-json\/wp\/v2\/posts\/3655","targetHints":{"allow":["GET"]}}],"collection":[{"href":"https:\/\/deportodos.com.ar\/2023\/wp-json\/wp\/v2\/posts"}],"about":[{"href":"https:\/\/deportodos.com.ar\/2023\/wp-json\/wp\/v2\/types\/post"}],"author":[{"embeddable":true,"href":"https:\/\/deportodos.com.ar\/2023\/wp-json\/wp\/v2\/users\/2"}],"replies":[{"embeddable":true,"href":"https:\/\/deportodos.com.ar\/2023\/wp-json\/wp\/v2\/comments?post=3655"}],"version-history":[{"count":1,"href":"https:\/\/deportodos.com.ar\/2023\/wp-json\/wp\/v2\/posts\/3655\/revisions"}],"predecessor-version":[{"id":3657,"href":"https:\/\/deportodos.com.ar\/2023\/wp-json\/wp\/v2\/posts\/3655\/revisions\/3657"}],"wp:featuredmedia":[{"embeddable":true,"href":"https:\/\/deportodos.com.ar\/2023\/wp-json\/wp\/v2\/media\/3656"}],"wp:attachment":[{"href":"https:\/\/deportodos.com.ar\/2023\/wp-json\/wp\/v2\/media?parent=3655"}],"wp:term":[{"taxonomy":"category","embeddable":true,"href":"https:\/\/deportodos.com.ar\/2023\/wp-json\/wp\/v2\/categories?post=3655"},{"taxonomy":"post_tag","embeddable":true,"href":"https:\/\/deportodos.com.ar\/2023\/wp-json\/wp\/v2\/tags?post=3655"}],"curies":[{"name":"wp","href":"https:\/\/api.w.org\/{rel}","templated":true}]}}