{"id":3658,"date":"2025-06-09T00:28:37","date_gmt":"2025-06-09T00:28:37","guid":{"rendered":"https:\/\/deportodos.com.ar\/2023\/?p=3658"},"modified":"2025-06-09T00:28:38","modified_gmt":"2025-06-09T00:28:38","slug":"gimnasia-goleo-y-se-metio-en-zona-de-clasificacion","status":"publish","type":"post","link":"https:\/\/deportodos.com.ar\/2023\/gimnasia-goleo-y-se-metio-en-zona-de-clasificacion\/","title":{"rendered":"GIMNASIA GOLE\u00d3 Y SE METI\u00d3 EN ZONA DE CLASIFICACI\u00d3N"},"content":{"rendered":"\n<p>El Lobo uruguayense derrot\u00f3 3 a 0 a Independiente de Chivilcoy por la decimotercera fecha del Torneo Federal \u201cA\u201d. Fue otra victoria important\u00edsima, la segunda consecutiva de local, para salir del fondo y meterse en zona de clasificaci\u00f3n. Micael Bogado, Agust\u00edn Garc\u00eda de penal y Dami\u00e1n Baltor\u00e9, fueron los autores de los goles para el elenco que es dirigido por \u00c1ngel G\u00f3mez.<\/p>\n\n\n\n<p>En la previa se vislumbraba un partido dif\u00edcil ante un duro rival, sin embargo Gimnasia se mostr\u00f3 ordenado, firme en defensa y con mucho v\u00e9rtigo en sus r\u00e1pidos delanteros. Los primeros minutos fueron favorables al visitante. El equipo de Abalos sali\u00f3 mejor, m\u00e1s metido y estuvo cerca de abrir el marcador con un cabezazo de Romero que se estrell\u00f3 en el travesa\u00f1o. A partir de ah\u00ed Gimnasia se despert\u00f3 y empez\u00f3 a controlar las acciones.<\/p>\n\n\n\n<p>Transcurr\u00edan 24\u00b4cuando Germanier gan\u00f3 por el centro a pura velocidad y cedi\u00f3 para la llegada de Bogado, que sac\u00f3 un remate de derecha cruzado que dej\u00f3 sin nada que hacer a Ratal\u00edn. El Lobo con el gol gan\u00f3 en confianza, y segu\u00eda desequilibrando con Garc\u00eda y Bogado. Cuatro minutos m\u00e1s tarde, nuevamente Germanier apareci\u00f3 por el sector izquierdo, encar\u00f3 hacia el \u00e1rea y fue derribado. Billione Carpio sancion\u00f3 penal y Agust\u00edn Garc\u00eda lo transform\u00f3 en gol con un remate fuerte al palo izquierdo del arquero visitante. Ya con la ventaja de dos, Gimnasia control\u00f3 el juego.<\/p>\n\n\n\n<p>El visitante mostr\u00f3 poco y nada, solamente estuvo cerca del descuento con un tiro de Schlottauer que sali\u00f3 cerca del palo.<\/p>\n\n\n\n<p>En el complemento el Lobo apel\u00f3 al orden para mantener la ventaja, mientras el Rojo no encontraba la forma de llegar con peligro. Y as\u00ed Gimnasia lo liquid\u00f3. Bogado, con potencia, lleg\u00f3 a quedar mano a mano con Ratal\u00edn y cuando el arquero lo apret\u00f3, cedi\u00f3 para que Baltor\u00e9 le ponga cifras definitivas a la tarde.<\/p>\n\n\n\n<p>El Lobo gan\u00f3 y sigue escalando.Qued\u00f3 en la quinta posici\u00f3n con 16 puntos y&nbsp; bajo la conducci\u00f3n de G\u00f3mez sac\u00f3 siete sobre 9 posibles. En la pr\u00f3xima fecha visitar\u00e1 a Douglas Haig de Pergamino.<\/p>\n\n\n\n<p>S\u00edntesis<\/p>\n\n\n\n<p><strong>Gimnasia y Esgrima (CDU) 3:<\/strong>&nbsp;Pedro Bravo; Juan Casares, Jonathan Ben\u00edtez, Daniel Meza,&nbsp; Lucas Basualdo; Lautaro Altamirano, Agust\u00edn Favre, Pablo Hofstetter, Micael Bogado; Agust\u00edn Garc\u00eda y Nicol\u00e1s Germanier. DT: Angel G\u00f3mez.<\/p>\n\n\n\n<p><strong>Independiente (Chivilcoy) 0:<\/strong>&nbsp;Gabriel Ratalin; Lautaro Guerra, Valent\u00edn Ciancio,&nbsp; Emanuel Cabrera, Leonel Aquino; Alan Sosa, Facundo Giacone, Nicol\u00e1s D\u2019 annunzio, Tom\u00e1s Rodr\u00edguez; Walter Romero y Mart\u00edn Schlottauer. DT: Luciano Abalos .<\/p>\n\n\n\n<p><strong>Goles:<\/strong>&nbsp;PT 25\u2019 Bogado, 30\u00b4 Garc\u00eda (penal) y ST 26\u2019 Baltor\u00e9 (GyE).<\/p>\n\n\n\n<p><strong>Cambios en Gimnasia (CDU):<\/strong>&nbsp;ST 24\u2019 Ariel Gonzalez por Basualdo y Dami\u00e1n Baltor\u00e9 por Garc\u00eda, 29\u2019 Alejo Mainero por Bogado, 36\u2019 Facundo Cima por Altamirano y Johan Laureiro por Hoffstetter.<\/p>\n\n\n\n<p><strong>No ingresaron<\/strong>: Bautista Echeverry y Sebasti\u00e1n Malimberni.<\/p>\n\n\n\n<p><strong>Cambios en Independiente:<\/strong>&nbsp;ST 8\u2019 Enzo Ben\u00edtez por Aquino y Lautaro C\u00e1ceres por Giacone, 27\u2019&nbsp; Isa\u00edas Bai por D\u2019 annunzio, 38\u2019 Gianfranco Bonguorno por Sosa y Luciano Valenti por Schlottauer.<\/p>\n\n\n\n<p><strong>No ingresaron:<\/strong>&nbsp;Agust\u00edn Burello y Enzo C\u00e1ceres.<\/p>\n\n\n\n<p>Amonestados en Gimnasia (CDU): Bravo.<\/p>\n\n\n\n<p>Amonestados en Independiente: Aquino y Guerra.<\/p>\n\n\n\n<p>\u00c1rbitro: Matias Ezequiel Billone Carpio (C\u00f3rdoba).<\/p>\n\n\n\n<p>Asistente 1: Emanuel Jose Serale&nbsp; (C\u00f3rdoba).<\/p>\n\n\n\n<p>Asistente 2: Matias Javier Gonzalez&nbsp; (San Francisco).<\/p>\n\n\n\n<p>Cuarto \u00e1rbitro: Mario Facundo Rojo Casal (De\u00e1n F\u00fanes).<\/p>\n\n\n\n<p><strong>Todos los resultados. Fecha 14- Zona 3.<\/strong><\/p>\n\n\n\n<p>9 de Julio (Rafaela) 3 \u2013 1 Sp. Belgrano (San Fco).<\/p>\n\n\n\n<p>Defensores de Belgrano (VR) 1\u2013 1 Douglas Haig (Pergamino).<\/p>\n\n\n\n<p>El Linque\u00f1o 1 \u2013 0 Ben Hur (Rafaela).<\/p>\n\n\n\n<p>Gimnasia (Chivilcoy) 2 \u2013 2 Sp. Las Parejas.<\/p>\n\n\n\n<p>Gimnasia (CDU) 3 \u2013 0 Independiente (Chivilcoy).<\/p>\n\n\n\n<p><strong>Posiciones:<\/strong>&nbsp;Sp. Belgrano 24, Douglas Haig 23, Gimnasia (Chivilcoy) 22, Independiente (CH) 17, Gimnasia (CDU) 16, Defensores de Belgrano (VR) 16, 9 de Julio (Rafaela) 15, Ben Hur 13, El Linque\u00f1o 13 y Sp. Las Parejas 12.<\/p>\n\n\n\n<p><strong>Pr\u00f3xima fecha 14\u00b0.<\/strong><\/p>\n\n\n\n<p>Douglas Haig \u2013 Gimnasia (CDU).<\/p>\n\n\n\n<p>Sp Belgrano (S Fco) \u2013 Gimnasia (CH).<\/p>\n\n\n\n<p>Independiente (CH) \u2013 9 de Julio (R).<\/p>\n\n\n\n<p>Sp. Las Parejas \u2013 El Linque\u00f1o.<\/p>\n\n\n\n<p>Ben Hur \u2013 Defensores de Belgrano (VR).<\/p>\n\n\n\n<blockquote class=\"wp-block-quote is-layout-flow wp-block-quote-is-layout-flow\">\n<p>www.lacalle.com.ar<\/p>\n<\/blockquote>\n","protected":false},"excerpt":{"rendered":"<p>El Lobo uruguayense derrot\u00f3 3 a 0 a Independiente de Chivilcoy por la decimotercera fecha&#8230;<\/p>\n","protected":false},"author":2,"featured_media":3659,"comment_status":"open","ping_status":"open","sticky":false,"template":"","format":"standard","meta":{"footnotes":""},"categories":[36],"tags":[],"class_list":["post-3658","post","type-post","status-publish","format-standard","has-post-thumbnail","hentry","category-futbol"],"featured_image_urls":{"full":["https:\/\/deportodos.com.ar\/2023\/wp-content\/uploads\/2025\/06\/Imagen-de-WhatsApp-2025-06-08-a-las-18.41.30_ee451a3b-1068x712-1.jpg",1068,712,false],"thumbnail":["https:\/\/deportodos.com.ar\/2023\/wp-content\/uploads\/2025\/06\/Imagen-de-WhatsApp-2025-06-08-a-las-18.41.30_ee451a3b-1068x712-1-150x150.jpg",150,150,true],"medium":["https:\/\/deportodos.com.ar\/2023\/wp-content\/uploads\/2025\/06\/Imagen-de-WhatsApp-2025-06-08-a-las-18.41.30_ee451a3b-1068x712-1-300x200.jpg",300,200,true],"medium_large":["https:\/\/deportodos.com.ar\/2023\/wp-content\/uploads\/2025\/06\/Imagen-de-WhatsApp-2025-06-08-a-las-18.41.30_ee451a3b-1068x712-1-768x512.jpg",640,427,true],"large":["https:\/\/deportodos.com.ar\/2023\/wp-content\/uploads\/2025\/06\/Imagen-de-WhatsApp-2025-06-08-a-las-18.41.30_ee451a3b-1068x712-1-1024x683.jpg",640,427,true],"1536x1536":["https:\/\/deportodos.com.ar\/2023\/wp-content\/uploads\/2025\/06\/Imagen-de-WhatsApp-2025-06-08-a-las-18.41.30_ee451a3b-1068x712-1.jpg",1068,712,false],"2048x2048":["https:\/\/deportodos.com.ar\/2023\/wp-content\/uploads\/2025\/06\/Imagen-de-WhatsApp-2025-06-08-a-las-18.41.30_ee451a3b-1068x712-1.jpg",1068,712,false],"covernews-featured":["https:\/\/deportodos.com.ar\/2023\/wp-content\/uploads\/2025\/06\/Imagen-de-WhatsApp-2025-06-08-a-las-18.41.30_ee451a3b-1068x712-1-1024x683.jpg",1024,683,true],"covernews-medium":["https:\/\/deportodos.com.ar\/2023\/wp-content\/uploads\/2025\/06\/Imagen-de-WhatsApp-2025-06-08-a-las-18.41.30_ee451a3b-1068x712-1-540x340.jpg",540,340,true]},"author_info":{"display_name":"c2530142","author_link":"https:\/\/deportodos.com.ar\/2023\/author\/c2530142\/"},"category_info":"<a href=\"https:\/\/deportodos.com.ar\/2023\/category\/futbol\/\" rel=\"category tag\">Futbol<\/a>","tag_info":"Futbol","comment_count":"0","_links":{"self":[{"href":"https:\/\/deportodos.com.ar\/2023\/wp-json\/wp\/v2\/posts\/3658","targetHints":{"allow":["GET"]}}],"collection":[{"href":"https:\/\/deportodos.com.ar\/2023\/wp-json\/wp\/v2\/posts"}],"about":[{"href":"https:\/\/deportodos.com.ar\/2023\/wp-json\/wp\/v2\/types\/post"}],"author":[{"embeddable":true,"href":"https:\/\/deportodos.com.ar\/2023\/wp-json\/wp\/v2\/users\/2"}],"replies":[{"embeddable":true,"href":"https:\/\/deportodos.com.ar\/2023\/wp-json\/wp\/v2\/comments?post=3658"}],"version-history":[{"count":1,"href":"https:\/\/deportodos.com.ar\/2023\/wp-json\/wp\/v2\/posts\/3658\/revisions"}],"predecessor-version":[{"id":3660,"href":"https:\/\/deportodos.com.ar\/2023\/wp-json\/wp\/v2\/posts\/3658\/revisions\/3660"}],"wp:featuredmedia":[{"embeddable":true,"href":"https:\/\/deportodos.com.ar\/2023\/wp-json\/wp\/v2\/media\/3659"}],"wp:attachment":[{"href":"https:\/\/deportodos.com.ar\/2023\/wp-json\/wp\/v2\/media?parent=3658"}],"wp:term":[{"taxonomy":"category","embeddable":true,"href":"https:\/\/deportodos.com.ar\/2023\/wp-json\/wp\/v2\/categories?post=3658"},{"taxonomy":"post_tag","embeddable":true,"href":"https:\/\/deportodos.com.ar\/2023\/wp-json\/wp\/v2\/tags?post=3658"}],"curies":[{"name":"wp","href":"https:\/\/api.w.org\/{rel}","templated":true}]}}