{"id":3670,"date":"2025-06-11T10:15:51","date_gmt":"2025-06-11T10:15:51","guid":{"rendered":"https:\/\/deportodos.com.ar\/2023\/?p=3670"},"modified":"2025-06-11T10:15:52","modified_gmt":"2025-06-11T10:15:52","slug":"triunfo-destacado-de-eduardo-tomez-en-pistona-militar-en-el-nacional-de-tiro","status":"publish","type":"post","link":"https:\/\/deportodos.com.ar\/2023\/triunfo-destacado-de-eduardo-tomez-en-pistona-militar-en-el-nacional-de-tiro\/","title":{"rendered":"TRIUNFO DESTACADO DE EDUARDO TOM\u00c9Z EN PISTO\u00d1A MILITAR EN EL NACIONAL DE TIRO"},"content":{"rendered":"\n<p>Durante el pasado fin de semana, Concordia fue escenario de una nueva y competitiva fecha del Campeonato Provincial de Tiro, realizada en las instalaciones del Tiro Federal Argentino de la ciudad. El evento reuni\u00f3 a representantes de toda la provincia de Entre R\u00edos y se vivi\u00f3 en un clima de camarader\u00eda y alto nivel deportivo. Tambi\u00e9n se realiz\u00f3 el s\u00e1bado en horas de la ma\u00f1ana el Nacional de Pistola Militar en donde obtuvo el triunfo el tirador local, Eduardo Tomez en categor\u00eda 9mm y .45.<br>Entre los protagonistas m\u00e1s sobresalientes de la jornada provincial tambi\u00e9n estuvo Eduardo Tom\u00e9z, quien se consagr\u00f3 ganador en dos categor\u00edas: Pistola Militar .45 y Pistola Militar 9mm. Con 159 y 162 puntos respectivamente.<br>Tambi\u00e9n brill\u00f3 la tiradora Siomara Ocampo, logrando el primer puesto en Aire de Quebrar Dama Mayor y el segundo lugar en Carabina Neum\u00e1tica Mayor, consolidando una destacada campa\u00f1a.<br>Otros resultados relevantes incluyeron a Fernando Guerrico, quien obtuvo una meritoria cuarta colocacion en Mira Abierta Mayor y figur\u00f3 en los primeros puestos de varias categor\u00edas de arma corta.<br>La competencia se desarroll\u00f3 en m\u00faltiples categor\u00edas que abarcaron diferentes calibres y modalidades tanto en la rama masculina como femenina, consolidando al campeonato como una cita clave para el desarrollo del tiro en la regi\u00f3n.<br>La pr\u00f3xima fecha del Campeonato Provincial de Tiro tendr\u00e1 lugar en Concepci\u00f3n del Uruguay, los d\u00edas 19 y 20 de julio, donde nuevamente se espera una fuerte presencia de deportistas de toda la provincia.<br>Resultados por categor\u00eda provincial:<br>Categor\u00eda N\u00ba 24 \u2013 Pistola Militar .45<\/p>\n\n\n\n<p>Eduardo Tomez \u2013 159 puntos<\/p>\n\n\n\n<p>Sergio Tugnarelli \u2013 141 puntos<\/p>\n\n\n\n<p>H\u00e9ctor Alejandro Esquivo \u2013 137 puntos<\/p>\n\n\n\n<p>Fernando Guerrico \u2013 127 puntos<\/p>\n\n\n\n<p>Categor\u00eda N.\u00ba 23 \u2013 Pistola Militar 9mm<\/p>\n\n\n\n<p>Eduardo Tomez \u2013 162 puntos<\/p>\n\n\n\n<p>H\u00e9ctor Alejandro Esquivo \u2013 139 puntos<\/p>\n\n\n\n<p>Fernando Guerrico \u2013 135 puntos<\/p>\n\n\n\n<p>Adri\u00e1n D\u00e1vila \u2013 131 puntos<\/p>\n\n\n\n<p>Fabi\u00e1n Almir\u00f3n \u2013 81 puntos<\/p>\n\n\n\n<p>Categor\u00eda N.\u00ba 21 \u2013 Pistola .22 L.R. Standard<\/p>\n\n\n\n<p>H\u00e9ctor Alejandro Esquivo \u2013 173 puntos<\/p>\n\n\n\n<p>Eduardo Tomez \u2013 170 puntos<\/p>\n\n\n\n<p>Sergio Tugnarelli \u2013 163 puntos<\/p>\n\n\n\n<p>N\u00e9stor Gil \u2013 159 puntos<\/p>\n\n\n\n<p>Fernando Guerrico \u2013 146 puntos<\/p>\n\n\n\n<p>Adri\u00e1n D\u00e1vila \u2013 109 puntos<\/p>\n\n\n\n<p>Mira Abierta Mayor<br>4\u00b0: Fernando Guerrico<\/p>\n\n\n\n<p>Pistola Neum\u00e1tica<br>5\u00b0: Juan Carlos Valdez<\/p>\n\n\n\n<p>Carabina Neum\u00e1tica Mayor<br>2\u00b0: Siomara Ocampo<\/p>\n\n\n\n<p>Aire de Quebrar Dama Mayor<\/p>\n\n\n\n<p>1\u00b0: Siomara Ocampo<\/p>\n","protected":false},"excerpt":{"rendered":"<p>Durante el pasado fin de semana, Concordia fue escenario de una nueva y competitiva fecha&#8230;<\/p>\n","protected":false},"author":2,"featured_media":3671,"comment_status":"open","ping_status":"open","sticky":false,"template":"","format":"standard","meta":{"footnotes":""},"categories":[31],"tags":[],"class_list":["post-3670","post","type-post","status-publish","format-standard","has-post-thumbnail","hentry","category-tiro"],"featured_image_urls":{"full":["https:\/\/deportodos.com.ar\/2023\/wp-content\/uploads\/2025\/06\/r_1748448436.jpg",768,512,false],"thumbnail":["https:\/\/deportodos.com.ar\/2023\/wp-content\/uploads\/2025\/06\/r_1748448436-150x150.jpg",150,150,true],"medium":["https:\/\/deportodos.com.ar\/2023\/wp-content\/uploads\/2025\/06\/r_1748448436-300x200.jpg",300,200,true],"medium_large":["https:\/\/deportodos.com.ar\/2023\/wp-content\/uploads\/2025\/06\/r_1748448436.jpg",640,427,false],"large":["https:\/\/deportodos.com.ar\/2023\/wp-content\/uploads\/2025\/06\/r_1748448436.jpg",640,427,false],"1536x1536":["https:\/\/deportodos.com.ar\/2023\/wp-content\/uploads\/2025\/06\/r_1748448436.jpg",768,512,false],"2048x2048":["https:\/\/deportodos.com.ar\/2023\/wp-content\/uploads\/2025\/06\/r_1748448436.jpg",768,512,false],"covernews-featured":["https:\/\/deportodos.com.ar\/2023\/wp-content\/uploads\/2025\/06\/r_1748448436.jpg",768,512,false],"covernews-medium":["https:\/\/deportodos.com.ar\/2023\/wp-content\/uploads\/2025\/06\/r_1748448436-540x340.jpg",540,340,true]},"author_info":{"display_name":"c2530142","author_link":"https:\/\/deportodos.com.ar\/2023\/author\/c2530142\/"},"category_info":"<a href=\"https:\/\/deportodos.com.ar\/2023\/category\/tiro\/\" rel=\"category tag\">Tiro<\/a>","tag_info":"Tiro","comment_count":"0","_links":{"self":[{"href":"https:\/\/deportodos.com.ar\/2023\/wp-json\/wp\/v2\/posts\/3670","targetHints":{"allow":["GET"]}}],"collection":[{"href":"https:\/\/deportodos.com.ar\/2023\/wp-json\/wp\/v2\/posts"}],"about":[{"href":"https:\/\/deportodos.com.ar\/2023\/wp-json\/wp\/v2\/types\/post"}],"author":[{"embeddable":true,"href":"https:\/\/deportodos.com.ar\/2023\/wp-json\/wp\/v2\/users\/2"}],"replies":[{"embeddable":true,"href":"https:\/\/deportodos.com.ar\/2023\/wp-json\/wp\/v2\/comments?post=3670"}],"version-history":[{"count":1,"href":"https:\/\/deportodos.com.ar\/2023\/wp-json\/wp\/v2\/posts\/3670\/revisions"}],"predecessor-version":[{"id":3672,"href":"https:\/\/deportodos.com.ar\/2023\/wp-json\/wp\/v2\/posts\/3670\/revisions\/3672"}],"wp:featuredmedia":[{"embeddable":true,"href":"https:\/\/deportodos.com.ar\/2023\/wp-json\/wp\/v2\/media\/3671"}],"wp:attachment":[{"href":"https:\/\/deportodos.com.ar\/2023\/wp-json\/wp\/v2\/media?parent=3670"}],"wp:term":[{"taxonomy":"category","embeddable":true,"href":"https:\/\/deportodos.com.ar\/2023\/wp-json\/wp\/v2\/categories?post=3670"},{"taxonomy":"post_tag","embeddable":true,"href":"https:\/\/deportodos.com.ar\/2023\/wp-json\/wp\/v2\/tags?post=3670"}],"curies":[{"name":"wp","href":"https:\/\/api.w.org\/{rel}","templated":true}]}}