{"id":3673,"date":"2025-06-11T10:17:46","date_gmt":"2025-06-11T10:17:46","guid":{"rendered":"https:\/\/deportodos.com.ar\/2023\/?p=3673"},"modified":"2025-06-11T10:17:47","modified_gmt":"2025-06-11T10:17:47","slug":"juan-pablo-gonzalez-fue-el-mejor-en-el-cerro","status":"publish","type":"post","link":"https:\/\/deportodos.com.ar\/2023\/juan-pablo-gonzalez-fue-el-mejor-en-el-cerro\/","title":{"rendered":"JUAN PABLO GONZALEZ FUE EL MEJOR EN EL CERRO"},"content":{"rendered":"\n<p>&nbsp;Se llevo a cabo la 3era fecha del Certamen este fin de&nbsp; semana en el circuito el \u00a8Cerro de la Vertiente\u00a8 en la ciudad de Diamante , algo mas de 60 pilotos se hicieron presentes, en una jornada soleada&nbsp; y ante un importante marco de publico que rodeo el circuito .<\/p>\n\n\n\n<p>En la categor\u00eda principal Seniors Open, un hombre que volvi\u00f3 a la victoria Juan Pablo Gonz\u00e1lez de San Lorenzo despu\u00e9s de mucho tiempo retorno a lo mas alto del podio, en tanto Sebasti\u00e1n Gange el piloto de 1\u00b0 de Mayo se llevo la Senior B.<\/p>\n\n\n\n<p>&nbsp;El piloto &nbsp;Rub\u00e9n Hauteville de C. del Uruguay se adue\u00f1o de la categor\u00eda &nbsp;Expertos \u201cA\u201d, en la categor\u00eda 125 cc el joven gualeyo Casiano Barrios fue el vencedor . Luciano Moine de Rosario del Tala volvi\u00f3 a quedarse con la &nbsp;Master \u201cA\u201d, &nbsp;en Juniors Open se destaco Nicol\u00e1s Stelli &nbsp;de Baradero ( Bs. As) y Ariel Mezzera de San Nicol\u00e1s en Juniors Limitada. El uruguayo Sergio Postiglione Yardin &nbsp;obtuvo la victoria en Master B\u201d y Gerardo Campod\u00f3nico de Gualeguay vuelve a repetir su triunfo en &nbsp;Master \u201cC\u201d. En Enduro Calle hasta 300 cc el paranaense Enzo Chavez fue el vencedor &nbsp;&nbsp;y&nbsp; en Expertos \u201cC\u201d el mejor fue e Fabi\u00e1n Bonv\u00edn de Col\u00f3n. En tanto Sebasti\u00e1n S\u00e1nchez de Gualeguay se destaco &nbsp;en Principiantes y Mateo Silva de Paran\u00e1 &nbsp;se llev\u00f3 los puntos en la Juvenil 85 cc.-La Pr\u00f3xima cita, 4ta. del Certamen tendr\u00e1 lugar los d\u00edas 28 y 29 de Junio en Gualeguaych\u00fa, Circuito \u201cEl Fort\u00edn\u201d .-&nbsp;&nbsp;<\/p>\n\n\n\n<p><strong>RESULTADOS GENERALES<\/strong>&nbsp;<br><strong>3era. FECHA CERTAMEN ENTRERRIANO DE ENDUROCROSS<\/strong><\/p>\n\n\n\n<p><strong>EN DIAMANTE \u2013 7 y 8 DE JUNIO DE 2025 &#8211;<br>Circuito: \u201d El Cerro de la Vertiente \u201d- Organiz\u00f3 : MX Diamante\u201d<\/strong><\/p>\n\n\n\n<p><strong>Auspiciaron: Municipalidad de Diamante .<\/strong><\/p>\n\n\n\n<p><strong>Fiscaliz\u00f3 APEMA-<\/strong><\/p>\n\n\n\n<p><strong><br><\/strong><br><strong><u>CATEGOR\u00cdA SENIORS OPEN. \u201cA\u201d y \u201cB<\/u><\/strong><\/p>\n\n\n\n<p>1\u00b0-&nbsp;Juan Pablo Gonz\u00e1lez \u2013 San Lorenzo \u2013 KTM 450<\/p>\n\n\n\n<p>2\u00b0-&nbsp; Rub\u00e9n Hauteville \u2013 C. del Uruguay- YZF 250<\/p>\n\n\n\n<p>3\u00b0- Emanuel Hauteville- C. del Uruguay- CRF 250<\/p>\n\n\n\n<p>4\u00b0-&nbsp;Sebasti\u00e1n Gange-1\u00b0 de Mayo \u2013SXF 250&nbsp;&nbsp; (1\u00b0 B)<\/p>\n\n\n\n<p>5\u00b0- Casiano Barrios \u2013 Gualeguay- CRF 250<\/p>\n\n\n\n<p>6\u00b0- Luciano Moine \u2013 R. del Tala \u2013 KTM 350<\/p>\n\n\n\n<p>7\u00b0-&nbsp;Bruno Muller &#8211; A.San Antonio- Suzuki RMZ 450(2\u00b0 B)<\/p>\n\n\n\n<p>8\u00b0- Narciso Cusinato \u2013 Larroque \u2013 YZF 250<\/p>\n\n\n\n<p>9\u00b0- Franco Dening \u2013 Valle Maria \u2013 YZ 250 (3\u00b0 B)<\/p>\n\n\n\n<p>10\u00b0- Hernan Dreiling \u2013 Valle Maria \u2013 KT 250 ( 4 \u00b0B)<\/p>\n\n\n\n<p>11\u00b0-&nbsp;Hern\u00e1n Garnier \u2013 Villa Elisa \u2013 CRF 250 (5\u00b0 B)<\/p>\n\n\n\n<p>12\u00b0- Juan Mart\u00edn Arribillaga- Gualeguay- CRF 250 ( 6\u00b0 B)<\/p>\n\n\n\n<p>13\u00b0- Gerardo Campodonico \u2013 Gualeguay \u2013 CRF 450 ( 7\u00b0 B)<\/p>\n\n\n\n<p>14\u00b0-&nbsp;Fernando Benedetti \u2013 Gualeguay- KXF 250 ( 8\u00b0 B)<\/p>\n\n\n\n<p>15\u00b0- Rodrigo Barrios \u2013 Gualeguay \u2013 YZ 125 (9\u00b0 B)<\/p>\n\n\n\n<p>16\u00b0- Orlando Fischer \u2013 Ald. Prostestante \u2013 YZ 125 ( 10\u00b0B )<\/p>\n\n\n\n<p>17\u00b0- Emiliano Kranevitter \u2013 Villa Valle Mar\u00eda \u2013 YZ 250 ( 11\u00b0 B )<\/p>\n\n\n\n<p>EXPERTOS \u201cA\u201d.-<\/p>\n\n\n\n<p>1\u00b0- Rub\u00e9n Hauteville \u2013 C. del Uruguay \u2013 YZF 250<\/p>\n\n\n\n<p>2\u00b0- Emanuel Hauteville- C. del Uruguay- CRF 250<\/p>\n\n\n\n<p>3\u00b0- Narciso Cusinato \u2013 Larroque \u2013 YZF 250<\/p>\n\n\n\n<p>4\u00b0-&nbsp;Juan Mart\u00edn Arribillaga- Gualeguay- CRF 250<\/p>\n\n\n\n<p>5\u00b0- Joaquin Wagner \u2013 Ald. Protestante \u2013 Gas Gas 250<\/p>\n\n\n\n<p>6\u00b0- Valentino Graciani \u2013Paran\u00e1- &nbsp;KXF 250<\/p>\n\n\n\n<p><strong><u>CATEGOR\u00cdA JUNIORS OPEN .<\/u><\/strong><\/p>\n\n\n\n<p>1\u00b0- Nicol\u00e1s Stelli \u2013 Baradero \u2013 KTM 350<\/p>\n\n\n\n<p>2\u00b0- Sebasti\u00e1n Gange-1\u00b0 de Mayo \u2013 SXF 250<\/p>\n\n\n\n<p>3\u00b0- Franco Soldano \u2013 Cerrito \u2013 Gas Gas 250<\/p>\n\n\n\n<p>4\u00b0- Franco Dening \u2013 Valle Maria \u2013 YZ 250<\/p>\n\n\n\n<p>5\u00b0- Jos\u00e9 Carrizo \u2013 San Nicol\u00e1s \u2013 CRF 450<\/p>\n\n\n\n<p>6\u00b0- Ernesto Ekerdt \u2013 San Justo \u2013 CRF 450<\/p>\n\n\n\n<p>7\u00b0- Emiliano Kranevitter \u2013 Valle Mar\u00eda \u2013 YZ 250<\/p>\n\n\n\n<p>8\u00b0- Juan Pablo Racigh-Villa San Justo \u2013YZF 450<\/p>\n\n\n\n<p>9\u00b0-&nbsp;Fernando Benedetti-Gualeguay- KXF 250<\/p>\n\n\n\n<p>10\u00b0- Valentino Graciani \u2013 Paran\u00e1 &#8211; KXF 250<\/p>\n\n\n\n<p>11\u00b0- Denis Benedetti &#8211; Gualeguay- KXF 450<\/p>\n\n\n\n<p>12\u00b0- Enzo Chavez \u2013 Parana \u2013 Tornado 250<\/p>\n\n\n\n<p><strong><u>CAT. EXPERTOS 125 cc<\/u><\/strong><\/p>\n\n\n\n<p>1\u00b0. Casiano Barrios \u2013 Gualeguaychu \u2013 YZ 125<\/p>\n\n\n\n<p>2\u00b0- Rodrigo Barrios- Gualeguay\u2013 YZ 125<\/p>\n\n\n\n<p>3\u00b0- Diego Protto \u2013 Villaguay \u2013 YZ 125<\/p>\n\n\n\n<p>4\u00b0- Orlando Fischer \u2013 Ald. Prostestante \u2013 YZ 125<\/p>\n\n\n\n<p>5\u00b0- Mateo Silva \u2013 Paran\u00e1 \u2013 Gas Gas 85<\/p>\n\n\n\n<p><strong><u>CATEGOR\u00cdA JUNIORS LIMITADA<\/u><\/strong><br>1\u00b0- Ariel Mezzera \u2013 San Nicol\u00e1s \u2013 CRF 250<\/p>\n\n\n\n<p>2\u00b0- Juan Pablo Racigh-Villa San Justo- YZF 450<\/p>\n\n\n\n<p>3\u00b0- Isidro Aladio \u2013 Nogoy\u00e1- CRF 250<\/p>\n\n\n\n<p>4\u00b0- Joel&nbsp; Eckerdt \u2013Villa San Justo \u2013CRF 450<\/p>\n\n\n\n<p>5\u00b0- Joaqu\u00edn Wagner \u2013 Diamante \u2013 Gas gas 250<\/p>\n\n\n\n<p>6\u00b0- Sebasti\u00e1n S\u00e1nchez \u2013 Gualeguay- KXF 250<\/p>\n\n\n\n<p>7\u00b0- Max Morresi \u2013 Paran\u00e1 \u2013 YZF 250<\/p>\n\n\n\n<p>8\u00b0- Gonzalo Truffer \u2013 Paran\u00e1 \u2013 YZF 250<\/p>\n\n\n\n<p>9\u00b0-&nbsp;Alejandro Felli- Basavilbaso \u2013 Husqvarna 350<\/p>\n\n\n\n<p>10\u00b0-&nbsp;Agust\u00edn Hengenreter \u2013 Gualeguaych\u00fa- CRF 250<\/p>\n\n\n\n<p>11\u00b0- Ivan Sigot \u2013 Victoria \u2013 YZF 250<\/p>\n\n\n\n<p>12\u00b0-&nbsp;Benjam\u00edn Campod\u00f3nico \u2013Gualeguay- CRF 250<\/p>\n\n\n\n<p>13\u00b0- Rafael Velardi \u2013 Victoria \u2013 YZF 250<\/p>\n\n\n\n<p>14\u00b0- Franco Lepre \u2013 Gualeguaych\u00fa- CRF 250<\/p>\n\n\n\n<p>15\u00b0- Denis Benedetti \u2013 Gualeguay- KXF 450<\/p>\n\n\n\n<p><strong><u>CATEGOR\u00cdA EXPERTOS \u201cC\u201d&nbsp;<br><\/u><\/strong>1\u00b0- Fabi\u00e1n Bonvin \u2013 Col\u00f3n- KTM 250<\/p>\n\n\n\n<p>2\u00b0- Mart\u00edn Kokojazuck \u2013 R. del Tala \u2013 RM 125<\/p>\n\n\n\n<p>3\u00b0- Ram\u00f3n Bianni \u2013Paran\u00e1 \u2013Honda XLX 250<\/p>\n\n\n\n<p><strong><u>CATEGOR\u00cdA MASTERS \u00a8A\u00a8<\/u><\/strong><strong><\/strong><\/p>\n\n\n\n<p>1\u00b0-&nbsp;Luciano Moine \u2013 R. del Tala \u2013 KTM 350<\/p>\n\n\n\n<p>2\u00b0- Juan Pablo Gonz\u00e1lez \u2013 San Lorenzo \u2013 KTM 450<\/p>\n\n\n\n<p>3\u00b0- Jos\u00e9 Carrizo \u2013 San Nicol\u00e1s- CRF 450<\/p>\n\n\n\n<p>4\u00b0- Nicol\u00e1s Stelli \u2013 Baradero \u2013 KTM 350<\/p>\n\n\n\n<p>5\u00b0- Hern\u00e1n Garnier \u2013 Villa Elisa- CRF 250<\/p>\n\n\n\n<p>6\u00b0- Hernan Dreiling \u2013 Valle Mar\u00eda \u2013 KTM 250<\/p>\n\n\n\n<p>7\u00b0- Ernesto Ekerdt- Villa San Justo \u2013 CRF 450<\/p>\n\n\n\n<p>8\u00b0- Adri\u00e1n Mart\u00ednez \u2013 Diamante \u2013 Gas Gas 250<\/p>\n\n\n\n<p>9\u00b0- Fabi\u00e1n Bonvin \u2013 Col\u00f3n \u2013 KTM 250<\/p>\n\n\n\n<p>10\u00b0-&nbsp;Mart\u00edn Kokojazuck \u2013 R. del Tala \u2013 RMZ 250<\/p>\n\n\n\n<p><strong><u>CATEGOR\u00cdA MASTERS \u00a8B\u00a8<\/u><\/strong><\/p>\n\n\n\n<p>1\u00b0- Sergio Postiglione Yardim \u2013 Salto (ROU) \u2013 KTM 250<\/p>\n\n\n\n<p>2\u00b0- Ignacio Acevedo \u2013 Gualeguaych\u00fa \u2013 RMZ 450<\/p>\n\n\n\n<p>3\u00b0- Rafael Velardis \u2013 Victoria \u2013 YZF 250<\/p>\n\n\n\n<p>4\u00b0- Jos\u00e9 Luis Arralde- Chajari \u2013 CRF 250<\/p>\n\n\n\n<p>5\u00b0- Ariel Mezzera \u2013 San Nicol\u00e1s \u2013 CRF 250<\/p>\n\n\n\n<p>6\u00b0- Gustavo Sturtz- Urdinarrain \u2013 CRF 250<\/p>\n\n\n\n<p>7\u00b0- Alejandro Felli \u2013 Basavilbaso \u2013 Husqvarna 350<\/p>\n\n\n\n<p>8\u00b0- Esteban Gottig \u2013 Crespo \u2013 CRF 450<\/p>\n\n\n\n<p><strong><u>CATEGOR\u00cdA MASTERS \u00a8C\u00a8<\/u><\/strong><\/p>\n\n\n\n<p>1\u00b0- Gerardo Campod\u00f3nico-Gualeguay-CRF 450<\/p>\n\n\n\n<p>2\u00b0- Cristian Calero \u2013 Paran\u00e1 \u2013 KTM 350<\/p>\n\n\n\n<p>3\u00b0- Walter Nestman \u2013 Ald. San Antonio \u2013 YZF 450<\/p>\n\n\n\n<p>4\u00b0- Diego Morresi \u2013 Paran\u00e1 \u2013 YZF 250<\/p>\n\n\n\n<p>5\u00b0- Daniel Bondaz- San Jos\u00e9 \u2013 KLX 300<\/p>\n\n\n\n<p>6\u00b0-&nbsp;Oscar Gonz\u00e1lez \u2013 San Lorenzo- KTM 450<\/p>\n\n\n\n<p>7\u00b0- Marcos Bonvin \u2013 Col\u00f3n \u2013 CRF 250F<\/p>\n\n\n\n<p><strong><u>CATEGOR\u00cdA PRINCIPIANTES (sin puntaje)<\/u><\/strong><br>1\u00b0- Sebasti\u00e1n S\u00e1nchez \u2013 Gualeguay- KXF 250<\/p>\n\n\n\n<p>2\u00b0- Iv\u00e1n Sigot \u2013 Victoria \u2013 YZF 250<\/p>\n\n\n\n<p>3\u00b0-&nbsp;Benjam\u00edn Campod\u00f3nico-Gualeguay-CRF 250<\/p>\n\n\n\n<p>4\u00b0- Max Morresi \u2013 Paran\u00e1 \u2013 YZF 250<\/p>\n\n\n\n<p>5\u00b0- Gonzalo Truffer- Paran\u00e1 \u2013 YZF 250<\/p>\n\n\n\n<p>6\u00b0- Adri\u00e1n Sandiaes \u2013 San Nicolas (Bs. AS.) \u2013 Kayo 250<\/p>\n\n\n\n<p>7\u00b0- Franco Lepre \u2013 Gualeguaych\u00fa \u2013 CRF 250<\/p>\n\n\n\n<p>8\u00b0- Vicente Aladio- Nogoy\u00e1 \u2013 YZ 125<\/p>\n\n\n\n<p>9\u00b0- Axel Befart \u2013 Valle Mar\u00eda \u2013 YZ 250<\/p>\n\n\n\n<p>10\u00b0- Bruno Ricardi \u2013 San Nicolas \u2013 CRF 250<\/p>\n\n\n\n<p>11\u00b0- Ignacio Acosta \u2013 Paran\u00e1 \u2013 Kayo 250<\/p>\n\n\n\n<p>12\u00b0- Ram\u00f3n Bianni- Paran\u00e1 \u2013 YZ 250<\/p>\n\n\n\n<p><strong><u>CATEGOR\u00cdA ENDURO CALLE<\/u><\/strong><\/p>\n\n\n\n<p>1\u00b0- Enzo Ch\u00e1vez \u2013 Paran\u00e1 \u2013 Tornado 250<\/p>\n\n\n\n<p>2\u00b0- Cristian Calero \u2013 Paran\u00e1 \u2013 CRF 230<\/p>\n\n\n\n<p>3\u00b0- Marcos Bonv\u00edn \u2013 Col\u00f3n-&nbsp; CRF&nbsp; 230<\/p>\n\n\n\n<p>4\u00b0- Adri\u00e1n Sandiaes \u2013 San Nicolas (Bs. AS.) \u2013 Kayo 250<\/p>\n\n\n\n<p>5\u00b0- Daniel Bondaz- San Jos\u00e9 \u2013 KLX 300<\/p>\n\n\n\n<p>6\u00b0- Ignacio Acosta \u2013 Paran\u00e1 \u2013 Kayo 250<\/p>\n\n\n\n<p>7\u00b0- Dylan Bondaz- San Jos\u00e9 \u2013 CRF 230<\/p>\n\n\n\n<p><strong><u>CATEGORIA JUVENIL 85 cc<\/u><\/strong><\/p>\n\n\n\n<p>1\u00b0- Mateo Silva \u2013 Paran\u00e1 \u2013 Gas Gas<\/p>\n\n\n\n<p>1\u00b0- Andy Garnier \u2013 Villa Elisa \u2013 KX 65<\/p>\n\n\n\n<p>Info: Apema prensa<\/p>\n","protected":false},"excerpt":{"rendered":"<p>&nbsp;Se llevo a cabo la 3era fecha del Certamen este fin de&nbsp; semana en el&#8230;<\/p>\n","protected":false},"author":2,"featured_media":3674,"comment_status":"open","ping_status":"open","sticky":false,"template":"","format":"standard","meta":{"footnotes":""},"categories":[20],"tags":[],"class_list":["post-3673","post","type-post","status-publish","format-standard","has-post-thumbnail","hentry","category-enduro"],"featured_image_urls":{"full":["https:\/\/deportodos.com.ar\/2023\/wp-content\/uploads\/2025\/06\/1era-Curva-Seniors-Open.jpg",1440,1031,false],"thumbnail":["https:\/\/deportodos.com.ar\/2023\/wp-content\/uploads\/2025\/06\/1era-Curva-Seniors-Open-150x150.jpg",150,150,true],"medium":["https:\/\/deportodos.com.ar\/2023\/wp-content\/uploads\/2025\/06\/1era-Curva-Seniors-Open-300x215.jpg",300,215,true],"medium_large":["https:\/\/deportodos.com.ar\/2023\/wp-content\/uploads\/2025\/06\/1era-Curva-Seniors-Open-768x550.jpg",640,458,true],"large":["https:\/\/deportodos.com.ar\/2023\/wp-content\/uploads\/2025\/06\/1era-Curva-Seniors-Open-1024x733.jpg",640,458,true],"1536x1536":["https:\/\/deportodos.com.ar\/2023\/wp-content\/uploads\/2025\/06\/1era-Curva-Seniors-Open.jpg",1440,1031,false],"2048x2048":["https:\/\/deportodos.com.ar\/2023\/wp-content\/uploads\/2025\/06\/1era-Curva-Seniors-Open.jpg",1440,1031,false],"covernews-featured":["https:\/\/deportodos.com.ar\/2023\/wp-content\/uploads\/2025\/06\/1era-Curva-Seniors-Open-1024x733.jpg",1024,733,true],"covernews-medium":["https:\/\/deportodos.com.ar\/2023\/wp-content\/uploads\/2025\/06\/1era-Curva-Seniors-Open-540x340.jpg",540,340,true]},"author_info":{"display_name":"c2530142","author_link":"https:\/\/deportodos.com.ar\/2023\/author\/c2530142\/"},"category_info":"<a href=\"https:\/\/deportodos.com.ar\/2023\/category\/enduro\/\" rel=\"category tag\">Enduro<\/a>","tag_info":"Enduro","comment_count":"0","_links":{"self":[{"href":"https:\/\/deportodos.com.ar\/2023\/wp-json\/wp\/v2\/posts\/3673","targetHints":{"allow":["GET"]}}],"collection":[{"href":"https:\/\/deportodos.com.ar\/2023\/wp-json\/wp\/v2\/posts"}],"about":[{"href":"https:\/\/deportodos.com.ar\/2023\/wp-json\/wp\/v2\/types\/post"}],"author":[{"embeddable":true,"href":"https:\/\/deportodos.com.ar\/2023\/wp-json\/wp\/v2\/users\/2"}],"replies":[{"embeddable":true,"href":"https:\/\/deportodos.com.ar\/2023\/wp-json\/wp\/v2\/comments?post=3673"}],"version-history":[{"count":1,"href":"https:\/\/deportodos.com.ar\/2023\/wp-json\/wp\/v2\/posts\/3673\/revisions"}],"predecessor-version":[{"id":3675,"href":"https:\/\/deportodos.com.ar\/2023\/wp-json\/wp\/v2\/posts\/3673\/revisions\/3675"}],"wp:featuredmedia":[{"embeddable":true,"href":"https:\/\/deportodos.com.ar\/2023\/wp-json\/wp\/v2\/media\/3674"}],"wp:attachment":[{"href":"https:\/\/deportodos.com.ar\/2023\/wp-json\/wp\/v2\/media?parent=3673"}],"wp:term":[{"taxonomy":"category","embeddable":true,"href":"https:\/\/deportodos.com.ar\/2023\/wp-json\/wp\/v2\/categories?post=3673"},{"taxonomy":"post_tag","embeddable":true,"href":"https:\/\/deportodos.com.ar\/2023\/wp-json\/wp\/v2\/tags?post=3673"}],"curies":[{"name":"wp","href":"https:\/\/api.w.org\/{rel}","templated":true}]}}