{"id":3679,"date":"2025-06-11T23:43:34","date_gmt":"2025-06-11T23:43:34","guid":{"rendered":"https:\/\/deportodos.com.ar\/2023\/?p=3679"},"modified":"2025-06-11T23:43:38","modified_gmt":"2025-06-11T23:43:38","slug":"torneo-provincial-de-debutantes-walter-gomez","status":"publish","type":"post","link":"https:\/\/deportodos.com.ar\/2023\/torneo-provincial-de-debutantes-walter-gomez\/","title":{"rendered":"TORNEO PROVINCIAL DE DEBUTANTES \u00abWALTER G\u00d3MEZ\u00bb"},"content":{"rendered":"\n<p>TENEMOS ZONAS, TENEMOS EQUIPOS, ARRANCA OTRA EDICI\u00d3N MAS DE ESTE HERMOSO TORNEO<br>SABADO 14 Y DOMINDO 15 DE JUNIO<br>ORGANIZA: ASOCIACI\u00d3N DE BOCHAS DE LA PLAZ<br>FISCALIZA FEDERACI\u00d3N ENTRERRIANA DE BOCHAS<br>ZONA DE 4 COMIENZA DESDE LAS 10 HORAS<br>ZONA DE 3 COMIENZA DESDE LAS 13.30 HORAS<\/p>\n\n\n\n<p>ZONA A \u2013 CANCHA CLUB BRISAS 1 \u2013 CONCHILLA Y TIERRA<br>1 \u2013 CONCORDIA<br>2 \u2013 SEGU\u00cd B<br>3 \u2013 LA PAZ E<br>4 \u2013 VILLAGUAY C<\/p>\n\n\n\n<p>ZONA B \u2013 CANCHA CLUB BRISAS 2 &#8211; CONCHILLA Y TIERRA<br>1 \u2013 FEDERAL B<br>2 \u2013 URUGUAY B<br>3 \u2013 LA PAZ F<br>4 \u2013 SEGU\u00cd A<\/p>\n\n\n\n<p>ZONA C \u2013 CANCHA CLUB CHANTA CUATRO 1 &#8211; CONCHILLA Y TIERRA<br>1 \u2013 PARAN\u00c1<br>2 \u2013 LA PAZ D<br>3 \u2013 VILLAGUAY A<br>4 \u2013 COL\u00d3N D<\/p>\n\n\n\n<p>ZONA D \u2013 CANCHA CLUB CHANTA CUATRO 2 &#8211; CONCHILLA Y TIERRA<br>1 \u2013 LA PAZ B<br>2 \u2013 URUGUAY A<br>3 \u2013 COL\u00d3N A<br>4 \u2013 NOGOY\u00c1 C<\/p>\n\n\n\n<p>ZONA E \u2013 CANCHA CLUB PATRONATO 1 &#8211; CONCHILLA Y TIERRA<br>1 \u2013 SAN SALVADOR<br>2 \u2013 NOGOY\u00c1 B<br>3 \u2013 GUALEGUAY<br>4 \u2013 MANSILLA<\/p>\n\n\n\n<p>ZONA F \u2013 CANCHA CLUB PATRONATO 2 &#8211; CONCHILLA Y TIERRA<br>COMIENZA 13.30 HS.<br>1 \u2013 CHAJAR\u00cd<br>2 \u2013 LA PAZ G<br>3 \u2013 NOGOY\u00c1 A<\/p>\n\n\n\n<p>ZONA G \u2013 CLUB EL AMARILLO 1 &#8211; CONCHILLA Y TIERRA<br>COMIENZA 13.30 HS.<br>1 \u2013 LA PAZ A<br>2 &#8211; COL\u00d3N C<br>3 \u2013 VILLAGUAY B<\/p>\n\n\n\n<p>ZONA H \u2013 CLUB EL AMARILLO 2 &#8211; CONCHILLA Y TIERRA<br>COMIENZA 13.30 HS.<br>1 \u2013 LA PAZ C<br>2 \u2013 FEDERAL A<br>3 \u2013 COL\u00d3N B<\/p>\n","protected":false},"excerpt":{"rendered":"<p>TENEMOS ZONAS, TENEMOS EQUIPOS, ARRANCA OTRA EDICI\u00d3N MAS DE ESTE HERMOSO TORNEOSABADO 14 Y DOMINDO&#8230;<\/p>\n","protected":false},"author":2,"featured_media":3680,"comment_status":"open","ping_status":"open","sticky":false,"template":"","format":"standard","meta":{"footnotes":""},"categories":[11],"tags":[],"class_list":["post-3679","post","type-post","status-publish","format-standard","has-post-thumbnail","hentry","category-bochas"],"featured_image_urls":{"full":["https:\/\/deportodos.com.ar\/2023\/wp-content\/uploads\/2025\/06\/IMG-20250611-WA0041.jpg",830,1174,false],"thumbnail":["https:\/\/deportodos.com.ar\/2023\/wp-content\/uploads\/2025\/06\/IMG-20250611-WA0041-150x150.jpg",150,150,true],"medium":["https:\/\/deportodos.com.ar\/2023\/wp-content\/uploads\/2025\/06\/IMG-20250611-WA0041-212x300.jpg",212,300,true],"medium_large":["https:\/\/deportodos.com.ar\/2023\/wp-content\/uploads\/2025\/06\/IMG-20250611-WA0041-768x1086.jpg",640,905,true],"large":["https:\/\/deportodos.com.ar\/2023\/wp-content\/uploads\/2025\/06\/IMG-20250611-WA0041-724x1024.jpg",640,905,true],"1536x1536":["https:\/\/deportodos.com.ar\/2023\/wp-content\/uploads\/2025\/06\/IMG-20250611-WA0041.jpg",830,1174,false],"2048x2048":["https:\/\/deportodos.com.ar\/2023\/wp-content\/uploads\/2025\/06\/IMG-20250611-WA0041.jpg",830,1174,false],"covernews-featured":["https:\/\/deportodos.com.ar\/2023\/wp-content\/uploads\/2025\/06\/IMG-20250611-WA0041.jpg",830,1174,false],"covernews-medium":["https:\/\/deportodos.com.ar\/2023\/wp-content\/uploads\/2025\/06\/IMG-20250611-WA0041-540x340.jpg",540,340,true]},"author_info":{"display_name":"c2530142","author_link":"https:\/\/deportodos.com.ar\/2023\/author\/c2530142\/"},"category_info":"<a href=\"https:\/\/deportodos.com.ar\/2023\/category\/bochas\/\" rel=\"category tag\">Bochas<\/a>","tag_info":"Bochas","comment_count":"0","_links":{"self":[{"href":"https:\/\/deportodos.com.ar\/2023\/wp-json\/wp\/v2\/posts\/3679","targetHints":{"allow":["GET"]}}],"collection":[{"href":"https:\/\/deportodos.com.ar\/2023\/wp-json\/wp\/v2\/posts"}],"about":[{"href":"https:\/\/deportodos.com.ar\/2023\/wp-json\/wp\/v2\/types\/post"}],"author":[{"embeddable":true,"href":"https:\/\/deportodos.com.ar\/2023\/wp-json\/wp\/v2\/users\/2"}],"replies":[{"embeddable":true,"href":"https:\/\/deportodos.com.ar\/2023\/wp-json\/wp\/v2\/comments?post=3679"}],"version-history":[{"count":1,"href":"https:\/\/deportodos.com.ar\/2023\/wp-json\/wp\/v2\/posts\/3679\/revisions"}],"predecessor-version":[{"id":3681,"href":"https:\/\/deportodos.com.ar\/2023\/wp-json\/wp\/v2\/posts\/3679\/revisions\/3681"}],"wp:featuredmedia":[{"embeddable":true,"href":"https:\/\/deportodos.com.ar\/2023\/wp-json\/wp\/v2\/media\/3680"}],"wp:attachment":[{"href":"https:\/\/deportodos.com.ar\/2023\/wp-json\/wp\/v2\/media?parent=3679"}],"wp:term":[{"taxonomy":"category","embeddable":true,"href":"https:\/\/deportodos.com.ar\/2023\/wp-json\/wp\/v2\/categories?post=3679"},{"taxonomy":"post_tag","embeddable":true,"href":"https:\/\/deportodos.com.ar\/2023\/wp-json\/wp\/v2\/tags?post=3679"}],"curies":[{"name":"wp","href":"https:\/\/api.w.org\/{rel}","templated":true}]}}