{"id":3683,"date":"2025-06-13T10:10:07","date_gmt":"2025-06-13T10:10:07","guid":{"rendered":"https:\/\/deportodos.com.ar\/2023\/?p=3683"},"modified":"2025-06-13T10:10:08","modified_gmt":"2025-06-13T10:10:08","slug":"se-definieron-los-playoffs","status":"publish","type":"post","link":"https:\/\/deportodos.com.ar\/2023\/se-definieron-los-playoffs\/","title":{"rendered":"SE DEFINIERON LOS PLAYOFFS"},"content":{"rendered":"\n<p>Central Entrerriano y Ferro de San Salvador, los dos entrerrianos entre los 16 mejores de la Liga Federal<br>En el comienzo de esta semana se definieron los playoffs interconferencias, donde Central venci\u00f3 en dos juegos a Estudiantil Porte\u00f1o y Ferro se impuso a 3 de Febrero en un tercer partido.<br>El pr\u00f3ximo lunes 16 comienzan los octavos de final, donde el rojinegro se enfrentar\u00e1 a River Plate en condici\u00f3n de visitante, para luego definir la serie de local el lunes 23 y, eventualmente, un tercer juego el martes 24 en el Jos\u00e9 Mar\u00eda B\u00e9rtora.<br>Ferro, por su parte, comenzar\u00e1 la serie jugando de local el lunes 16 contra Pte. Derqui, pero le tocar\u00e1 definir de visitante el lunes 23 y, de ser necesario, una \u00faltima instancia el martes 24 en Buenos Aires.<br>FOTO: Mauricio Rios<\/p>\n","protected":false},"excerpt":{"rendered":"<p>Central Entrerriano y Ferro de San Salvador, los dos entrerrianos entre los 16 mejores de&#8230;<\/p>\n","protected":false},"author":2,"featured_media":3684,"comment_status":"open","ping_status":"open","sticky":false,"template":"","format":"standard","meta":{"footnotes":""},"categories":[9],"tags":[],"class_list":["post-3683","post","type-post","status-publish","format-standard","has-post-thumbnail","hentry","category-basquet"],"featured_image_urls":{"full":["https:\/\/deportodos.com.ar\/2023\/wp-content\/uploads\/2025\/06\/FB_IMG_1749809319810.jpg",1600,1064,false],"thumbnail":["https:\/\/deportodos.com.ar\/2023\/wp-content\/uploads\/2025\/06\/FB_IMG_1749809319810-150x150.jpg",150,150,true],"medium":["https:\/\/deportodos.com.ar\/2023\/wp-content\/uploads\/2025\/06\/FB_IMG_1749809319810-300x200.jpg",300,200,true],"medium_large":["https:\/\/deportodos.com.ar\/2023\/wp-content\/uploads\/2025\/06\/FB_IMG_1749809319810-768x511.jpg",640,426,true],"large":["https:\/\/deportodos.com.ar\/2023\/wp-content\/uploads\/2025\/06\/FB_IMG_1749809319810-1024x681.jpg",640,426,true],"1536x1536":["https:\/\/deportodos.com.ar\/2023\/wp-content\/uploads\/2025\/06\/FB_IMG_1749809319810-1536x1021.jpg",1536,1021,true],"2048x2048":["https:\/\/deportodos.com.ar\/2023\/wp-content\/uploads\/2025\/06\/FB_IMG_1749809319810.jpg",1600,1064,false],"covernews-featured":["https:\/\/deportodos.com.ar\/2023\/wp-content\/uploads\/2025\/06\/FB_IMG_1749809319810-1024x681.jpg",1024,681,true],"covernews-medium":["https:\/\/deportodos.com.ar\/2023\/wp-content\/uploads\/2025\/06\/FB_IMG_1749809319810-540x340.jpg",540,340,true]},"author_info":{"display_name":"c2530142","author_link":"https:\/\/deportodos.com.ar\/2023\/author\/c2530142\/"},"category_info":"<a href=\"https:\/\/deportodos.com.ar\/2023\/category\/basquet\/\" rel=\"category tag\">Basquet<\/a>","tag_info":"Basquet","comment_count":"0","_links":{"self":[{"href":"https:\/\/deportodos.com.ar\/2023\/wp-json\/wp\/v2\/posts\/3683","targetHints":{"allow":["GET"]}}],"collection":[{"href":"https:\/\/deportodos.com.ar\/2023\/wp-json\/wp\/v2\/posts"}],"about":[{"href":"https:\/\/deportodos.com.ar\/2023\/wp-json\/wp\/v2\/types\/post"}],"author":[{"embeddable":true,"href":"https:\/\/deportodos.com.ar\/2023\/wp-json\/wp\/v2\/users\/2"}],"replies":[{"embeddable":true,"href":"https:\/\/deportodos.com.ar\/2023\/wp-json\/wp\/v2\/comments?post=3683"}],"version-history":[{"count":1,"href":"https:\/\/deportodos.com.ar\/2023\/wp-json\/wp\/v2\/posts\/3683\/revisions"}],"predecessor-version":[{"id":3685,"href":"https:\/\/deportodos.com.ar\/2023\/wp-json\/wp\/v2\/posts\/3683\/revisions\/3685"}],"wp:featuredmedia":[{"embeddable":true,"href":"https:\/\/deportodos.com.ar\/2023\/wp-json\/wp\/v2\/media\/3684"}],"wp:attachment":[{"href":"https:\/\/deportodos.com.ar\/2023\/wp-json\/wp\/v2\/media?parent=3683"}],"wp:term":[{"taxonomy":"category","embeddable":true,"href":"https:\/\/deportodos.com.ar\/2023\/wp-json\/wp\/v2\/categories?post=3683"},{"taxonomy":"post_tag","embeddable":true,"href":"https:\/\/deportodos.com.ar\/2023\/wp-json\/wp\/v2\/tags?post=3683"}],"curies":[{"name":"wp","href":"https:\/\/api.w.org\/{rel}","templated":true}]}}