{"id":3698,"date":"2025-06-16T00:00:04","date_gmt":"2025-06-16T00:00:04","guid":{"rendered":"https:\/\/deportodos.com.ar\/2023\/?p=3698"},"modified":"2025-06-16T00:00:05","modified_gmt":"2025-06-16T00:00:05","slug":"greta-victoria-rodriguez-y-silvio-altamirano-ganadores-de-la-1-fecha-de-cross-aventura-los-cuatro-pueblos","status":"publish","type":"post","link":"https:\/\/deportodos.com.ar\/2023\/greta-victoria-rodriguez-y-silvio-altamirano-ganadores-de-la-1-fecha-de-cross-aventura-los-cuatro-pueblos\/","title":{"rendered":"GRETA VICTORIA RODRIGUEZ Y SILVIO ALTAMIRANO GANADORES DE LA 1\u00b0 FECHA DE \u00abCROSS AVENTURA LOS CUATRO PUEBLOS\u00bb"},"content":{"rendered":"\n<p>Este s\u00e1bado 14 de Junio en la primeras horas\u00a0 de la tarde se disputo en la ciudad de Los charr\u00faas Entre R\u00edos,\u00a0 la primera fecha del torneo de Cross Country estilo aventura \u201cLos cuatro Pueblos\u201dcon unos 170 participantes , esta propuesta entre tres ciudades del departamento Concordia, Los Charr\u00faas, La Criolla y Colonia Ayu\u00ed y la ciudad de Federaci\u00f3n cabecera del Dto. del mismo nombre.<\/p>\n\n\n\n<p>Los primeros en llegar fueron los atleta de los 5km, el ganador en caballeros fue atleta de federaci\u00f3n&nbsp;&nbsp;Alex Mi\u00f1o quien aventajo al corredor de la criolla Eduardo Iparraguirre y completando el podio Jos\u00e9 Fern\u00e1ndez.<\/p>\n\n\n\n<p>En las damas la concordiense Yamila Sanabria se qued\u00f3 con el triunfo, a unos metros detr\u00e1s de ella llego la atleta de Federal&nbsp;&nbsp;Mirna Ruiz D\u00edaz y cerrando el top3 la local Ivana Patricia Espindola.<\/p>\n\n\n\n<p><a href=\"https:\/\/blogger.googleusercontent.com\/img\/b\/R29vZ2xl\/AVvXsEjXviphvt6v2KDzJkzYMJewW6qGAZbfPifDkCG-AgI5cygVz-YBgT-ZOjzgeLFDPW9OEdhLhjfib974Kd-POnhgiJ11pPgQ3BaQxOaoZops6qU5OIdyUi39IKo03hG0GfQXL5YRMUyCsufe9Bfq80E8Dl0KvJwPK_NBys_wCEOd6yCFdGRkaRQk1s3Iy6A\/s1024\/DSC_2363%20(Copy).JPG\"><\/a><\/p>\n\n\n\n<figure class=\"wp-block-image\"><a href=\"https:\/\/blogger.googleusercontent.com\/img\/b\/R29vZ2xl\/AVvXsEj3wcQYnA4rEI_aZnrrAK4zjfq-TNIEgiS21IqEE-P4tv7u6rPPNdV_8T8Mcgkr1CtvZAixkvw09H9MlRGYNd2utik9tWv5unDYt1diCxwxSb5D39RaMBU5dTMkeUzO5XDGo4ReAkU4JoHDCrxrCj6uxpoYPArN7beAL6f-e37CZEXDB8PehOPmvyl-1k4\/s1024\/DSC_2355%20(Copy).JPG\"><img decoding=\"async\" src=\"https:\/\/blogger.googleusercontent.com\/img\/b\/R29vZ2xl\/AVvXsEj3wcQYnA4rEI_aZnrrAK4zjfq-TNIEgiS21IqEE-P4tv7u6rPPNdV_8T8Mcgkr1CtvZAixkvw09H9MlRGYNd2utik9tWv5unDYt1diCxwxSb5D39RaMBU5dTMkeUzO5XDGo4ReAkU4JoHDCrxrCj6uxpoYPArN7beAL6f-e37CZEXDB8PehOPmvyl-1k4\/w400-h268\/DSC_2355%20(Copy).JPG\" alt=\"\"\/><\/a><\/figure>\n\n\n\n<p><a href=\"https:\/\/blogger.googleusercontent.com\/img\/b\/R29vZ2xl\/AVvXsEjXviphvt6v2KDzJkzYMJewW6qGAZbfPifDkCG-AgI5cygVz-YBgT-ZOjzgeLFDPW9OEdhLhjfib974Kd-POnhgiJ11pPgQ3BaQxOaoZops6qU5OIdyUi39IKo03hG0GfQXL5YRMUyCsufe9Bfq80E8Dl0KvJwPK_NBys_wCEOd6yCFdGRkaRQk1s3Iy6A\/s1024\/DSC_2363%20(Copy).JPG\"><\/a><\/p>\n\n\n\n<p>Minutos despu\u00e9s fueron llegando los primero de los 10 km el concordiense Silvio Altamirano se alz\u00f3 con el triunfo, secundado por Walter Moreira que viene escalando lugares en estos \u00faltimos tiempos y el tercero en llegar fue Daniel Frizler y cerrando el top5 Luis Barrio representante del team&nbsp;&nbsp;deportes villa Adela y de Concordia Tomas Russo.<\/p>\n\n\n\n<figure class=\"wp-block-image\"><a href=\"https:\/\/blogger.googleusercontent.com\/img\/b\/R29vZ2xl\/AVvXsEi9PZpTxakHP1iUcWS2saS9m7ib_sAFbFPtN1uea5BwlW9WRuEXf9Nyw-hRYZ7QEsJvkCjtZNxlYYTuBIerrn1h3L3PhrI_GxRRGMWKqWe7U7UVznHS-4ez0SiZVCZ1CDxRDhgK5b35MWgNqwGhqPOSCV18xf10_3xUVwKwz7F_pCR2v4M939c-h2jQHLU\/s1024\/DSC_2363%20(Copy).JPG\"><img decoding=\"async\" src=\"https:\/\/blogger.googleusercontent.com\/img\/b\/R29vZ2xl\/AVvXsEi9PZpTxakHP1iUcWS2saS9m7ib_sAFbFPtN1uea5BwlW9WRuEXf9Nyw-hRYZ7QEsJvkCjtZNxlYYTuBIerrn1h3L3PhrI_GxRRGMWKqWe7U7UVznHS-4ez0SiZVCZ1CDxRDhgK5b35MWgNqwGhqPOSCV18xf10_3xUVwKwz7F_pCR2v4M939c-h2jQHLU\/w400-h268\/DSC_2363%20(Copy).JPG\" alt=\"\"\/><\/a><\/figure>\n\n\n\n<p>En las damas quien se qued\u00f3 el triunfo fue Greta Victoria Rodr\u00edguez quien fue ganadora en varias oportunidades de los 4 y 8km de la recorrer los Charr\u00faas y esta vez tambien gano los 10km del Cross con una particularidad que cada vez que fue a los charr\u00faas a copetir&nbsp; gano la generales , en segundo lugar llego&nbsp;&nbsp;Vanesa Alves Gonz\u00e1lez&nbsp;&nbsp;el tercer lugar apenas un segundo atr\u00e1s Lucrecia Cornalo ambas de Federaci\u00f3n,&nbsp;&nbsp;en cuarto lugar de federal&nbsp;&nbsp;Vanesa Ayala y cerrando el top 5 Gisella Beruzi tambi\u00e9n de Federaci\u00f3n.<\/p>\n\n\n\n<figure class=\"wp-block-image\"><a href=\"https:\/\/blogger.googleusercontent.com\/img\/b\/R29vZ2xl\/AVvXsEjsEoCO4sjiWHLlX-u4qnHzPKpeA6ts9qie87rLEU3oOWWJLiMDhyIIo8xN8o7UoTgqjdZTyybJnPA54erYj93hrh_HT61ZdDVFX-dK58Ly42qBT7E5ZwmE4ytFubhH7RS3_0EjA_quvvvRYcG7pwETW-Liom3CSjjJsH5A8x6Uea3QuZQYbcDGyGof4ck\/s1024\/DSC_2368%20(Copy).JPG\"><img decoding=\"async\" src=\"https:\/\/blogger.googleusercontent.com\/img\/b\/R29vZ2xl\/AVvXsEjsEoCO4sjiWHLlX-u4qnHzPKpeA6ts9qie87rLEU3oOWWJLiMDhyIIo8xN8o7UoTgqjdZTyybJnPA54erYj93hrh_HT61ZdDVFX-dK58Ly42qBT7E5ZwmE4ytFubhH7RS3_0EjA_quvvvRYcG7pwETW-Liom3CSjjJsH5A8x6Uea3QuZQYbcDGyGof4ck\/w400-h268\/DSC_2368%20(Copy).JPG\" alt=\"\"\/><\/a><\/figure>\n\n\n\n<p>Una vez culminada la carrera los corredores ten\u00edan ba\u00f1os con ducha caliente, un kits de hidrataci\u00f3n muy completo, medallas, trofeos, Remeras&nbsp;&nbsp;en realidad una carrera muy&nbsp;&nbsp;bien organizada por la gente de los charr\u00faas , que tuvo en todo los detalles para no tener ninguna quejas solo felicitaciones y asi fue..<\/p>\n\n\n\n<p>Resultados generales&nbsp;<\/p>\n\n\n\n<p><strong>General 10km<\/strong><\/p>\n\n\n\n<p><strong>Damas&nbsp;<\/strong><\/p>\n\n\n\n<p><strong>1\u00b0 RODRIGUEZ, GRETA VICTORIA -VILLA ADELA&nbsp;&nbsp;&nbsp;&#8211; 0:47:40<\/strong><\/p>\n\n\n\n<p><strong>2\u00b0 ALVEZ GONZALEZ, VANESA&nbsp;&nbsp;&nbsp;-FEDERACION&nbsp;&nbsp;&nbsp;-0:51:23<\/strong><\/p>\n\n\n\n<p><strong>3\u00b0CORNALO, LUCRECIA ROMINA-FEDERACION&nbsp;&nbsp;&nbsp;&nbsp;&nbsp;&nbsp;&nbsp;&nbsp;&nbsp;&nbsp;&nbsp;&nbsp;&nbsp;&nbsp;&nbsp;&nbsp;-0:51:24<\/strong><\/p>\n\n\n\n<p><strong>4\u00b0 AYALA, VANESA ALEJANDRA&nbsp;&nbsp;&nbsp;&nbsp;&nbsp;&nbsp;&nbsp;&nbsp;&nbsp;&nbsp;&nbsp;&nbsp;&nbsp;&nbsp;&nbsp;&nbsp;-FEDERAL&#8211;0:54:27<\/strong><\/p>\n\n\n\n<p><strong>5\u00b0 BARUZZI, GISELA-FEDERACION&nbsp;&nbsp;&nbsp;&nbsp;&nbsp;&nbsp;&nbsp;&nbsp;&nbsp;&nbsp; -0:54:42<\/strong><\/p>\n\n\n\n<p><strong>Caballeros<\/strong><\/p>\n\n\n\n<p><strong>1\u00b0 ALTAMIRANO, SILVIO&nbsp;&nbsp;&nbsp;&nbsp;&nbsp;&nbsp;&nbsp;&nbsp;&nbsp;&nbsp;&nbsp;&nbsp;&nbsp;&nbsp;-CONCORDIA-&nbsp;&nbsp;&nbsp;0:36:43<\/strong><\/p>\n\n\n\n<p><strong>2\u00b0 MOREYRA, WALTER&nbsp;&nbsp;-CONCORDIA-0:37:03<\/strong><\/p>\n\n\n\n<p><strong>3\u00b0 FRITZLER, DANIEL MATIAS&nbsp;&nbsp;&nbsp;&nbsp;&nbsp;-CONCORDIA&nbsp;&nbsp;&nbsp;&nbsp;-0:37:38<\/strong><\/p>\n\n\n\n<p><strong>4\u00b0 BARRIO, LUIS Mar\u00eda-&nbsp;CONCORDIA&nbsp;&nbsp;&nbsp;&nbsp;&nbsp;&nbsp;-0:38:52<\/strong><\/p>\n\n\n\n<p><strong>5\u00b0 RUSSO, TOMAS&nbsp;&nbsp;&nbsp;&nbsp;&nbsp;&nbsp;&nbsp;&nbsp;&nbsp; -CONCORDIA&nbsp;&nbsp;&nbsp; -0:39:30<\/strong><\/p>\n\n\n\n<p><strong>Distancia 5k<\/strong><\/p>\n\n\n\n<p><strong>Damas<\/strong><\/p>\n\n\n\n<p><strong>1\u00b0 SANABRIA, YAMILA ALEJANDRA-CONCORDIA-0:27:54<\/strong><\/p>\n\n\n\n<p><strong>2\u00b0 RUIZ DIAZ, MIRNA&nbsp;&nbsp;&nbsp;&nbsp;&nbsp;-FEDERAL&nbsp;&nbsp;&nbsp;&nbsp;&nbsp;&nbsp;&nbsp;&nbsp;&nbsp;&nbsp;&nbsp;&nbsp;-0:28:07<\/strong><\/p>\n\n\n\n<p><strong>3\u00b0 ESPINDOLA, IVANA PATRICIA&nbsp;&nbsp;&nbsp;&nbsp;&nbsp;&nbsp;&nbsp;&nbsp;&nbsp;&nbsp;&nbsp;&nbsp;&nbsp;&nbsp;LOS -CHARRUAS&nbsp;&nbsp;&nbsp;&nbsp;&nbsp;&nbsp;&nbsp;&nbsp;&nbsp;&nbsp;&nbsp;&nbsp;&nbsp;&nbsp;&#8211; 0:30:02<\/strong><\/p>\n\n\n\n<p><strong>4\u00b0 ESPINDOLA, SOLEDAD&nbsp;&nbsp;&nbsp;&nbsp;&nbsp;&nbsp;&nbsp;&nbsp;&nbsp;&nbsp;&nbsp;&nbsp;&nbsp;-LOS CHARRUAS&nbsp;&nbsp;&nbsp;&nbsp;&nbsp;&nbsp;&nbsp;&nbsp;&nbsp;&nbsp;&nbsp;&nbsp;&nbsp;&nbsp;-0:30:05<\/strong><\/p>\n\n\n\n<p><strong>5\u00b0RAMINGER, SIOMARA&nbsp;&nbsp;&nbsp;&nbsp;&nbsp;&nbsp;&nbsp;&nbsp;&nbsp;&nbsp;&nbsp;&nbsp;&nbsp;-LOS CHARRUAS-&nbsp;&nbsp;&nbsp;&nbsp;0:30:14<\/strong><\/p>\n\n\n\n<p><strong>Caballeros<\/strong><\/p>\n\n\n\n<p><strong>1\u00b0 Mi\u00f1o, ALEX&nbsp;&nbsp;&nbsp;FEDERACION&nbsp; &#8211;&nbsp;&nbsp;0:21:29<\/strong><\/p>\n\n\n\n<p><strong>2\u00b0 IPHARRAGUERRE, EDGARDO BELTRAN-LA CRIOLLA-&nbsp;0:22:38<\/strong><\/p>\n\n\n\n<p><strong>3\u00b0 FERNANDEZ, JOSE SEBASTIAN&nbsp; &nbsp; &nbsp;-CONCORDIA-&nbsp;&nbsp;&nbsp;0:22:41<\/strong><\/p>\n\n\n\n<p><strong>4\u00b0 ESPINDOLA, JORGE&nbsp;&nbsp;&nbsp;&nbsp;&nbsp;&nbsp;&nbsp;-CHAJARI&nbsp;&nbsp;&nbsp;&nbsp;&nbsp;&nbsp;&nbsp;&nbsp;-0:22:42<\/strong><\/p>\n\n\n\n<p><strong>5\u00b0 FERNANDEZ, FRANCO SEBASTIAN-SAN SALVADOR&nbsp;&nbsp; -0:22:59<\/strong><\/p>\n","protected":false},"excerpt":{"rendered":"<p>Este s\u00e1bado 14 de Junio en la primeras horas\u00a0 de la tarde se disputo en&#8230;<\/p>\n","protected":false},"author":2,"featured_media":3699,"comment_status":"open","ping_status":"open","sticky":false,"template":"","format":"standard","meta":{"footnotes":""},"categories":[5],"tags":[],"class_list":["post-3698","post","type-post","status-publish","format-standard","has-post-thumbnail","hentry","category-atletismo"],"featured_image_urls":{"full":["https:\/\/deportodos.com.ar\/2023\/wp-content\/uploads\/2025\/06\/DSC_2048-Copy.jpg",400,267,false],"thumbnail":["https:\/\/deportodos.com.ar\/2023\/wp-content\/uploads\/2025\/06\/DSC_2048-Copy-150x150.jpg",150,150,true],"medium":["https:\/\/deportodos.com.ar\/2023\/wp-content\/uploads\/2025\/06\/DSC_2048-Copy-300x200.jpg",300,200,true],"medium_large":["https:\/\/deportodos.com.ar\/2023\/wp-content\/uploads\/2025\/06\/DSC_2048-Copy.jpg",400,267,false],"large":["https:\/\/deportodos.com.ar\/2023\/wp-content\/uploads\/2025\/06\/DSC_2048-Copy.jpg",400,267,false],"1536x1536":["https:\/\/deportodos.com.ar\/2023\/wp-content\/uploads\/2025\/06\/DSC_2048-Copy.jpg",400,267,false],"2048x2048":["https:\/\/deportodos.com.ar\/2023\/wp-content\/uploads\/2025\/06\/DSC_2048-Copy.jpg",400,267,false],"covernews-featured":["https:\/\/deportodos.com.ar\/2023\/wp-content\/uploads\/2025\/06\/DSC_2048-Copy.jpg",400,267,false],"covernews-medium":["https:\/\/deportodos.com.ar\/2023\/wp-content\/uploads\/2025\/06\/DSC_2048-Copy.jpg",400,267,false]},"author_info":{"display_name":"c2530142","author_link":"https:\/\/deportodos.com.ar\/2023\/author\/c2530142\/"},"category_info":"<a href=\"https:\/\/deportodos.com.ar\/2023\/category\/atletismo\/\" rel=\"category tag\">Atletismo<\/a>","tag_info":"Atletismo","comment_count":"0","_links":{"self":[{"href":"https:\/\/deportodos.com.ar\/2023\/wp-json\/wp\/v2\/posts\/3698","targetHints":{"allow":["GET"]}}],"collection":[{"href":"https:\/\/deportodos.com.ar\/2023\/wp-json\/wp\/v2\/posts"}],"about":[{"href":"https:\/\/deportodos.com.ar\/2023\/wp-json\/wp\/v2\/types\/post"}],"author":[{"embeddable":true,"href":"https:\/\/deportodos.com.ar\/2023\/wp-json\/wp\/v2\/users\/2"}],"replies":[{"embeddable":true,"href":"https:\/\/deportodos.com.ar\/2023\/wp-json\/wp\/v2\/comments?post=3698"}],"version-history":[{"count":1,"href":"https:\/\/deportodos.com.ar\/2023\/wp-json\/wp\/v2\/posts\/3698\/revisions"}],"predecessor-version":[{"id":3700,"href":"https:\/\/deportodos.com.ar\/2023\/wp-json\/wp\/v2\/posts\/3698\/revisions\/3700"}],"wp:featuredmedia":[{"embeddable":true,"href":"https:\/\/deportodos.com.ar\/2023\/wp-json\/wp\/v2\/media\/3699"}],"wp:attachment":[{"href":"https:\/\/deportodos.com.ar\/2023\/wp-json\/wp\/v2\/media?parent=3698"}],"wp:term":[{"taxonomy":"category","embeddable":true,"href":"https:\/\/deportodos.com.ar\/2023\/wp-json\/wp\/v2\/categories?post=3698"},{"taxonomy":"post_tag","embeddable":true,"href":"https:\/\/deportodos.com.ar\/2023\/wp-json\/wp\/v2\/tags?post=3698"}],"curies":[{"name":"wp","href":"https:\/\/api.w.org\/{rel}","templated":true}]}}