{"id":3701,"date":"2025-06-17T01:40:23","date_gmt":"2025-06-17T01:40:23","guid":{"rendered":"https:\/\/deportodos.com.ar\/2023\/?p=3701"},"modified":"2025-06-17T13:35:47","modified_gmt":"2025-06-17T13:35:47","slug":"liga-federal-de-basquetbol-ganaron-los-visitantes","status":"publish","type":"post","link":"https:\/\/deportodos.com.ar\/2023\/liga-federal-de-basquetbol-ganaron-los-visitantes\/","title":{"rendered":"LIGA FEDERAL DE BASQUETBOL, GANARON LOS VISITANTES"},"content":{"rendered":"\n<p>Central Entrerriano le sac\u00f3 el largo invicto de 18 partidos que ten\u00eda River (adem\u00e1s de propinarle la primera derrota de local), al vencerlo por 83-67, en un partido disputado anoche en el microestadio millonario del barrio porte\u00f1o de Belgrano.Ads<\/p>\n\n\n\n<figure class=\"wp-block-image\"><img decoding=\"async\" src=\"https:\/\/cdnartic.ar\/033KItPPdwnn_-YR7Fx3tDv5vWE=\/1500x0\/https:\/\/eldiacdn.eleco.com.ar\/media\/2025\/06\/central_2.jpeg\" alt=\"Central\"\/><\/figure>\n\n\n\n<p><br>Con esta victoria, el Rojinegro se adelant\u00f3 en la serie al mejor de tres partidos y tendr\u00e1 doble chanche de sellar la clasificaci\u00f3n de local en el \u201cJos\u00e9 Mar\u00eda B\u00e9rtora\u201d: el pr\u00f3ximo lunes y, en segunda instancia, 24 horas despu\u00e9s, tambi\u00e9n en Gualeguaych\u00fa.<\/p>\n\n\n\n<p>Central edific\u00f3 una victoria categ\u00f3rica desde el comienzo. Con su caracter\u00edstica intensidad y compromiso defensivo redujo a la m\u00ednima expresi\u00f3n de las virtudes del conjunto millonario, que nunca se sinti\u00f3 c\u00f3modo en ataque.<\/p>\n\n\n\n<p>Mientras que, en ataque, el Rojinegro mostr\u00f3 una versi\u00f3n superlativa, con un Leandro Quarroz encendido en el arranque, para transformarse en la principal arma ofensiva. Luego emergieron las figuras de Aquiles Montani Wortzel y Cristian P\u00e9rez en ofensiva.<\/p>\n\n\n\n<figure class=\"wp-block-image\"><img decoding=\"async\" src=\"https:\/\/cdnartic.ar\/q36LoRdot0m2zL-wjFPy66ChcO4=\/1500x0\/https:\/\/eldiacdn.eleco.com.ar\/media\/2025\/06\/central_river_2.jpeg\" alt=\"central river - 3\"\/><\/figure>\n\n\n\n<p>Central cerr\u00f3 el primer cuarto 27-15 arriba en el marcador, sac\u00f3 m\u00e1xima de 20 en el segundo capitulo y se fue al descanso largo 48-30. En el tercer per\u00edodo, River mejor\u00f3 en ataque, pero el equipo de Mart\u00edn Pascal mantuvo la ventaja de dos d\u00edgitos: 66-52.&nbsp;<\/p>\n\n\n\n<p>Y en el \u00faltimo segmento, Central volvi\u00f3 a ser amplio dominador en los dos canastos y sentenci\u00f3 la victoria 83-67.<\/p>\n\n\n\n<p>Leandro Quarroz, con 20 puntos, Aquiles Montani, con 19, y Cristian P\u00e9rez, con 18, fueron los m\u00e1ximos anotadores, no s\u00f3lo del equipo rojinegro, sino del partido.<\/p>\n\n\n\n<figure class=\"wp-block-image size-full\"><a href=\"https:\/\/deportodos.com.ar\/2023\/wp-content\/uploads\/2025\/06\/1000544846.jpg\"><img fetchpriority=\"high\" decoding=\"async\" width=\"540\" height=\"299\" src=\"https:\/\/deportodos.com.ar\/2023\/wp-content\/uploads\/2025\/06\/1000544846.jpg\" alt=\"\" class=\"wp-image-3703\" srcset=\"https:\/\/deportodos.com.ar\/2023\/wp-content\/uploads\/2025\/06\/1000544846.jpg 540w, https:\/\/deportodos.com.ar\/2023\/wp-content\/uploads\/2025\/06\/1000544846-300x166.jpg 300w\" sizes=\"(max-width: 540px) 100vw, 540px\" \/><\/a><\/figure>\n\n\n\n<figure class=\"wp-block-image size-full\"><a href=\"https:\/\/deportodos.com.ar\/2023\/wp-content\/uploads\/2025\/06\/1000544847.jpg\"><img decoding=\"async\" width=\"540\" height=\"122\" src=\"https:\/\/deportodos.com.ar\/2023\/wp-content\/uploads\/2025\/06\/1000544847.jpg\" alt=\"\" class=\"wp-image-3704\" srcset=\"https:\/\/deportodos.com.ar\/2023\/wp-content\/uploads\/2025\/06\/1000544847.jpg 540w, https:\/\/deportodos.com.ar\/2023\/wp-content\/uploads\/2025\/06\/1000544847-300x68.jpg 300w\" sizes=\"(max-width: 540px) 100vw, 540px\" \/><\/a><\/figure>\n","protected":false},"excerpt":{"rendered":"<p>Central Entrerriano le sac\u00f3 el largo invicto de 18 partidos que ten\u00eda River (adem\u00e1s de&#8230;<\/p>\n","protected":false},"author":2,"featured_media":3702,"comment_status":"open","ping_status":"open","sticky":false,"template":"","format":"standard","meta":{"footnotes":""},"categories":[9],"tags":[],"class_list":["post-3701","post","type-post","status-publish","format-standard","has-post-thumbnail","hentry","category-basquet"],"featured_image_urls":{"full":["https:\/\/deportodos.com.ar\/2023\/wp-content\/uploads\/2025\/06\/FB_IMG_1750124355894.jpg",1024,682,false],"thumbnail":["https:\/\/deportodos.com.ar\/2023\/wp-content\/uploads\/2025\/06\/FB_IMG_1750124355894-150x150.jpg",150,150,true],"medium":["https:\/\/deportodos.com.ar\/2023\/wp-content\/uploads\/2025\/06\/FB_IMG_1750124355894-300x200.jpg",300,200,true],"medium_large":["https:\/\/deportodos.com.ar\/2023\/wp-content\/uploads\/2025\/06\/FB_IMG_1750124355894-768x512.jpg",640,427,true],"large":["https:\/\/deportodos.com.ar\/2023\/wp-content\/uploads\/2025\/06\/FB_IMG_1750124355894.jpg",640,426,false],"1536x1536":["https:\/\/deportodos.com.ar\/2023\/wp-content\/uploads\/2025\/06\/FB_IMG_1750124355894.jpg",1024,682,false],"2048x2048":["https:\/\/deportodos.com.ar\/2023\/wp-content\/uploads\/2025\/06\/FB_IMG_1750124355894.jpg",1024,682,false],"covernews-featured":["https:\/\/deportodos.com.ar\/2023\/wp-content\/uploads\/2025\/06\/FB_IMG_1750124355894.jpg",1024,682,false],"covernews-medium":["https:\/\/deportodos.com.ar\/2023\/wp-content\/uploads\/2025\/06\/FB_IMG_1750124355894-540x340.jpg",540,340,true]},"author_info":{"display_name":"c2530142","author_link":"https:\/\/deportodos.com.ar\/2023\/author\/c2530142\/"},"category_info":"<a href=\"https:\/\/deportodos.com.ar\/2023\/category\/basquet\/\" rel=\"category tag\">Basquet<\/a>","tag_info":"Basquet","comment_count":"0","_links":{"self":[{"href":"https:\/\/deportodos.com.ar\/2023\/wp-json\/wp\/v2\/posts\/3701","targetHints":{"allow":["GET"]}}],"collection":[{"href":"https:\/\/deportodos.com.ar\/2023\/wp-json\/wp\/v2\/posts"}],"about":[{"href":"https:\/\/deportodos.com.ar\/2023\/wp-json\/wp\/v2\/types\/post"}],"author":[{"embeddable":true,"href":"https:\/\/deportodos.com.ar\/2023\/wp-json\/wp\/v2\/users\/2"}],"replies":[{"embeddable":true,"href":"https:\/\/deportodos.com.ar\/2023\/wp-json\/wp\/v2\/comments?post=3701"}],"version-history":[{"count":2,"href":"https:\/\/deportodos.com.ar\/2023\/wp-json\/wp\/v2\/posts\/3701\/revisions"}],"predecessor-version":[{"id":3708,"href":"https:\/\/deportodos.com.ar\/2023\/wp-json\/wp\/v2\/posts\/3701\/revisions\/3708"}],"wp:featuredmedia":[{"embeddable":true,"href":"https:\/\/deportodos.com.ar\/2023\/wp-json\/wp\/v2\/media\/3702"}],"wp:attachment":[{"href":"https:\/\/deportodos.com.ar\/2023\/wp-json\/wp\/v2\/media?parent=3701"}],"wp:term":[{"taxonomy":"category","embeddable":true,"href":"https:\/\/deportodos.com.ar\/2023\/wp-json\/wp\/v2\/categories?post=3701"},{"taxonomy":"post_tag","embeddable":true,"href":"https:\/\/deportodos.com.ar\/2023\/wp-json\/wp\/v2\/tags?post=3701"}],"curies":[{"name":"wp","href":"https:\/\/api.w.org\/{rel}","templated":true}]}}