{"id":3728,"date":"2025-06-22T13:28:42","date_gmt":"2025-06-22T13:28:42","guid":{"rendered":"https:\/\/deportodos.com.ar\/2023\/?p=3728"},"modified":"2025-06-22T13:28:43","modified_gmt":"2025-06-22T13:28:43","slug":"gran-convocatoria-y-destacados-resultados-en-el-campeonato-provincial-de-croos-country-en-villa-elisa","status":"publish","type":"post","link":"https:\/\/deportodos.com.ar\/2023\/gran-convocatoria-y-destacados-resultados-en-el-campeonato-provincial-de-croos-country-en-villa-elisa\/","title":{"rendered":"GRAN CONVOCATORIA Y DESTACADOS RESULTADOS EN EL CAMPEONATO PROVINCIAL DE CROOS COUNTRY EN VILLA ELISA"},"content":{"rendered":"\n<p>Este s\u00e1bado se disput\u00f3 una nueva edici\u00f3n del Campeonato Provincial de Cross Country,<br>evento que congreg\u00f3 a atletas de diversos puntos de Entre R\u00edos, como Paran\u00e1, Federal,<br>Villa Elisa, Victoria, Chajar\u00ed y Concordia, entre otros. El Polideportivo Municipal de Villa Elisa<br>fue el escenario elegido para esta tradicional cita del atletismo provincial, que se desarroll\u00f3<br>con un clima agradable a pesar del persistente viento, y una excelente concurrencia de<br>p\u00fablico.<br>La jornada inici\u00f3 puntualmente a las 11:00 horas con la categor\u00eda U16, que compiti\u00f3<br>en una distancia de 3.000 metros. Entre los varones, el concordiense Brian Pucheta<br>se llev\u00f3 la victoria con una destacada actuaci\u00f3n. Completaron el podio Nicol\u00e1s<br>Godoy y Felipe Bond. En la misma distancia pero en la rama femenina, se destac\u00f3<br>la chajariense Carolina Gonz\u00e1lez, quien domin\u00f3 la competencia, seguida por<br>Josefina V\u00e1zquez.<br>En la categor\u00eda U18, que recorri\u00f3 4.000 metros, Juan Stiechr, actual campe\u00f3n<br>argentino de cross country, se impuso entre los varones. Por el lado femenino, se<br>vivi\u00f3 una emocionante definici\u00f3n, donde Serena Giusto, de Victoria, logr\u00f3<br>despegarse en los metros finales para consagrarse campeona, seguida de cerca por<br>Lucrecia Godoy, de Paran\u00e1.<br>La categor\u00eda U20 tuvo como ganador a Joaqu\u00edn Huizzi Moya, quien logr\u00f3 una amplia<br>ventaja sobre Thiago Sommer, que lleg\u00f3 en segundo lugar.<br>En la exigente categor\u00eda Sub-23, el triunfo fue para Brandon Lindt, oriundo de<br>Federal, quien se impuso con autoridad. El podio lo completaron Gadiel Vallejos<br>(Concordia) y Joaqu\u00edn Chanseaud (Villa Elisa).<br>En la divisi\u00f3n de Mayores varones federados, el primer lugar fue para Juan Segovia<br>de Concordia, mientras que el local Facundo Orcellet se qued\u00f3 con el segundo<br>puesto. En la rama femenina, la victoria fue para Ximena Simeone de Puerto Yeru\u00e1,<br>con un tiempo de 45 minutos y 30 segundos. La acompa\u00f1aron en el podio las<br>concordienses Greta Rodr\u00edguez (45:43) y Mar\u00eda Luz Ram\u00edrez (46:26).<br>Tambi\u00e9n se disputaron pruebas libres. En los 10 km, el triunfo fue para Silvio<br>Altamirano (Concordia), mientras que en la prueba libre de 6 km, el vencedor fue el<br>paranaense Mario Godoy, seguido por Wilson Here\u00f1\u00fa y Roberto Cameroni. En la<br>categor\u00eda femenina, Sandra Mart\u00ednez (Paran\u00e1) cruz\u00f3 primera la meta, escoltada por<br>la representante local Carina Walser.<\/p>\n\n\n\n<p>El evento dej\u00f3 no solo una nutrida participaci\u00f3n de atletas de toda la provincia, sino<br>tambi\u00e9n emocionantes competencias y un marco de p\u00fablico que acompa\u00f1\u00f3 con<br>entusiasmo durante toda la jornada.<\/p>\n","protected":false},"excerpt":{"rendered":"<p>Este s\u00e1bado se disput\u00f3 una nueva edici\u00f3n del Campeonato Provincial de Cross Country,evento que congreg\u00f3&#8230;<\/p>\n","protected":false},"author":2,"featured_media":3730,"comment_status":"open","ping_status":"open","sticky":false,"template":"","format":"standard","meta":{"footnotes":""},"categories":[5],"tags":[],"class_list":["post-3728","post","type-post","status-publish","format-standard","has-post-thumbnail","hentry","category-atletismo"],"featured_image_urls":{"full":["https:\/\/deportodos.com.ar\/2023\/wp-content\/uploads\/2025\/06\/IMG-20250622-WA0018.jpg",1080,586,false],"thumbnail":["https:\/\/deportodos.com.ar\/2023\/wp-content\/uploads\/2025\/06\/IMG-20250622-WA0018-150x150.jpg",150,150,true],"medium":["https:\/\/deportodos.com.ar\/2023\/wp-content\/uploads\/2025\/06\/IMG-20250622-WA0018-300x163.jpg",300,163,true],"medium_large":["https:\/\/deportodos.com.ar\/2023\/wp-content\/uploads\/2025\/06\/IMG-20250622-WA0018-768x417.jpg",640,348,true],"large":["https:\/\/deportodos.com.ar\/2023\/wp-content\/uploads\/2025\/06\/IMG-20250622-WA0018-1024x556.jpg",640,348,true],"1536x1536":["https:\/\/deportodos.com.ar\/2023\/wp-content\/uploads\/2025\/06\/IMG-20250622-WA0018.jpg",1080,586,false],"2048x2048":["https:\/\/deportodos.com.ar\/2023\/wp-content\/uploads\/2025\/06\/IMG-20250622-WA0018.jpg",1080,586,false],"covernews-featured":["https:\/\/deportodos.com.ar\/2023\/wp-content\/uploads\/2025\/06\/IMG-20250622-WA0018-1024x556.jpg",1024,556,true],"covernews-medium":["https:\/\/deportodos.com.ar\/2023\/wp-content\/uploads\/2025\/06\/IMG-20250622-WA0018-540x340.jpg",540,340,true]},"author_info":{"display_name":"c2530142","author_link":"https:\/\/deportodos.com.ar\/2023\/author\/c2530142\/"},"category_info":"<a href=\"https:\/\/deportodos.com.ar\/2023\/category\/atletismo\/\" rel=\"category tag\">Atletismo<\/a>","tag_info":"Atletismo","comment_count":"0","_links":{"self":[{"href":"https:\/\/deportodos.com.ar\/2023\/wp-json\/wp\/v2\/posts\/3728","targetHints":{"allow":["GET"]}}],"collection":[{"href":"https:\/\/deportodos.com.ar\/2023\/wp-json\/wp\/v2\/posts"}],"about":[{"href":"https:\/\/deportodos.com.ar\/2023\/wp-json\/wp\/v2\/types\/post"}],"author":[{"embeddable":true,"href":"https:\/\/deportodos.com.ar\/2023\/wp-json\/wp\/v2\/users\/2"}],"replies":[{"embeddable":true,"href":"https:\/\/deportodos.com.ar\/2023\/wp-json\/wp\/v2\/comments?post=3728"}],"version-history":[{"count":1,"href":"https:\/\/deportodos.com.ar\/2023\/wp-json\/wp\/v2\/posts\/3728\/revisions"}],"predecessor-version":[{"id":3731,"href":"https:\/\/deportodos.com.ar\/2023\/wp-json\/wp\/v2\/posts\/3728\/revisions\/3731"}],"wp:featuredmedia":[{"embeddable":true,"href":"https:\/\/deportodos.com.ar\/2023\/wp-json\/wp\/v2\/media\/3730"}],"wp:attachment":[{"href":"https:\/\/deportodos.com.ar\/2023\/wp-json\/wp\/v2\/media?parent=3728"}],"wp:term":[{"taxonomy":"category","embeddable":true,"href":"https:\/\/deportodos.com.ar\/2023\/wp-json\/wp\/v2\/categories?post=3728"},{"taxonomy":"post_tag","embeddable":true,"href":"https:\/\/deportodos.com.ar\/2023\/wp-json\/wp\/v2\/tags?post=3728"}],"curies":[{"name":"wp","href":"https:\/\/api.w.org\/{rel}","templated":true}]}}