{"id":3732,"date":"2025-06-22T13:55:43","date_gmt":"2025-06-22T13:55:43","guid":{"rendered":"https:\/\/deportodos.com.ar\/2023\/?p=3732"},"modified":"2025-06-22T13:55:43","modified_gmt":"2025-06-22T13:55:43","slug":"se-corrio-la-15a-edicion-del-maraton-ucu-2025","status":"publish","type":"post","link":"https:\/\/deportodos.com.ar\/2023\/se-corrio-la-15a-edicion-del-maraton-ucu-2025\/","title":{"rendered":"SE CORRI\u00d3 LA 15\u00aa EDICI\u00d3N DEL MARATON UCU 2025"},"content":{"rendered":"\n<p>M\u00e1s de 200 corredores participaron este s\u00e1bado de la tradicional Marat\u00f3n de la Universidad de Concepci\u00f3n del Uruguay en las pruebas de 8k y 4k, bajo el lema \u00abUn reloj que hace historia\u00bb en el marco de las actividades de la celebraci\u00f3n de la semana del Olimpismo.<\/p>\n\n\n\n<p>El primer puesto en la categor\u00eda masculina fue para Jorge Gustavo Badini, de Larroque, con un tiempo de 00:29:03.24. En la categor\u00eda femenina, se impuso Magdalena Slootmans, de Concepci\u00f3n del Uruguay, con un tiempo de 00:34:05.184.<\/p>\n\n\n\n<p>Tambi\u00e9n se destacaron Facundo Pisano, Damian Romero y Pamela Garcia Frossard, todos de Concepci\u00f3n del Uruguay, reafirmando el alto nivel del deporte local.<\/p>\n\n\n\n<p>Con gran participaci\u00f3n y compromiso, la Marat\u00f3n UCU se consolida como un evento clave en el calendario deportivo de la regi\u00f3n.<\/p>\n\n\n\n<p>Los resultados principales en la prueba de 8K fueron los siguientes:<\/p>\n\n\n\n<p>8K GENERAL CABALLEROS:<\/p>\n\n\n\n<ol class=\"wp-block-list\">\n<li>Jorge Baldini (Larroque)<\/li>\n\n\n\n<li>Facundo Pisano (CdelU)<\/li>\n\n\n\n<li>Marco Moreno (Caseros)<\/li>\n\n\n\n<li>Enzo Puerari (Paysand\u00fa)<\/li>\n\n\n\n<li>Dami\u00e1n Moreno (CdelU)<\/li>\n<\/ol>\n\n\n\n<p>8K GENERAL DAMAS:<\/p>\n\n\n\n<ol class=\"wp-block-list\">\n<li>Magdalena Slootmans (CdelU)<\/li>\n\n\n\n<li>Pamela Garc\u00eda Frossard (CdelU)<\/li>\n\n\n\n<li>Ver\u00f3nica Blanco (Paysand\u00fa)<\/li>\n\n\n\n<li>Maria Marta Etcheverry (Urdinarrain)<\/li>\n\n\n\n<li>Sof\u00eda Laballejas (CdelU)<\/li>\n<\/ol>\n\n\n\n<p>El evento fue organizado por la facultad de Ciencias de la Educaci\u00f3n y Comunicaci\u00f3n de UCU con el apoyo de la Direcci\u00f3n de Deportes Municipal.<\/p>\n\n\n\n<p>Municipalidad de Concepci\u00f3n del Uruguay<\/p>\n","protected":false},"excerpt":{"rendered":"<p>M\u00e1s de 200 corredores participaron este s\u00e1bado de la tradicional Marat\u00f3n de la Universidad de&#8230;<\/p>\n","protected":false},"author":2,"featured_media":3733,"comment_status":"open","ping_status":"open","sticky":false,"template":"","format":"standard","meta":{"footnotes":""},"categories":[5],"tags":[],"class_list":["post-3732","post","type-post","status-publish","format-standard","has-post-thumbnail","hentry","category-atletismo"],"featured_image_urls":{"full":["https:\/\/deportodos.com.ar\/2023\/wp-content\/uploads\/2025\/06\/FB_IMG_1750600494398.jpg",2048,1149,false],"thumbnail":["https:\/\/deportodos.com.ar\/2023\/wp-content\/uploads\/2025\/06\/FB_IMG_1750600494398-150x150.jpg",150,150,true],"medium":["https:\/\/deportodos.com.ar\/2023\/wp-content\/uploads\/2025\/06\/FB_IMG_1750600494398-300x168.jpg",300,168,true],"medium_large":["https:\/\/deportodos.com.ar\/2023\/wp-content\/uploads\/2025\/06\/FB_IMG_1750600494398-768x431.jpg",640,359,true],"large":["https:\/\/deportodos.com.ar\/2023\/wp-content\/uploads\/2025\/06\/FB_IMG_1750600494398-1024x575.jpg",640,359,true],"1536x1536":["https:\/\/deportodos.com.ar\/2023\/wp-content\/uploads\/2025\/06\/FB_IMG_1750600494398-1536x862.jpg",1536,862,true],"2048x2048":["https:\/\/deportodos.com.ar\/2023\/wp-content\/uploads\/2025\/06\/FB_IMG_1750600494398.jpg",2048,1149,false],"covernews-featured":["https:\/\/deportodos.com.ar\/2023\/wp-content\/uploads\/2025\/06\/FB_IMG_1750600494398-1024x575.jpg",1024,575,true],"covernews-medium":["https:\/\/deportodos.com.ar\/2023\/wp-content\/uploads\/2025\/06\/FB_IMG_1750600494398-540x340.jpg",540,340,true]},"author_info":{"display_name":"c2530142","author_link":"https:\/\/deportodos.com.ar\/2023\/author\/c2530142\/"},"category_info":"<a href=\"https:\/\/deportodos.com.ar\/2023\/category\/atletismo\/\" rel=\"category tag\">Atletismo<\/a>","tag_info":"Atletismo","comment_count":"0","_links":{"self":[{"href":"https:\/\/deportodos.com.ar\/2023\/wp-json\/wp\/v2\/posts\/3732","targetHints":{"allow":["GET"]}}],"collection":[{"href":"https:\/\/deportodos.com.ar\/2023\/wp-json\/wp\/v2\/posts"}],"about":[{"href":"https:\/\/deportodos.com.ar\/2023\/wp-json\/wp\/v2\/types\/post"}],"author":[{"embeddable":true,"href":"https:\/\/deportodos.com.ar\/2023\/wp-json\/wp\/v2\/users\/2"}],"replies":[{"embeddable":true,"href":"https:\/\/deportodos.com.ar\/2023\/wp-json\/wp\/v2\/comments?post=3732"}],"version-history":[{"count":1,"href":"https:\/\/deportodos.com.ar\/2023\/wp-json\/wp\/v2\/posts\/3732\/revisions"}],"predecessor-version":[{"id":3734,"href":"https:\/\/deportodos.com.ar\/2023\/wp-json\/wp\/v2\/posts\/3732\/revisions\/3734"}],"wp:featuredmedia":[{"embeddable":true,"href":"https:\/\/deportodos.com.ar\/2023\/wp-json\/wp\/v2\/media\/3733"}],"wp:attachment":[{"href":"https:\/\/deportodos.com.ar\/2023\/wp-json\/wp\/v2\/media?parent=3732"}],"wp:term":[{"taxonomy":"category","embeddable":true,"href":"https:\/\/deportodos.com.ar\/2023\/wp-json\/wp\/v2\/categories?post=3732"},{"taxonomy":"post_tag","embeddable":true,"href":"https:\/\/deportodos.com.ar\/2023\/wp-json\/wp\/v2\/tags?post=3732"}],"curies":[{"name":"wp","href":"https:\/\/api.w.org\/{rel}","templated":true}]}}