{"id":3735,"date":"2025-06-23T13:56:34","date_gmt":"2025-06-23T13:56:34","guid":{"rendered":"https:\/\/deportodos.com.ar\/2023\/?p=3735"},"modified":"2025-06-23T13:56:36","modified_gmt":"2025-06-23T13:56:36","slug":"torneo-de-ajedrez-en-la-u-t-n-se-disputo-la-3a-fecha-del-circuito-del-rio-uruguay","status":"publish","type":"post","link":"https:\/\/deportodos.com.ar\/2023\/torneo-de-ajedrez-en-la-u-t-n-se-disputo-la-3a-fecha-del-circuito-del-rio-uruguay\/","title":{"rendered":"TORNEO DE AJEDREZ EN LA U.T.N.SE DISPUT\u00d3 LA 3\u00aa FECHA DEL CIRCUITO DEL RIO URUGUAY."},"content":{"rendered":"\n<p>Con gran n\u00famero de participantes se realiz\u00f3 \u00e9ste s\u00e1bado 21 de junio la 3\u00ba fecha del Circuito Regional de Ajedrez en la sede de la Universidad Tecnol\u00f3gica para las categor\u00edas inicial, b\u00e1sica, intermedia y avanzada.<\/p>\n\n\n\n<p>Los resultados mas importantes del torneo que reuni\u00f3 a jugadores de diferentes localidades de la costa del uruguay fueron los siguientes:<\/p>\n\n\n\n<p>INICIAL:<\/p>\n\n\n\n<ol class=\"wp-block-list\">\n<li>Santiago Rodriguez (CdelU)<\/li>\n\n\n\n<li>Mateo Rodriguez (CdelU)<\/li>\n\n\n\n<li>Juan Bautista Perez (Villa del Rosario)<\/li>\n<\/ol>\n\n\n\n<p>BASICA:<\/p>\n\n\n\n<ol class=\"wp-block-list\">\n<li>Samuel Mondolo (Chajar\u00ed &#8211; VR)<\/li>\n\n\n\n<li>Jerem\u00edas Percara (Chajar\u00ed &#8211; VR)<\/li>\n\n\n\n<li>Luciano Abraham (CdelU)<\/li>\n<\/ol>\n\n\n\n<p>INTERMEDIA:<\/p>\n\n\n\n<ol class=\"wp-block-list\">\n<li>Agustin Korell (Urdinarrain)<\/li>\n\n\n\n<li>Mar\u00edn Baccon (CdelU)<\/li>\n\n\n\n<li>Facundo Romero (CdelU)<\/li>\n<\/ol>\n\n\n\n<p>AVANZADA:<\/p>\n\n\n\n<ol class=\"wp-block-list\">\n<li>Franco Benay (Arroyo Bar\u00fa)<\/li>\n\n\n\n<li>Federico Debatista (CdelU)<\/li>\n\n\n\n<li>Felipe Huerta R\u00edos (CdelU)<\/li>\n<\/ol>\n\n\n\n<p>Luego del torneo se llevo a cabo la premiaci\u00f3n individual y por equipos a cada una de las categor\u00edas..<\/p>\n\n\n\n<p>El evento fue organizado por la UTN Facultad Regional de Concepci\u00f3n del Uruguay con el apoyo de la Direcci\u00f3n de Deportes a trav\u00e9s del Programa Municipal de Ajedrez.<\/p>\n\n\n\n<p>Municipalidad de Concepci\u00f3n del Uruguay<\/p>\n","protected":false},"excerpt":{"rendered":"<p>Con gran n\u00famero de participantes se realiz\u00f3 \u00e9ste s\u00e1bado 21 de junio la 3\u00ba fecha&#8230;<\/p>\n","protected":false},"author":2,"featured_media":3736,"comment_status":"open","ping_status":"open","sticky":false,"template":"","format":"standard","meta":{"footnotes":""},"categories":[57],"tags":[],"class_list":["post-3735","post","type-post","status-publish","format-standard","has-post-thumbnail","hentry","category-ajedrez"],"featured_image_urls":{"full":["https:\/\/deportodos.com.ar\/2023\/wp-content\/uploads\/2025\/06\/FB_IMG_1750686971372.jpg",1600,900,false],"thumbnail":["https:\/\/deportodos.com.ar\/2023\/wp-content\/uploads\/2025\/06\/FB_IMG_1750686971372-150x150.jpg",150,150,true],"medium":["https:\/\/deportodos.com.ar\/2023\/wp-content\/uploads\/2025\/06\/FB_IMG_1750686971372-300x169.jpg",300,169,true],"medium_large":["https:\/\/deportodos.com.ar\/2023\/wp-content\/uploads\/2025\/06\/FB_IMG_1750686971372-768x432.jpg",640,360,true],"large":["https:\/\/deportodos.com.ar\/2023\/wp-content\/uploads\/2025\/06\/FB_IMG_1750686971372-1024x576.jpg",640,360,true],"1536x1536":["https:\/\/deportodos.com.ar\/2023\/wp-content\/uploads\/2025\/06\/FB_IMG_1750686971372-1536x864.jpg",1536,864,true],"2048x2048":["https:\/\/deportodos.com.ar\/2023\/wp-content\/uploads\/2025\/06\/FB_IMG_1750686971372.jpg",1600,900,false],"covernews-featured":["https:\/\/deportodos.com.ar\/2023\/wp-content\/uploads\/2025\/06\/FB_IMG_1750686971372-1024x576.jpg",1024,576,true],"covernews-medium":["https:\/\/deportodos.com.ar\/2023\/wp-content\/uploads\/2025\/06\/FB_IMG_1750686971372-540x340.jpg",540,340,true]},"author_info":{"display_name":"c2530142","author_link":"https:\/\/deportodos.com.ar\/2023\/author\/c2530142\/"},"category_info":"<a href=\"https:\/\/deportodos.com.ar\/2023\/category\/ajedrez\/\" rel=\"category tag\">Ajedrez<\/a>","tag_info":"Ajedrez","comment_count":"0","_links":{"self":[{"href":"https:\/\/deportodos.com.ar\/2023\/wp-json\/wp\/v2\/posts\/3735","targetHints":{"allow":["GET"]}}],"collection":[{"href":"https:\/\/deportodos.com.ar\/2023\/wp-json\/wp\/v2\/posts"}],"about":[{"href":"https:\/\/deportodos.com.ar\/2023\/wp-json\/wp\/v2\/types\/post"}],"author":[{"embeddable":true,"href":"https:\/\/deportodos.com.ar\/2023\/wp-json\/wp\/v2\/users\/2"}],"replies":[{"embeddable":true,"href":"https:\/\/deportodos.com.ar\/2023\/wp-json\/wp\/v2\/comments?post=3735"}],"version-history":[{"count":1,"href":"https:\/\/deportodos.com.ar\/2023\/wp-json\/wp\/v2\/posts\/3735\/revisions"}],"predecessor-version":[{"id":3737,"href":"https:\/\/deportodos.com.ar\/2023\/wp-json\/wp\/v2\/posts\/3735\/revisions\/3737"}],"wp:featuredmedia":[{"embeddable":true,"href":"https:\/\/deportodos.com.ar\/2023\/wp-json\/wp\/v2\/media\/3736"}],"wp:attachment":[{"href":"https:\/\/deportodos.com.ar\/2023\/wp-json\/wp\/v2\/media?parent=3735"}],"wp:term":[{"taxonomy":"category","embeddable":true,"href":"https:\/\/deportodos.com.ar\/2023\/wp-json\/wp\/v2\/categories?post=3735"},{"taxonomy":"post_tag","embeddable":true,"href":"https:\/\/deportodos.com.ar\/2023\/wp-json\/wp\/v2\/tags?post=3735"}],"curies":[{"name":"wp","href":"https:\/\/api.w.org\/{rel}","templated":true}]}}