{"id":3744,"date":"2025-06-25T11:46:25","date_gmt":"2025-06-25T11:46:25","guid":{"rendered":"https:\/\/deportodos.com.ar\/2023\/?p=3744"},"modified":"2025-06-25T11:46:27","modified_gmt":"2025-06-25T11:46:27","slug":"resultados-en-el-campeonato-provincial-de-cross-country-en-villa-elisa","status":"publish","type":"post","link":"https:\/\/deportodos.com.ar\/2023\/resultados-en-el-campeonato-provincial-de-cross-country-en-villa-elisa\/","title":{"rendered":"RESULTADOS EN EL CAMPEONATO PROVINCIAL DE CROSS COUNTRY EN VILLA ELISA"},"content":{"rendered":"\n<p>Este s\u00e1bado se disput\u00f3 una nueva edici\u00f3n del <strong>Campeonato Provincial de Cross Country<\/strong>, evento que congreg\u00f3 a atletas de diversos puntos de Entre R\u00edos, como Paran\u00e1, Federal, Villa Elisa, Victoria, Chajar\u00ed y Concordia, entre otros. El Polideportivo Municipal de Villa Elisa fue el escenario elegido para esta tradicional cita del atletismo provincial, que se desarroll\u00f3 con un clima agradable a pesar del persistente viento, y una excelente concurrencia de p\u00fablico.<\/p>\n\n\n\n<figure class=\"wp-block-image\"><a href=\"https:\/\/blogger.googleusercontent.com\/img\/b\/R29vZ2xl\/AVvXsEja81FASGPxW7xZLgnq7dH23NSrNWGbt2BMccY4_a_gpKfKK584MHHgI1SD6_e1vsqMvpq7sBkTgw6Ft_be6wK6Hyz-BQJ1woA7aoGrWD7J8YbeEmysSzlxZ8jP9yTAZtcOaGH1W7pBpD9asanvEgAVakWxeLVZzdGAKpoaJZaDwwIkxkBU1Rr44n5X_oo\/s1024\/IMG_2625%20(Copy).JPG\"><img decoding=\"async\" src=\"https:\/\/blogger.googleusercontent.com\/img\/b\/R29vZ2xl\/AVvXsEja81FASGPxW7xZLgnq7dH23NSrNWGbt2BMccY4_a_gpKfKK584MHHgI1SD6_e1vsqMvpq7sBkTgw6Ft_be6wK6Hyz-BQJ1woA7aoGrWD7J8YbeEmysSzlxZ8jP9yTAZtcOaGH1W7pBpD9asanvEgAVakWxeLVZzdGAKpoaJZaDwwIkxkBU1Rr44n5X_oo\/w400-h268\/IMG_2625%20(Copy).JPG\" alt=\"\"\/><\/a><\/figure>\n\n\n\n<p>La jornada inici\u00f3 puntualmente a las 11:00 horas con la categor\u00eda U16, que compiti\u00f3 en una distancia de 3.000 metros. Entre los varones, el concordiense Brian Pucheta se llev\u00f3 la victoria con una destacada actuaci\u00f3n. Completaron el podio Nicol\u00e1s Godoy y Felipe Bond. En la misma distancia pero en la rama femenina, se destac\u00f3 la chajariense Carolina Gonz\u00e1lez, quien domin\u00f3 la competencia, seguida por Josefina V\u00e1zquez.<\/p>\n\n\n\n<figure class=\"wp-block-image\"><a href=\"https:\/\/blogger.googleusercontent.com\/img\/b\/R29vZ2xl\/AVvXsEi7CV77jVxw5Yi5aj_l9k1GH4JT00kHid9wrohaaVECqiGzjAmTFskw3UoqEHwG0_dNwPHxhaCKn_Ri_oCLzPxOzi_-mgw-8NkSva_Vicr917G-oahTuW1tow6W48as3WRQZckrkpRpJBqxWLmF06p2wmuoyBiHzPUlhchVQVQEdNEwB8NlvTQsSPm8qis\/s1024\/DSC_2529%20(Copy).JPG\"><img decoding=\"async\" src=\"https:\/\/blogger.googleusercontent.com\/img\/b\/R29vZ2xl\/AVvXsEi7CV77jVxw5Yi5aj_l9k1GH4JT00kHid9wrohaaVECqiGzjAmTFskw3UoqEHwG0_dNwPHxhaCKn_Ri_oCLzPxOzi_-mgw-8NkSva_Vicr917G-oahTuW1tow6W48as3WRQZckrkpRpJBqxWLmF06p2wmuoyBiHzPUlhchVQVQEdNEwB8NlvTQsSPm8qis\/w400-h265\/DSC_2529%20(Copy).JPG\" alt=\"\"\/><\/a><\/figure>\n\n\n\n<p>En la categor\u00eda U18, que recorri\u00f3 4.000 metros, Juan Stiechr, actual campe\u00f3n argentino de cross country, se impuso entre los varones. Por el lado femenino, se vivi\u00f3 una emocionante definici\u00f3n, donde Serena Giusto, de Victoria, logr\u00f3 despegarse en los metros finales para consagrarse campeona, seguida de cerca por Lucrecia Godoy, de Paran\u00e1.<\/p>\n\n\n\n<figure class=\"wp-block-image\"><a href=\"https:\/\/blogger.googleusercontent.com\/img\/b\/R29vZ2xl\/AVvXsEgOWJl7HKT7IjAd9-bRdIVBSdC-xHwYWDPUyOuK-aNiLKSu2A0zbRA0NP0CrQ9aVMAeBVdTWXE9wjX4LmIqnTUcXXJaXkqxcZJOcpBKBrS17wkTV0f6hlk2nq9GefPP2ExlU6V8puK8p6ngqxJT0i2hUohkw4mWDuYH4vmeITyBZo-fV-pyWkAaFYH7DcM\/s1024\/IMG_2561%20(Copy).JPG\"><img decoding=\"async\" src=\"https:\/\/blogger.googleusercontent.com\/img\/b\/R29vZ2xl\/AVvXsEgOWJl7HKT7IjAd9-bRdIVBSdC-xHwYWDPUyOuK-aNiLKSu2A0zbRA0NP0CrQ9aVMAeBVdTWXE9wjX4LmIqnTUcXXJaXkqxcZJOcpBKBrS17wkTV0f6hlk2nq9GefPP2ExlU6V8puK8p6ngqxJT0i2hUohkw4mWDuYH4vmeITyBZo-fV-pyWkAaFYH7DcM\/w400-h266\/IMG_2561%20(Copy).JPG\" alt=\"\"\/><\/a><\/figure>\n\n\n\n<p>La categor\u00eda U20 tuvo como ganador a Joaqu\u00edn Huizzi Moya, quien logr\u00f3 una amplia ventaja sobre Thiago Sommer, que lleg\u00f3 en segundo lugar.<\/p>\n\n\n\n<figure class=\"wp-block-image\"><a href=\"https:\/\/blogger.googleusercontent.com\/img\/b\/R29vZ2xl\/AVvXsEgAHuYa9ox3zxjOEvMZhWSVzt7TLkSs6Fw1SSTQZ-oqeEZrlvILA9XBfU7KQyPuQmKuqELjsT8xGdlM9cu0qaVHX2RgYXRg5yrBXyKziRaCsQQ9emdqxsP0g9p-PfmxAAKzrxbipztli4ni_X6ilrjJNqRhn5bAzuY-07IzGtFbM-2PBEoU6-gi3SF81Ao\/s1024\/DSC_2512%20(Copy).JPG\"><img decoding=\"async\" src=\"https:\/\/blogger.googleusercontent.com\/img\/b\/R29vZ2xl\/AVvXsEgAHuYa9ox3zxjOEvMZhWSVzt7TLkSs6Fw1SSTQZ-oqeEZrlvILA9XBfU7KQyPuQmKuqELjsT8xGdlM9cu0qaVHX2RgYXRg5yrBXyKziRaCsQQ9emdqxsP0g9p-PfmxAAKzrxbipztli4ni_X6ilrjJNqRhn5bAzuY-07IzGtFbM-2PBEoU6-gi3SF81Ao\/w400-h268\/DSC_2512%20(Copy).JPG\" alt=\"\"\/><\/a><\/figure>\n\n\n\n<p>En la exigente categor\u00eda Sub-23, el triunfo fue para Brandon Lindt, oriundo de Federal, quien se impuso con autoridad. El podio lo completaron Gadiel Vallejos (Concordia) y Joaqu\u00edn Chanseaud (Villa Elisa).<\/p>\n\n\n\n<figure class=\"wp-block-image\"><a href=\"https:\/\/blogger.googleusercontent.com\/img\/b\/R29vZ2xl\/AVvXsEgzT8qm3XT3HNWliE5CSaDeYPdWXcSjJgpvCSWT5apjzk-Wp4NXtK8VdCTeDcBAcDqEa-CIh-Pa1i_bVGkcXcdxnnztDnfXU80NC44r-W47NbGroPGtUxdR6wPqhK4V7ZiQOQhKaHkFIXB-vHECkRTFplgtZAmUs-cEbEB87iFG8KBJfsdq4DXAK-RZOzA\/s1024\/DSC_2607%20(Copy).JPG\"><img decoding=\"async\" src=\"https:\/\/blogger.googleusercontent.com\/img\/b\/R29vZ2xl\/AVvXsEgzT8qm3XT3HNWliE5CSaDeYPdWXcSjJgpvCSWT5apjzk-Wp4NXtK8VdCTeDcBAcDqEa-CIh-Pa1i_bVGkcXcdxnnztDnfXU80NC44r-W47NbGroPGtUxdR6wPqhK4V7ZiQOQhKaHkFIXB-vHECkRTFplgtZAmUs-cEbEB87iFG8KBJfsdq4DXAK-RZOzA\/w400-h268\/DSC_2607%20(Copy).JPG\" alt=\"\"\/><\/a><\/figure>\n\n\n\n<p>En la divisi\u00f3n de Mayores varones federados, el primer lugar fue para Juan Segovia de Concordia, mientras que el local Facundo Orcellet se qued\u00f3 con el segundo puesto. En la rama femenina, la victoria fue para Ximena Simeone de Puerto Yeru\u00e1, con un tiempo de 45 minutos y 30 segundos. La acompa\u00f1aron en el podio las concordienses Greta Rodr\u00edguez (45:43) y Mar\u00eda Luz Ram\u00edrez (46:26).<\/p>\n\n\n\n<figure class=\"wp-block-image\"><a href=\"https:\/\/blogger.googleusercontent.com\/img\/b\/R29vZ2xl\/AVvXsEiB5RHnnex7VFPs07yqYSbgeJL4W3ttl9uLwx7yUUS0d8BCC3SdEZ1kq_8V9NMpZDmPfDfKrJ7VhIt5Piqlw18TJlTpou99IacXgPH1r8rDsj7ewh5inyqbbhfklHM1R1XdW8hyNWC2N4Ahb3W6uB68goWv-5ZvzwsepduLJXWfgRGscVBAqTYSewrMyD0\/s1024\/1aac2382-1103-49c5-8016-f978155947a0%20(Copy).jpg\"><img decoding=\"async\" src=\"https:\/\/blogger.googleusercontent.com\/img\/b\/R29vZ2xl\/AVvXsEiB5RHnnex7VFPs07yqYSbgeJL4W3ttl9uLwx7yUUS0d8BCC3SdEZ1kq_8V9NMpZDmPfDfKrJ7VhIt5Piqlw18TJlTpou99IacXgPH1r8rDsj7ewh5inyqbbhfklHM1R1XdW8hyNWC2N4Ahb3W6uB68goWv-5ZvzwsepduLJXWfgRGscVBAqTYSewrMyD0\/w400-h300\/1aac2382-1103-49c5-8016-f978155947a0%20(Copy).jpg\" alt=\"\"\/><\/a><\/figure>\n\n\n\n<p>Tambi\u00e9n se disputaron pruebas libres. En los 10 km, el triunfo fue para Silvio Altamirano (Concordia), mientras que en la prueba libre de 6 km, el vencedor fue el paranaense Mario Godoy, seguido por Wilson Here\u00f1\u00fa y Roberto Cameroni. En la categor\u00eda femenina, Sandra Mart\u00ednez (Paran\u00e1) cruz\u00f3 primera la meta, escoltada por la representante local Carina Walser.<\/p>\n\n\n\n<figure class=\"wp-block-image\"><a href=\"https:\/\/blogger.googleusercontent.com\/img\/b\/R29vZ2xl\/AVvXsEh3RVSisyv9Qfjq2XVL8VSF5d90hBTdNPDAE2_-7b0fOhFmhR7QigkG2-RRFraW5NRtLv40Cn-0R3h4_eg5bdEDLe3JR-hd3fiVh1BepHFg9bdJigLBxNVz6a2NNf4hen92iiOyeF-tAuQjmHqhGF3dyX2M_zHRoQNNzKacL-t8bacmrrMAoLgWomfbmW8\/s1024\/IMG_2551%20(Copy).JPG\"><img decoding=\"async\" src=\"https:\/\/blogger.googleusercontent.com\/img\/b\/R29vZ2xl\/AVvXsEh3RVSisyv9Qfjq2XVL8VSF5d90hBTdNPDAE2_-7b0fOhFmhR7QigkG2-RRFraW5NRtLv40Cn-0R3h4_eg5bdEDLe3JR-hd3fiVh1BepHFg9bdJigLBxNVz6a2NNf4hen92iiOyeF-tAuQjmHqhGF3dyX2M_zHRoQNNzKacL-t8bacmrrMAoLgWomfbmW8\/w400-h268\/IMG_2551%20(Copy).JPG\" alt=\"\"\/><\/a><\/figure>\n\n\n\n<p>El evento dej\u00f3 no solo una nutrida participaci\u00f3n de atletas de toda la provincia, sino tambi\u00e9n emocionantes competencias y un marco de p\u00fablico que acompa\u00f1\u00f3 con entusiasmo durante toda la jornada.<\/p>\n\n\n\n<blockquote class=\"wp-block-quote is-layout-flow wp-block-quote-is-layout-flow\">\n<blockquote class=\"wp-block-quote is-layout-flow wp-block-quote-is-layout-flow\">\n<p>www.deportesvillaadela.blogspot.com<\/p>\n<\/blockquote>\n<\/blockquote>\n","protected":false},"excerpt":{"rendered":"<p>Este s\u00e1bado se disput\u00f3 una nueva edici\u00f3n del Campeonato Provincial de Cross Country, evento que&#8230;<\/p>\n","protected":false},"author":2,"featured_media":3745,"comment_status":"open","ping_status":"open","sticky":false,"template":"","format":"standard","meta":{"footnotes":""},"categories":[17],"tags":[],"class_list":["post-3744","post","type-post","status-publish","format-standard","has-post-thumbnail","hentry","category-cross-aventura"],"featured_image_urls":{"full":["https:\/\/deportodos.com.ar\/2023\/wp-content\/uploads\/2025\/06\/IMG-20250625-WA0004.jpg",818,541,false],"thumbnail":["https:\/\/deportodos.com.ar\/2023\/wp-content\/uploads\/2025\/06\/IMG-20250625-WA0004-150x150.jpg",150,150,true],"medium":["https:\/\/deportodos.com.ar\/2023\/wp-content\/uploads\/2025\/06\/IMG-20250625-WA0004-300x198.jpg",300,198,true],"medium_large":["https:\/\/deportodos.com.ar\/2023\/wp-content\/uploads\/2025\/06\/IMG-20250625-WA0004-768x508.jpg",640,423,true],"large":["https:\/\/deportodos.com.ar\/2023\/wp-content\/uploads\/2025\/06\/IMG-20250625-WA0004.jpg",640,423,false],"1536x1536":["https:\/\/deportodos.com.ar\/2023\/wp-content\/uploads\/2025\/06\/IMG-20250625-WA0004.jpg",818,541,false],"2048x2048":["https:\/\/deportodos.com.ar\/2023\/wp-content\/uploads\/2025\/06\/IMG-20250625-WA0004.jpg",818,541,false],"covernews-featured":["https:\/\/deportodos.com.ar\/2023\/wp-content\/uploads\/2025\/06\/IMG-20250625-WA0004.jpg",818,541,false],"covernews-medium":["https:\/\/deportodos.com.ar\/2023\/wp-content\/uploads\/2025\/06\/IMG-20250625-WA0004-540x340.jpg",540,340,true]},"author_info":{"display_name":"c2530142","author_link":"https:\/\/deportodos.com.ar\/2023\/author\/c2530142\/"},"category_info":"<a href=\"https:\/\/deportodos.com.ar\/2023\/category\/cross-aventura\/\" rel=\"category tag\">Cross Aventura<\/a>","tag_info":"Cross Aventura","comment_count":"0","_links":{"self":[{"href":"https:\/\/deportodos.com.ar\/2023\/wp-json\/wp\/v2\/posts\/3744","targetHints":{"allow":["GET"]}}],"collection":[{"href":"https:\/\/deportodos.com.ar\/2023\/wp-json\/wp\/v2\/posts"}],"about":[{"href":"https:\/\/deportodos.com.ar\/2023\/wp-json\/wp\/v2\/types\/post"}],"author":[{"embeddable":true,"href":"https:\/\/deportodos.com.ar\/2023\/wp-json\/wp\/v2\/users\/2"}],"replies":[{"embeddable":true,"href":"https:\/\/deportodos.com.ar\/2023\/wp-json\/wp\/v2\/comments?post=3744"}],"version-history":[{"count":1,"href":"https:\/\/deportodos.com.ar\/2023\/wp-json\/wp\/v2\/posts\/3744\/revisions"}],"predecessor-version":[{"id":3746,"href":"https:\/\/deportodos.com.ar\/2023\/wp-json\/wp\/v2\/posts\/3744\/revisions\/3746"}],"wp:featuredmedia":[{"embeddable":true,"href":"https:\/\/deportodos.com.ar\/2023\/wp-json\/wp\/v2\/media\/3745"}],"wp:attachment":[{"href":"https:\/\/deportodos.com.ar\/2023\/wp-json\/wp\/v2\/media?parent=3744"}],"wp:term":[{"taxonomy":"category","embeddable":true,"href":"https:\/\/deportodos.com.ar\/2023\/wp-json\/wp\/v2\/categories?post=3744"},{"taxonomy":"post_tag","embeddable":true,"href":"https:\/\/deportodos.com.ar\/2023\/wp-json\/wp\/v2\/tags?post=3744"}],"curies":[{"name":"wp","href":"https:\/\/api.w.org\/{rel}","templated":true}]}}