{"id":3787,"date":"2025-07-01T17:43:54","date_gmt":"2025-07-01T17:43:54","guid":{"rendered":"https:\/\/deportodos.com.ar\/2023\/?p=3787"},"modified":"2025-07-01T17:44:00","modified_gmt":"2025-07-01T17:44:00","slug":"valentin-castro-doble-campeon-arg-de-ciclismo-en-pista","status":"publish","type":"post","link":"https:\/\/deportodos.com.ar\/2023\/valentin-castro-doble-campeon-arg-de-ciclismo-en-pista\/","title":{"rendered":"VALENT\u00cdN CASTRO DOBLE CAMPE\u00d3N ARG DE CICLISMO EN PISTA"},"content":{"rendered":"\n<p>Valent\u00edn Castro de la ciudad de Concordia se consagr\u00f3 Campe\u00f3n Argentino de Pista. En la especialidad de 500 metros con partida detenida. En el vel\u00f3dromo Vicente Alejo Chancay en la ciudad de San Juan. El vel\u00f3dromo de madera y techado de \u00faltima generaci\u00f3n que tiene la argentina. Adem\u00e1s logro dos medallas de bronce en la especialidad de persecuci\u00f3n individual de 2 mil metros. Y en la persecuci\u00f3n por equipos en 4 mil metros. Estos resultados hacen historia porqu\u00e9 lo convierte en el primer Juvenil de Entre R\u00edos en ser doble campe\u00f3n argentino.<\/p>\n","protected":false},"excerpt":{"rendered":"<p>Valent\u00edn Castro de la ciudad de Concordia se consagr\u00f3 Campe\u00f3n Argentino de Pista. En la&#8230;<\/p>\n","protected":false},"author":2,"featured_media":3788,"comment_status":"open","ping_status":"open","sticky":false,"template":"","format":"standard","meta":{"footnotes":""},"categories":[16],"tags":[],"class_list":["post-3787","post","type-post","status-publish","format-standard","has-post-thumbnail","hentry","category-ciclismo"],"featured_image_urls":{"full":["https:\/\/deportodos.com.ar\/2023\/wp-content\/uploads\/2025\/07\/IMG-20250701-WA0007.jpg",1204,1600,false],"thumbnail":["https:\/\/deportodos.com.ar\/2023\/wp-content\/uploads\/2025\/07\/IMG-20250701-WA0007-150x150.jpg",150,150,true],"medium":["https:\/\/deportodos.com.ar\/2023\/wp-content\/uploads\/2025\/07\/IMG-20250701-WA0007-226x300.jpg",226,300,true],"medium_large":["https:\/\/deportodos.com.ar\/2023\/wp-content\/uploads\/2025\/07\/IMG-20250701-WA0007-768x1021.jpg",640,851,true],"large":["https:\/\/deportodos.com.ar\/2023\/wp-content\/uploads\/2025\/07\/IMG-20250701-WA0007-771x1024.jpg",640,850,true],"1536x1536":["https:\/\/deportodos.com.ar\/2023\/wp-content\/uploads\/2025\/07\/IMG-20250701-WA0007-1156x1536.jpg",1156,1536,true],"2048x2048":["https:\/\/deportodos.com.ar\/2023\/wp-content\/uploads\/2025\/07\/IMG-20250701-WA0007.jpg",1204,1600,false],"covernews-featured":["https:\/\/deportodos.com.ar\/2023\/wp-content\/uploads\/2025\/07\/IMG-20250701-WA0007-1024x1361.jpg",1024,1361,true],"covernews-medium":["https:\/\/deportodos.com.ar\/2023\/wp-content\/uploads\/2025\/07\/IMG-20250701-WA0007-540x340.jpg",540,340,true]},"author_info":{"display_name":"c2530142","author_link":"https:\/\/deportodos.com.ar\/2023\/author\/c2530142\/"},"category_info":"<a href=\"https:\/\/deportodos.com.ar\/2023\/category\/ciclismo\/\" rel=\"category tag\">Ciclismo<\/a>","tag_info":"Ciclismo","comment_count":"0","_links":{"self":[{"href":"https:\/\/deportodos.com.ar\/2023\/wp-json\/wp\/v2\/posts\/3787","targetHints":{"allow":["GET"]}}],"collection":[{"href":"https:\/\/deportodos.com.ar\/2023\/wp-json\/wp\/v2\/posts"}],"about":[{"href":"https:\/\/deportodos.com.ar\/2023\/wp-json\/wp\/v2\/types\/post"}],"author":[{"embeddable":true,"href":"https:\/\/deportodos.com.ar\/2023\/wp-json\/wp\/v2\/users\/2"}],"replies":[{"embeddable":true,"href":"https:\/\/deportodos.com.ar\/2023\/wp-json\/wp\/v2\/comments?post=3787"}],"version-history":[{"count":1,"href":"https:\/\/deportodos.com.ar\/2023\/wp-json\/wp\/v2\/posts\/3787\/revisions"}],"predecessor-version":[{"id":3789,"href":"https:\/\/deportodos.com.ar\/2023\/wp-json\/wp\/v2\/posts\/3787\/revisions\/3789"}],"wp:featuredmedia":[{"embeddable":true,"href":"https:\/\/deportodos.com.ar\/2023\/wp-json\/wp\/v2\/media\/3788"}],"wp:attachment":[{"href":"https:\/\/deportodos.com.ar\/2023\/wp-json\/wp\/v2\/media?parent=3787"}],"wp:term":[{"taxonomy":"category","embeddable":true,"href":"https:\/\/deportodos.com.ar\/2023\/wp-json\/wp\/v2\/categories?post=3787"},{"taxonomy":"post_tag","embeddable":true,"href":"https:\/\/deportodos.com.ar\/2023\/wp-json\/wp\/v2\/tags?post=3787"}],"curies":[{"name":"wp","href":"https:\/\/api.w.org\/{rel}","templated":true}]}}