{"id":3795,"date":"2025-07-03T01:46:26","date_gmt":"2025-07-03T01:46:26","guid":{"rendered":"https:\/\/deportodos.com.ar\/2023\/?p=3795"},"modified":"2025-07-03T01:46:31","modified_gmt":"2025-07-03T01:46:31","slug":"iniciacion-para-arbitros-de-handball","status":"publish","type":"post","link":"https:\/\/deportodos.com.ar\/2023\/iniciacion-para-arbitros-de-handball\/","title":{"rendered":"INICIACI\u00d3N PARA \u00c1RBITROS DE HANDBALL"},"content":{"rendered":"\n<p>Con el fin de ampliar el plantel arbitral de la Federaci\u00f3n Entrerriana de Handball, y trabajar en la formaci\u00f3n de nuevos talentos arbitrales, se dictar\u00e1 una CAPACITACI\u00d3N DE INICIACI\u00d3N PARA \u00c1RBITROS DE HANDBALL.<\/p>\n\n\n\n<p>Esta, ser\u00e1 llevada a cabo los d\u00edas: MIERCOLES 09, JUEVES 10, VIERNES 11 Y S\u00c1BADO 12 DE JULIO, en el CLUB CAPUCHINOS, de la ciudad de CONCORDIA.<\/p>\n\n\n\n<p>Estar\u00e1 compuesta de 3 (TRES) est\u00edmulos diarios, qu\u00e9 de manera intensiva ayudar\u00e1n a trabajar los fundamentos necesarios para iniciarse en el mundo arbitral.<\/p>\n\n\n\n<p>La capacitaci\u00f3n ser\u00e1 dictada de la siguiente manera:<\/p>\n\n\n\n<p>MIERCOLES 09, JUEVES 10, y VIERNES 11 DE JULIO:<\/p>\n\n\n\n<ul class=\"wp-block-list\">\n<li>09hs a 11hs.: PRIMER EST\u00cdMULO: El primer turno de la jornada, estar\u00e1 apuntado a profundizar de manera te\u00f3rica el reglamento.<\/li>\n\n\n\n<li>12hs a 13:30hs: SEGUNDO EST\u00cdMULO: TRABAJO EN CANCHA, con el segundo turno nos desenvolveremos de manera PR\u00c1CTICA, dentro de la cancha, en d\u00f3nde trabajaremos gestoformas, posicionamiento dentro del terreno de juego, c\u00f3mo y de qu\u00e9 manera usar el silbato, etc.<\/li>\n\n\n\n<li>18hs a 20hs: TERCER EST\u00cdMULO: El \u00faltimo turno del d\u00eda, tendr\u00e1 como objetivo principal, aplicar los conocimientos adoptados durante el d\u00eda, a situaciones que puedan llegar a ocurrir dentro del terreno de juego, para ello, haremos trabajo con videos, actividades de resoluci\u00f3n y actividades evaluativas.<\/li>\n<\/ul>\n\n\n\n<p>S\u00c1BADO 12\/07:<\/p>\n\n\n\n<ul class=\"wp-block-list\">\n<li>La capacitaci\u00f3n culminar\u00e1 con una jornada ENCUENTRO, d\u00f3nde cada uno tendr\u00e1 posibilidades de arbitrar y desenvolverse en la cancha, en la cual tendr\u00e1n observaciones y correcciones, respecto a lo trabajado durante los d\u00edas previos.<\/li>\n<\/ul>\n\n\n\n<p>PARA INSCRIPCIONES COMUNICARSE AL 3435147593<\/p>\n","protected":false},"excerpt":{"rendered":"<p>Con el fin de ampliar el plantel arbitral de la Federaci\u00f3n Entrerriana de Handball, y&#8230;<\/p>\n","protected":false},"author":2,"featured_media":3796,"comment_status":"open","ping_status":"open","sticky":false,"template":"","format":"standard","meta":{"footnotes":""},"categories":[53],"tags":[],"class_list":["post-3795","post","type-post","status-publish","format-standard","has-post-thumbnail","hentry","category-handball"],"featured_image_urls":{"full":["https:\/\/deportodos.com.ar\/2023\/wp-content\/uploads\/2025\/07\/IMG-20250702-WA0091.jpg",1080,1350,false],"thumbnail":["https:\/\/deportodos.com.ar\/2023\/wp-content\/uploads\/2025\/07\/IMG-20250702-WA0091-150x150.jpg",150,150,true],"medium":["https:\/\/deportodos.com.ar\/2023\/wp-content\/uploads\/2025\/07\/IMG-20250702-WA0091-240x300.jpg",240,300,true],"medium_large":["https:\/\/deportodos.com.ar\/2023\/wp-content\/uploads\/2025\/07\/IMG-20250702-WA0091-768x960.jpg",640,800,true],"large":["https:\/\/deportodos.com.ar\/2023\/wp-content\/uploads\/2025\/07\/IMG-20250702-WA0091-819x1024.jpg",640,800,true],"1536x1536":["https:\/\/deportodos.com.ar\/2023\/wp-content\/uploads\/2025\/07\/IMG-20250702-WA0091.jpg",1080,1350,false],"2048x2048":["https:\/\/deportodos.com.ar\/2023\/wp-content\/uploads\/2025\/07\/IMG-20250702-WA0091.jpg",1080,1350,false],"covernews-featured":["https:\/\/deportodos.com.ar\/2023\/wp-content\/uploads\/2025\/07\/IMG-20250702-WA0091-1024x1280.jpg",1024,1280,true],"covernews-medium":["https:\/\/deportodos.com.ar\/2023\/wp-content\/uploads\/2025\/07\/IMG-20250702-WA0091-540x340.jpg",540,340,true]},"author_info":{"display_name":"c2530142","author_link":"https:\/\/deportodos.com.ar\/2023\/author\/c2530142\/"},"category_info":"<a href=\"https:\/\/deportodos.com.ar\/2023\/category\/handball\/\" rel=\"category tag\">Handball<\/a>","tag_info":"Handball","comment_count":"0","_links":{"self":[{"href":"https:\/\/deportodos.com.ar\/2023\/wp-json\/wp\/v2\/posts\/3795","targetHints":{"allow":["GET"]}}],"collection":[{"href":"https:\/\/deportodos.com.ar\/2023\/wp-json\/wp\/v2\/posts"}],"about":[{"href":"https:\/\/deportodos.com.ar\/2023\/wp-json\/wp\/v2\/types\/post"}],"author":[{"embeddable":true,"href":"https:\/\/deportodos.com.ar\/2023\/wp-json\/wp\/v2\/users\/2"}],"replies":[{"embeddable":true,"href":"https:\/\/deportodos.com.ar\/2023\/wp-json\/wp\/v2\/comments?post=3795"}],"version-history":[{"count":1,"href":"https:\/\/deportodos.com.ar\/2023\/wp-json\/wp\/v2\/posts\/3795\/revisions"}],"predecessor-version":[{"id":3797,"href":"https:\/\/deportodos.com.ar\/2023\/wp-json\/wp\/v2\/posts\/3795\/revisions\/3797"}],"wp:featuredmedia":[{"embeddable":true,"href":"https:\/\/deportodos.com.ar\/2023\/wp-json\/wp\/v2\/media\/3796"}],"wp:attachment":[{"href":"https:\/\/deportodos.com.ar\/2023\/wp-json\/wp\/v2\/media?parent=3795"}],"wp:term":[{"taxonomy":"category","embeddable":true,"href":"https:\/\/deportodos.com.ar\/2023\/wp-json\/wp\/v2\/categories?post=3795"},{"taxonomy":"post_tag","embeddable":true,"href":"https:\/\/deportodos.com.ar\/2023\/wp-json\/wp\/v2\/tags?post=3795"}],"curies":[{"name":"wp","href":"https:\/\/api.w.org\/{rel}","templated":true}]}}