{"id":3798,"date":"2025-07-03T01:51:04","date_gmt":"2025-07-03T01:51:04","guid":{"rendered":"https:\/\/deportodos.com.ar\/2023\/?p=3798"},"modified":"2025-07-03T01:51:37","modified_gmt":"2025-07-03T01:51:37","slug":"lista-completa-de-inscriptos-para-la-quinta-fecha-en-misiones","status":"publish","type":"post","link":"https:\/\/deportodos.com.ar\/2023\/lista-completa-de-inscriptos-para-la-quinta-fecha-en-misiones\/","title":{"rendered":"LISTA COMPLETA DE INSCRIPTOS PARA LA QUINTA FECHA EN MISIONES"},"content":{"rendered":"\n<p>El Rally Argentino Pirelli disputar\u00e1 su quinta fecha del calendario del 4 al 6 de julio en Misiones. La competencia, que marcar\u00e1 el cierre de la primera mitad de la temporada, tiene un total de 42 tripulaciones aprobadas para largar en la tierra colorada.&nbsp;<\/p>\n\n\n\n<p>Los inscriptos de la clase <strong>RC2<\/strong> est\u00e1n encabezados por el sanjuanino Gast\u00f3n Pasten, junto a Mat\u00edas Ramos, a bordo del Skoda Fabia Rally2. Federico Villagra y Diego Curletto, con el Hyundai i20, buscar\u00e1n imponer su experiencia para achicar distancias en la lucha por el t\u00edtulo.<\/p>\n\n\n\n<p>El regreso a la categor\u00eda del uruguayo Rodrigo Zeballos, acompa\u00f1ado de Leonardo Suaya, con el Citroen C3 Rally2. Miguel Baldoni y Gustavo Franchello (Skoda Fabia) llegan como l\u00edderes del campeonato y con el impulso de la victoria obtenida en Catamarca.<\/p>\n\n\n\n<p>Nicol\u00e1s y Juan De La Vega (Skoda) apuntan a seguir afirm\u00e1ndose en la clase, Augusto D\u2019Agostini\/Juan Pablo Carrera (Skoda) y Claudio Robustelli\/Mariano Pissaco (Skoda) regresan con la mira puesta en ser protagonistas, mientras que Antonio Prevedello y Leonardo Londero (Skoda) buscar\u00e1n hacer valer su experiencia en un terreno siempre desafiante.&nbsp;<\/p>\n\n\n\n<p>Con siete binomios confirmados, la clase <strong>RC-MR<\/strong> anticipa una fecha intensa. Rub\u00e9n Montoro\/Ignacio Uez, ganadores en Catamarca, llegan con el envi\u00f3n de su reciente victoria a bordo del VW Gol Trend. Nadia Cutro y Miguel Recalt, referentes de la categor\u00eda, buscar\u00e1n ser protagonistas con su Toyota Yaris MRT. El jesusmariense, Miguel Patat, navegado por Rub\u00e9n Garc\u00eda, apuesta a una actuaci\u00f3n firme.&nbsp;<\/p>\n\n\n\n<p>Victorio Ballay\/Andr\u00e9s Dellia, con el DS3 MRT, mantienen su presencia habitual y siguen siendo un nombre firme dentro de la categor\u00eda, mientras que Santino Rossi\/Mart\u00edn Baucero (VW Polo MRT) y Valent\u00edn Folledo\/Mat\u00edas Cardano (Renault Clio MRT) contin\u00faan afianz\u00e1ndose con buen ritmo. Ramiro Kaufmann\/Juan Pablo Del Riego (DS3 MRT) completan una clase que promete ser muy competitiva.<\/p>\n\n\n\n<p>Juli\u00e1n Larrosa y Gregorio C\u00e9spedes llegan como principales referentes de la clase <strong>RC4<\/strong>, tras su victoria en Catamarca. La dupla H\u00e9ctor Finke\/Marcos Esp\u00edndola, representar\u00e1n a su provincia, aportando experiencia local en cada tramo. Alejandro Baratella, Tom\u00e1s Aibar y Carlos Cataldo completan una clase donde la adaptaci\u00f3n al terreno misionero ser\u00e1 clave para marcar diferencias, todos con autos Peugeot 208 Rally4.<\/p>\n\n\n\n<p>En la clase <strong>RC3<\/strong>, Nicol\u00e1s Gonz\u00e1lez\/Ger\u00f3nimo Bordignon, actuales l\u00edderes del campeonato con 209 puntos, buscar\u00e1n defender su posici\u00f3n al mando del VW Gol Trend. Ignacio Villa, su principal escolta con el Ford Ka, llega segundo en el certamen y competir\u00e1 junto a Francisco Furnari. Los cordobeses Guillermo Ambrosio\/Franco Amaya (VW) tambi\u00e9n ser\u00e1n protagonistas en esta fecha. Mario Rasso\/Rodolfo Guevara (Peugeot) y los locales Pablo Koch\/Juan Horchuc (VW), completan una divisional donde cada punto ser\u00e1 clave en la lucha por el campeonato.<\/p>\n\n\n\n<p>En la <strong>RC5<\/strong>, la clase con mayor cantidad de inscriptos para el fin de semana, el cordob\u00e9s Santiago Sabbatini, puntero del campeonato, ser\u00e1 de la partida, mientras que Gabriel Abarca, junto a Juan Cruz Varela, tambi\u00e9n dir\u00e1 presente con el Ford Fiesta.&nbsp;<\/p>\n\n\n\n<p>Mat\u00edas Nazareno y Nelson Tomada, regresan en busca de sostener el buen rendimiento que los llev\u00f3 a la victoria en la fecha anterior. Sebasti\u00e1n Landa (Ford), Gerardo Ontivero\/Luciano Torres (Peugeot), Valentino Cardoso\/Sebasti\u00e1n Mugni (Ford), Fernando M\u00fcller\/Gonz\u00e1lo Mart\u00ednez (Peugeot) buscar\u00e1n seguir sumando, mientras que los locales Sergio Zarza y Maximiliano Isanbizaga, ambos a bordo de unidades Ford, buscar\u00e1n aprovechar el conocimiento del terreno misionero.<\/p>\n\n\n\n<p>El Rally de Misiones propone caminos completamente distintos a los vistos en citas previas, sectores trabados, tramos t\u00e9cnicos y las condiciones clim\u00e1ticas variables juegan un rol determinante. Con la competencia centralizada en Leandro N. Alem, la quinta fecha promete espect\u00e1culo y emoci\u00f3n.<\/p>\n\n\n\n<blockquote class=\"wp-block-quote is-layout-flow wp-block-quote-is-layout-flow\">\n<p>www.rallyargentino.com<\/p>\n<\/blockquote>\n","protected":false},"excerpt":{"rendered":"<p>El Rally Argentino Pirelli disputar\u00e1 su quinta fecha del calendario del 4 al 6 de&#8230;<\/p>\n","protected":false},"author":2,"featured_media":3801,"comment_status":"open","ping_status":"open","sticky":false,"template":"","format":"standard","meta":{"footnotes":""},"categories":[6],"tags":[],"class_list":["post-3798","post","type-post","status-publish","format-standard","has-post-thumbnail","hentry","category-automovilismo"],"featured_image_urls":{"full":["https:\/\/deportodos.com.ar\/2023\/wp-content\/uploads\/2025\/07\/FB_IMG_1751507431838.jpg",864,1080,false],"thumbnail":["https:\/\/deportodos.com.ar\/2023\/wp-content\/uploads\/2025\/07\/FB_IMG_1751507431838-150x150.jpg",150,150,true],"medium":["https:\/\/deportodos.com.ar\/2023\/wp-content\/uploads\/2025\/07\/FB_IMG_1751507431838-240x300.jpg",240,300,true],"medium_large":["https:\/\/deportodos.com.ar\/2023\/wp-content\/uploads\/2025\/07\/FB_IMG_1751507431838-768x960.jpg",640,800,true],"large":["https:\/\/deportodos.com.ar\/2023\/wp-content\/uploads\/2025\/07\/FB_IMG_1751507431838-819x1024.jpg",640,800,true],"1536x1536":["https:\/\/deportodos.com.ar\/2023\/wp-content\/uploads\/2025\/07\/FB_IMG_1751507431838.jpg",864,1080,false],"2048x2048":["https:\/\/deportodos.com.ar\/2023\/wp-content\/uploads\/2025\/07\/FB_IMG_1751507431838.jpg",864,1080,false],"covernews-featured":["https:\/\/deportodos.com.ar\/2023\/wp-content\/uploads\/2025\/07\/FB_IMG_1751507431838.jpg",864,1080,false],"covernews-medium":["https:\/\/deportodos.com.ar\/2023\/wp-content\/uploads\/2025\/07\/FB_IMG_1751507431838-540x340.jpg",540,340,true]},"author_info":{"display_name":"c2530142","author_link":"https:\/\/deportodos.com.ar\/2023\/author\/c2530142\/"},"category_info":"<a href=\"https:\/\/deportodos.com.ar\/2023\/category\/automovilismo\/\" rel=\"category tag\">Automovilismo<\/a>","tag_info":"Automovilismo","comment_count":"0","_links":{"self":[{"href":"https:\/\/deportodos.com.ar\/2023\/wp-json\/wp\/v2\/posts\/3798","targetHints":{"allow":["GET"]}}],"collection":[{"href":"https:\/\/deportodos.com.ar\/2023\/wp-json\/wp\/v2\/posts"}],"about":[{"href":"https:\/\/deportodos.com.ar\/2023\/wp-json\/wp\/v2\/types\/post"}],"author":[{"embeddable":true,"href":"https:\/\/deportodos.com.ar\/2023\/wp-json\/wp\/v2\/users\/2"}],"replies":[{"embeddable":true,"href":"https:\/\/deportodos.com.ar\/2023\/wp-json\/wp\/v2\/comments?post=3798"}],"version-history":[{"count":1,"href":"https:\/\/deportodos.com.ar\/2023\/wp-json\/wp\/v2\/posts\/3798\/revisions"}],"predecessor-version":[{"id":3802,"href":"https:\/\/deportodos.com.ar\/2023\/wp-json\/wp\/v2\/posts\/3798\/revisions\/3802"}],"wp:featuredmedia":[{"embeddable":true,"href":"https:\/\/deportodos.com.ar\/2023\/wp-json\/wp\/v2\/media\/3801"}],"wp:attachment":[{"href":"https:\/\/deportodos.com.ar\/2023\/wp-json\/wp\/v2\/media?parent=3798"}],"wp:term":[{"taxonomy":"category","embeddable":true,"href":"https:\/\/deportodos.com.ar\/2023\/wp-json\/wp\/v2\/categories?post=3798"},{"taxonomy":"post_tag","embeddable":true,"href":"https:\/\/deportodos.com.ar\/2023\/wp-json\/wp\/v2\/tags?post=3798"}],"curies":[{"name":"wp","href":"https:\/\/api.w.org\/{rel}","templated":true}]}}