{"id":3810,"date":"2025-07-05T15:48:43","date_gmt":"2025-07-05T15:48:43","guid":{"rendered":"https:\/\/deportodos.com.ar\/2023\/?p=3810"},"modified":"2025-07-05T15:48:44","modified_gmt":"2025-07-05T15:48:44","slug":"gano-central-entrerriano-y-es-finalista","status":"publish","type":"post","link":"https:\/\/deportodos.com.ar\/2023\/gano-central-entrerriano-y-es-finalista\/","title":{"rendered":"GAN\u00d3 CENTRAL ENTRERRIANO Y ES FINALISTA"},"content":{"rendered":"\n<p>En un final para el infarto, tal como ocurri\u00f3 el domingo en el B\u00e9rtora, el conjunto rojinegro derrot\u00f3 como visitante a Presidente Derqui por 76 a 74, despach\u00f3 al mejor de la fase regular en dos partidos y jugar\u00e1 la llave decisiva por el ascenso a la Liga Argentina.<\/p>\n\n\n\n<p>Central Entrerriano tuvo otra noche para la historia y se meti\u00f3 entre los cuatro mejores de la temporada de Liga Federal de B\u00e1squet, instancia en la que ir\u00e1 el por el objetivo m\u00e1ximo: el salto de categor\u00eda.<\/p>\n\n\n\n<p>El equipo de Mart\u00edn Pascal tuvo un comienzo arrollador y de inmediato meti\u00f3 un parcial inicial de 11-0, que le permiti\u00f3 dominar el primer cuarto, pese a la reacci\u00f3n del local en la segunda mitad del segmento inicial.<\/p>\n\n\n\n<p>En el segundo cap\u00edtulo, Central mantuvo la intensidad defensiva y momentos de alto vuelo en ataque, como lo hizo en los primeros diez minutos, para sacar nuevamente una ventaja de dos d\u00edgitos. Sin embargo, Derqui, con su jerarqu\u00eda individual y el apoyo de su p\u00fablico, se repuso y acort\u00f3 la diferencia a siete, al cierre del primer tiempo.<\/p>\n\n\n\n<p>En el tercer cuarto se equipararon las acciones, porque el Rojinegro baj\u00f3 su ritmo y el due\u00f1o de casa creci\u00f3, a partir de una soberbia labor de Rodrigo Acu\u00f1a en la zona pintada.&nbsp; Derqui lo dio vuelta de entrada y lleg\u00f3 al \u00faltimo cuarto con ventaja de +7.<\/p>\n\n\n\n<p>Pero en el \u00faltimo cuarto, Central sac\u00f3 a relucir su garra y coraje: r\u00e1pidamente se puso en partido con un buen pasaje del juvenil Siboldi y dos triples de Cristian P\u00e9rez. Pr\u00e1cticamente, los diez minutos finales fueron de marcada paridad, con Derqui casi siempre arriba por una posesi\u00f3n, pero a falta de un minuto Manu Lado meti\u00f3 un triple clave, para que Central pase al frente por dos (73-75). Luego el jugador centralista tuvo dos libres para sentenciar la historia, pero malogr\u00f3 ambos y la acci\u00f3n termin\u00f3 en una falta sobre Acu\u00f1a, a falta de cinco segundos.<\/p>\n\n\n\n<p>El pivote local encest\u00f3 el primer y tambi\u00e9n en el segundo, aunque en el \u00faltimo hubo invasi\u00f3n de un jugador de Derqui y Central sabore\u00f3 la victoria, que termin\u00f3 de abrochar la victoria con un simple de Quarroz y defendi\u00f3 la \u00faltima pelota con el alma.<\/p>\n\n\n\n<p>El Rojinegro de calle Espa\u00f1a se meti\u00f3 entre los cuatros mejores de la temporada (de m\u00e1s de cien participantes) y jugar\u00e1 la final por uno de los ascensos frente al vencedor de la serie entre Belgrano de San Nicol\u00e1s y P\u00e9rfora de Plaza Huincul.<\/p>\n\n\n\n<blockquote class=\"wp-block-quote is-layout-flow wp-block-quote-is-layout-flow\">\n<p>www.eldiaonline.com<\/p>\n<\/blockquote>\n","protected":false},"excerpt":{"rendered":"<p>En un final para el infarto, tal como ocurri\u00f3 el domingo en el B\u00e9rtora, el&#8230;<\/p>\n","protected":false},"author":2,"featured_media":3811,"comment_status":"open","ping_status":"open","sticky":false,"template":"","format":"standard","meta":{"footnotes":""},"categories":[9],"tags":[],"class_list":["post-3810","post","type-post","status-publish","format-standard","has-post-thumbnail","hentry","category-basquet"],"featured_image_urls":{"full":["https:\/\/deportodos.com.ar\/2023\/wp-content\/uploads\/2025\/07\/central.jpg",1024,683,false],"thumbnail":["https:\/\/deportodos.com.ar\/2023\/wp-content\/uploads\/2025\/07\/central-150x150.jpg",150,150,true],"medium":["https:\/\/deportodos.com.ar\/2023\/wp-content\/uploads\/2025\/07\/central-300x200.jpg",300,200,true],"medium_large":["https:\/\/deportodos.com.ar\/2023\/wp-content\/uploads\/2025\/07\/central-768x512.jpg",640,427,true],"large":["https:\/\/deportodos.com.ar\/2023\/wp-content\/uploads\/2025\/07\/central.jpg",640,427,false],"1536x1536":["https:\/\/deportodos.com.ar\/2023\/wp-content\/uploads\/2025\/07\/central.jpg",1024,683,false],"2048x2048":["https:\/\/deportodos.com.ar\/2023\/wp-content\/uploads\/2025\/07\/central.jpg",1024,683,false],"covernews-featured":["https:\/\/deportodos.com.ar\/2023\/wp-content\/uploads\/2025\/07\/central.jpg",1024,683,false],"covernews-medium":["https:\/\/deportodos.com.ar\/2023\/wp-content\/uploads\/2025\/07\/central-540x340.jpg",540,340,true]},"author_info":{"display_name":"c2530142","author_link":"https:\/\/deportodos.com.ar\/2023\/author\/c2530142\/"},"category_info":"<a href=\"https:\/\/deportodos.com.ar\/2023\/category\/basquet\/\" rel=\"category tag\">Basquet<\/a>","tag_info":"Basquet","comment_count":"0","_links":{"self":[{"href":"https:\/\/deportodos.com.ar\/2023\/wp-json\/wp\/v2\/posts\/3810","targetHints":{"allow":["GET"]}}],"collection":[{"href":"https:\/\/deportodos.com.ar\/2023\/wp-json\/wp\/v2\/posts"}],"about":[{"href":"https:\/\/deportodos.com.ar\/2023\/wp-json\/wp\/v2\/types\/post"}],"author":[{"embeddable":true,"href":"https:\/\/deportodos.com.ar\/2023\/wp-json\/wp\/v2\/users\/2"}],"replies":[{"embeddable":true,"href":"https:\/\/deportodos.com.ar\/2023\/wp-json\/wp\/v2\/comments?post=3810"}],"version-history":[{"count":1,"href":"https:\/\/deportodos.com.ar\/2023\/wp-json\/wp\/v2\/posts\/3810\/revisions"}],"predecessor-version":[{"id":3812,"href":"https:\/\/deportodos.com.ar\/2023\/wp-json\/wp\/v2\/posts\/3810\/revisions\/3812"}],"wp:featuredmedia":[{"embeddable":true,"href":"https:\/\/deportodos.com.ar\/2023\/wp-json\/wp\/v2\/media\/3811"}],"wp:attachment":[{"href":"https:\/\/deportodos.com.ar\/2023\/wp-json\/wp\/v2\/media?parent=3810"}],"wp:term":[{"taxonomy":"category","embeddable":true,"href":"https:\/\/deportodos.com.ar\/2023\/wp-json\/wp\/v2\/categories?post=3810"},{"taxonomy":"post_tag","embeddable":true,"href":"https:\/\/deportodos.com.ar\/2023\/wp-json\/wp\/v2\/tags?post=3810"}],"curies":[{"name":"wp","href":"https:\/\/api.w.org\/{rel}","templated":true}]}}