{"id":3819,"date":"2025-07-09T23:27:25","date_gmt":"2025-07-09T23:27:25","guid":{"rendered":"https:\/\/deportodos.com.ar\/2023\/?p=3819"},"modified":"2025-07-09T23:27:26","modified_gmt":"2025-07-09T23:27:26","slug":"duatlon-provincial-se-corre-en-colonia-ayui-la-tercera-fecha","status":"publish","type":"post","link":"https:\/\/deportodos.com.ar\/2023\/duatlon-provincial-se-corre-en-colonia-ayui-la-tercera-fecha\/","title":{"rendered":"DUATLON PROVINCIAL: SE CORRE EN COLONIA AYUI LA TERCERA FECHA"},"content":{"rendered":"\n<p>Este s\u00e1bado en Colonia Ayui a partir de las 15 hs. se llevar\u00e1 a cabo la tercera fecha del Circuito Provincial de Duatlon Jeep en una distancia sprint, es decir, 5 kil\u00f3metros de pedestrismo, 20 de ciclismo y 2500 metros de pedestrismo.<\/p>\n\n\n\n<p>Esta hermosa localidad del departamento Concordia, recibir\u00e1 por tercer a\u00f1o consecutivo a este Circuito en un trazado muy pintoresco y en excelentes condiciones para ambas disciplinas, lo cual lo hace muy atractivo.<\/p>\n\n\n\n<p>Cabe destacar que en esta fecha estar\u00e1n participando los actuales campeones del Circuito que son el concordiense Alejandro Ricagno y la representante de Concepci\u00f3n del Uruguay, Karen Zagursky, quienes hasta el momento no hab\u00edan estado presentes.<\/p>\n\n\n\n<p>Por otro lado recordamos que las dos primeras fechas tuvo entre los varones a un claro ganador que fue el uruguayo de Paysand\u00fa Mat\u00edas G\u00f3mez, qui\u00e9n se impuso en ambas carreras de punta a punta y se perfila como serio candidato a quedarse este a\u00f1o con el campeonato. Entre las damas hubo distintas ganadoras, ya que en Chajar\u00ed se impuso la local Judith Marsilli, mientras que en Federal gan\u00f3 la concordiense Ana Mar\u00eda Brunini.<\/p>\n\n\n\n<p>La organizaci\u00f3n estar\u00e1 a cargo de la Asociaci\u00f3n Concordiense de Pruebas Combinadas y se cuenta con el apoyo del Municipio de Colonia Ayui que gustosamente recibe a este Circuito.<\/p>\n\n\n\n<p>Toda la info e inscripciones se encuentran en:&nbsp;<a href=\"http:\/\/www.encarrera.com.ar\/duatlon\" rel=\"noreferrer noopener\" target=\"_blank\">www.encarrera.com.ar\/duatlon<\/a>&nbsp;, y se recuerda que este viernes habr\u00e1 inscripci\u00f3n presencial para concordienses en Lauria Rodados.<\/p>\n\n\n\n<p>PRENSA A.C.P.C.<\/p>\n","protected":false},"excerpt":{"rendered":"<p>Este s\u00e1bado en Colonia Ayui a partir de las 15 hs. se llevar\u00e1 a cabo&#8230;<\/p>\n","protected":false},"author":2,"featured_media":3820,"comment_status":"open","ping_status":"open","sticky":false,"template":"","format":"standard","meta":{"footnotes":""},"categories":[18],"tags":[],"class_list":["post-3819","post","type-post","status-publish","format-standard","has-post-thumbnail","hentry","category-duatlon"],"featured_image_urls":{"full":["https:\/\/deportodos.com.ar\/2023\/wp-content\/uploads\/2025\/07\/Gomez-y-Pelichero.jpg",721,1080,false],"thumbnail":["https:\/\/deportodos.com.ar\/2023\/wp-content\/uploads\/2025\/07\/Gomez-y-Pelichero-150x150.jpg",150,150,true],"medium":["https:\/\/deportodos.com.ar\/2023\/wp-content\/uploads\/2025\/07\/Gomez-y-Pelichero-200x300.jpg",200,300,true],"medium_large":["https:\/\/deportodos.com.ar\/2023\/wp-content\/uploads\/2025\/07\/Gomez-y-Pelichero.jpg",640,959,false],"large":["https:\/\/deportodos.com.ar\/2023\/wp-content\/uploads\/2025\/07\/Gomez-y-Pelichero-684x1024.jpg",640,958,true],"1536x1536":["https:\/\/deportodos.com.ar\/2023\/wp-content\/uploads\/2025\/07\/Gomez-y-Pelichero.jpg",721,1080,false],"2048x2048":["https:\/\/deportodos.com.ar\/2023\/wp-content\/uploads\/2025\/07\/Gomez-y-Pelichero.jpg",721,1080,false],"covernews-featured":["https:\/\/deportodos.com.ar\/2023\/wp-content\/uploads\/2025\/07\/Gomez-y-Pelichero.jpg",721,1080,false],"covernews-medium":["https:\/\/deportodos.com.ar\/2023\/wp-content\/uploads\/2025\/07\/Gomez-y-Pelichero-540x340.jpg",540,340,true]},"author_info":{"display_name":"c2530142","author_link":"https:\/\/deportodos.com.ar\/2023\/author\/c2530142\/"},"category_info":"<a href=\"https:\/\/deportodos.com.ar\/2023\/category\/duatlon\/\" rel=\"category tag\">Duatlon<\/a>","tag_info":"Duatlon","comment_count":"0","_links":{"self":[{"href":"https:\/\/deportodos.com.ar\/2023\/wp-json\/wp\/v2\/posts\/3819","targetHints":{"allow":["GET"]}}],"collection":[{"href":"https:\/\/deportodos.com.ar\/2023\/wp-json\/wp\/v2\/posts"}],"about":[{"href":"https:\/\/deportodos.com.ar\/2023\/wp-json\/wp\/v2\/types\/post"}],"author":[{"embeddable":true,"href":"https:\/\/deportodos.com.ar\/2023\/wp-json\/wp\/v2\/users\/2"}],"replies":[{"embeddable":true,"href":"https:\/\/deportodos.com.ar\/2023\/wp-json\/wp\/v2\/comments?post=3819"}],"version-history":[{"count":1,"href":"https:\/\/deportodos.com.ar\/2023\/wp-json\/wp\/v2\/posts\/3819\/revisions"}],"predecessor-version":[{"id":3821,"href":"https:\/\/deportodos.com.ar\/2023\/wp-json\/wp\/v2\/posts\/3819\/revisions\/3821"}],"wp:featuredmedia":[{"embeddable":true,"href":"https:\/\/deportodos.com.ar\/2023\/wp-json\/wp\/v2\/media\/3820"}],"wp:attachment":[{"href":"https:\/\/deportodos.com.ar\/2023\/wp-json\/wp\/v2\/media?parent=3819"}],"wp:term":[{"taxonomy":"category","embeddable":true,"href":"https:\/\/deportodos.com.ar\/2023\/wp-json\/wp\/v2\/categories?post=3819"},{"taxonomy":"post_tag","embeddable":true,"href":"https:\/\/deportodos.com.ar\/2023\/wp-json\/wp\/v2\/tags?post=3819"}],"curies":[{"name":"wp","href":"https:\/\/api.w.org\/{rel}","templated":true}]}}