{"id":3842,"date":"2025-07-10T03:03:27","date_gmt":"2025-07-10T03:03:27","guid":{"rendered":"https:\/\/deportodos.com.ar\/2023\/?p=3842"},"modified":"2025-07-10T03:03:31","modified_gmt":"2025-07-10T03:03:31","slug":"se-viene-el-tc-en-concepcion-del-uruguay","status":"publish","type":"post","link":"https:\/\/deportodos.com.ar\/2023\/se-viene-el-tc-en-concepcion-del-uruguay\/","title":{"rendered":"SE VIENE EL TC EN CONCEPCI\u00d3N DEL URUGUAY"},"content":{"rendered":"\n<p>El Turismo Carretera transita el \u00faltimo tramo de la etapa regular y este 12 y 13 de julio, en el Aut\u00f3dromo Concepci\u00f3n del Uruguay, se llevar\u00e1 a cabo la octava fecha del campeonato 2025, que tiene en lo m\u00e1s alto a Mauricio Lambiris.<\/p>\n\n\n\n<p>Ser\u00e1 la 12\u00b0 carrera de la categor\u00eda m\u00e1s importante del pa\u00eds en el circuito entrerriano, trazado que inaugur\u00f3 el TC en 2014.<\/p>\n\n\n\n<p>La primera vez, en la apertura del aut\u00f3dromo, fue el 18 de mayo del 2014. El Turismo Carretera inaugur\u00f3 un nuevo circuito, dentro de tantos que lo hizo, en lo que fue la sexta fecha del certamen. El ganador all\u00ed fue Mat\u00edas Rossi, qui\u00e9n ese a\u00f1o se quedar\u00eda con la corona, arriba de un Chevrolet del LCA Racing.<\/p>\n\n\n\n<p>En 2016, y por \u00fanica vez hasta el momento, el Turismo Carretera visit\u00f3 al aut\u00f3dromo de Concepci\u00f3n del Uruguay en dos oportunidades en su calendario. Primero lo hizo en la fecha 9, que el vencedor fue Luis Jos\u00e9 Di Palma, arriba de un Torino, y luego, en el 13\u00b0 compromiso, fue el turno de Guillermo Ortelli, que, dos meses despu\u00e9s, lograr\u00eda la s\u00e9ptima corona en su vitrina.<\/p>\n\n\n\n<p>En cuanto a las marcas, hay un triple empate: Chevrolet, Torino y Dodge lograron tres triunfos cada uno. Ford tiene dos victorias; mientras que Toyota no registra \u00e9xitos. Mustang es el \u00fanico modelo de nueva generaci\u00f3n que ha ganado en el aut\u00f3dromo de Concepci\u00f3n del Uruguay.<\/p>\n\n\n\n<p><strong>Fuente: Ahora<\/strong><\/p>\n","protected":false},"excerpt":{"rendered":"<p>El Turismo Carretera transita el \u00faltimo tramo de la etapa regular y este 12 y&#8230;<\/p>\n","protected":false},"author":2,"featured_media":3843,"comment_status":"open","ping_status":"open","sticky":false,"template":"","format":"standard","meta":{"footnotes":""},"categories":[6],"tags":[],"class_list":["post-3842","post","type-post","status-publish","format-standard","has-post-thumbnail","hentry","category-automovilismo"],"featured_image_urls":{"full":["https:\/\/deportodos.com.ar\/2023\/wp-content\/uploads\/2025\/07\/md.webp",992,661,false],"thumbnail":["https:\/\/deportodos.com.ar\/2023\/wp-content\/uploads\/2025\/07\/md-150x150.webp",150,150,true],"medium":["https:\/\/deportodos.com.ar\/2023\/wp-content\/uploads\/2025\/07\/md-300x200.webp",300,200,true],"medium_large":["https:\/\/deportodos.com.ar\/2023\/wp-content\/uploads\/2025\/07\/md-768x512.webp",640,427,true],"large":["https:\/\/deportodos.com.ar\/2023\/wp-content\/uploads\/2025\/07\/md.webp",640,426,false],"1536x1536":["https:\/\/deportodos.com.ar\/2023\/wp-content\/uploads\/2025\/07\/md.webp",992,661,false],"2048x2048":["https:\/\/deportodos.com.ar\/2023\/wp-content\/uploads\/2025\/07\/md.webp",992,661,false],"covernews-featured":["https:\/\/deportodos.com.ar\/2023\/wp-content\/uploads\/2025\/07\/md.webp",992,661,false],"covernews-medium":["https:\/\/deportodos.com.ar\/2023\/wp-content\/uploads\/2025\/07\/md-540x340.webp",540,340,true]},"author_info":{"display_name":"c2530142","author_link":"https:\/\/deportodos.com.ar\/2023\/author\/c2530142\/"},"category_info":"<a href=\"https:\/\/deportodos.com.ar\/2023\/category\/automovilismo\/\" rel=\"category tag\">Automovilismo<\/a>","tag_info":"Automovilismo","comment_count":"0","_links":{"self":[{"href":"https:\/\/deportodos.com.ar\/2023\/wp-json\/wp\/v2\/posts\/3842","targetHints":{"allow":["GET"]}}],"collection":[{"href":"https:\/\/deportodos.com.ar\/2023\/wp-json\/wp\/v2\/posts"}],"about":[{"href":"https:\/\/deportodos.com.ar\/2023\/wp-json\/wp\/v2\/types\/post"}],"author":[{"embeddable":true,"href":"https:\/\/deportodos.com.ar\/2023\/wp-json\/wp\/v2\/users\/2"}],"replies":[{"embeddable":true,"href":"https:\/\/deportodos.com.ar\/2023\/wp-json\/wp\/v2\/comments?post=3842"}],"version-history":[{"count":1,"href":"https:\/\/deportodos.com.ar\/2023\/wp-json\/wp\/v2\/posts\/3842\/revisions"}],"predecessor-version":[{"id":3844,"href":"https:\/\/deportodos.com.ar\/2023\/wp-json\/wp\/v2\/posts\/3842\/revisions\/3844"}],"wp:featuredmedia":[{"embeddable":true,"href":"https:\/\/deportodos.com.ar\/2023\/wp-json\/wp\/v2\/media\/3843"}],"wp:attachment":[{"href":"https:\/\/deportodos.com.ar\/2023\/wp-json\/wp\/v2\/media?parent=3842"}],"wp:term":[{"taxonomy":"category","embeddable":true,"href":"https:\/\/deportodos.com.ar\/2023\/wp-json\/wp\/v2\/categories?post=3842"},{"taxonomy":"post_tag","embeddable":true,"href":"https:\/\/deportodos.com.ar\/2023\/wp-json\/wp\/v2\/tags?post=3842"}],"curies":[{"name":"wp","href":"https:\/\/api.w.org\/{rel}","templated":true}]}}