{"id":3846,"date":"2025-07-11T16:00:36","date_gmt":"2025-07-11T16:00:36","guid":{"rendered":"https:\/\/deportodos.com.ar\/2023\/?p=3846"},"modified":"2025-07-11T16:00:37","modified_gmt":"2025-07-11T16:00:37","slug":"se-viene-la-carrera-olimpica-cruce-del-tunel-subfluvial-con-fines-solidarios","status":"publish","type":"post","link":"https:\/\/deportodos.com.ar\/2023\/se-viene-la-carrera-olimpica-cruce-del-tunel-subfluvial-con-fines-solidarios\/","title":{"rendered":"SE VIENE LA CARRERA OL\u00cdMPICA CRUCE DEL T\u00daNEL SUBFLUVIAL CON FINES SOLIDARIOS"},"content":{"rendered":"\n<p>Practicar deporte, recorrer por dentro un t\u00fanel subfluvial y, a la vez, ayudar a personas con necesidades b\u00e1sicas tiene una posibilidad \u00fanica este domingo 13 de julio. En Paran\u00e1, se desarrollar\u00e1 la carrera pedestre Cruce del T\u00fanel Subfluvial, que conectar\u00e1 a lo largo de 10 kil\u00f3metros el peaje del ducto del lado Santa Fe con calles de la ribera de Paran\u00e1 hasta finalizar en la Plaza de las Colectividades.<\/p>\n\n\n\n<p>Ser\u00e1 a partir de las 9 y se enmarca en las IV Olimpiadas de C\u00edrculos de Suboficiales y Agentes de Polic\u00eda por lo cual, adem\u00e1s de los corredores locales y de la regi\u00f3n, se espera a importantes exponentes del pedestrismo de todo el pa\u00eds.<\/p>\n\n\n\n<p>La iniciativa tiene, adem\u00e1s de su faceta deportiva competitiva, una recreativa, ya que la iniciativa tambi\u00e9n incluye una distancia de cinco kil\u00f3metros (desde el peaje del lado Paran\u00e1 y hasta la Plaza de las Colectividades).<\/p>\n\n\n\n<p>Pero m\u00e1s distintivo es a\u00fan el cariz solidario, puesto que con la inscripci\u00f3n se colectar\u00e1 leche larga vida para donar a la organizaci\u00f3n no gubernamental Suma de Voluntades, que acompa\u00f1a y apoya a familias en situaci\u00f3n de extrema vulnerabilidad.<\/p>\n\n\n\n<p>As\u00ed, los corazones solidarios pueden optar por la distancia a recorrer y acercar su donaci\u00f3n al epicentro de la actividad, que estar\u00e1 dispuesto en la Plaza de las Colectividades (rotonda del Puerto Nuevo).<\/p>\n\n\n\n<p><strong>DATOS DE INTER\u00c9S<\/strong><\/p>\n\n\n\n<p>La iniciativa parte del C\u00edrculo de Suboficiales y Agentes de la Polic\u00eda de Entre R\u00edos (Cisaper), entidad que, para la ocasi\u00f3n, contar\u00e1 con el aporte de la agrupaci\u00f3n Costa R\u00edo Paran\u00e1 para la coordinaci\u00f3n de la marcha pedestre. A estas se sumar\u00e1n las estructuras organizativas de Suma de Voluntades y fuerzas de seguridad para controlar el tr\u00e1nsito.<\/p>\n\n\n\n<p>Desde la organizaci\u00f3n se destac\u00f3 que las inscripciones deben realizarse v\u00eda online y que el retiro de kit ser\u00e1 en la Plaza de las Colectividades. En el caso de los residentes en Paran\u00e1, el s\u00e1bado, entre las 16 y las 19; en el caso de los visitantes, el domingo, a las 7.30.<\/p>\n\n\n\n<p>Seg\u00fan se adelant\u00f3, se dispondr\u00e1 de colectivos para trasladar a los participantes al punto de inicio.<\/p>\n\n\n\n<p><strong>FICHA DE CARRERA<\/strong><\/p>\n\n\n\n<p>Carrera Cruce del T\u00fanel Subfluvial<\/p>\n\n\n\n<p>D\u00eda de realizaci\u00f3n: domingo 13 de julio.<\/p>\n\n\n\n<p>Concentraci\u00f3n: 7.30 en Plaza de las Colectividades.<\/p>\n\n\n\n<p>Inicio de 10K (competitiva): a las 9, en cabecera Santa Fe del T\u00fanel Subfluvial.<\/p>\n\n\n\n<p>Inicio de 5K (recreativa): pasadas las 9, en cabecera Paran\u00e1 del T\u00fanel Subfluvial.<\/p>\n\n\n\n<p>Finalizaci\u00f3n: Plaza de las Colectividades (rotonda del Puerto Nuevo).<\/p>\n\n\n\n<p>A beneficio de Suma de Voluntades.<\/p>\n\n\n\n<p><strong>Inscripci\u00f3n<\/strong><\/p>\n\n\n\n<p>V\u00eda online en: www.cronofrancolini.com.ar\/maratonolimpicacisaper.html.<\/p>\n\n\n\n<p>Importante: una vez realizado el pago, enviar comprobante mediante mensaje telef\u00f3nico al n\u00famero +549 343 404-5397.<\/p>\n\n\n\n<p><strong>Valores<\/strong><\/p>\n\n\n\n<p>Distancia 10K: $20.000 + 1 litro de leche larga vida (incluye remera).<\/p>\n\n\n\n<p>Distancia 5K: $3.000 + 1 litro de leche larga vida (no incluye remera).<\/p>\n\n\n\n<p><strong>Premios<\/strong><\/p>\n\n\n\n<p>Distancia 10K: tres primeros de la clasificaci\u00f3n general y tres primeros de cada categor\u00eda, en cada rama (no acumulativos).<\/p>\n\n\n\n<p>Distancia 5K: tres primeros de la clasificaci\u00f3n general, en cada rama<\/p>\n\n\n\n<blockquote class=\"wp-block-quote is-layout-flow wp-block-quote-is-layout-flow\">\n<p>www.miradorprovincial.com<\/p>\n<\/blockquote>\n","protected":false},"excerpt":{"rendered":"<p>Practicar deporte, recorrer por dentro un t\u00fanel subfluvial y, a la vez, ayudar a personas&#8230;<\/p>\n","protected":false},"author":2,"featured_media":3847,"comment_status":"open","ping_status":"open","sticky":false,"template":"","format":"standard","meta":{"footnotes":""},"categories":[5],"tags":[],"class_list":["post-3846","post","type-post","status-publish","format-standard","has-post-thumbnail","hentry","category-atletismo"],"featured_image_urls":{"full":["https:\/\/deportodos.com.ar\/2023\/wp-content\/uploads\/2025\/07\/cruce-tunel.jpg",1024,680,false],"thumbnail":["https:\/\/deportodos.com.ar\/2023\/wp-content\/uploads\/2025\/07\/cruce-tunel-150x150.jpg",150,150,true],"medium":["https:\/\/deportodos.com.ar\/2023\/wp-content\/uploads\/2025\/07\/cruce-tunel-300x199.jpg",300,199,true],"medium_large":["https:\/\/deportodos.com.ar\/2023\/wp-content\/uploads\/2025\/07\/cruce-tunel-768x510.jpg",640,425,true],"large":["https:\/\/deportodos.com.ar\/2023\/wp-content\/uploads\/2025\/07\/cruce-tunel.jpg",640,425,false],"1536x1536":["https:\/\/deportodos.com.ar\/2023\/wp-content\/uploads\/2025\/07\/cruce-tunel.jpg",1024,680,false],"2048x2048":["https:\/\/deportodos.com.ar\/2023\/wp-content\/uploads\/2025\/07\/cruce-tunel.jpg",1024,680,false],"covernews-featured":["https:\/\/deportodos.com.ar\/2023\/wp-content\/uploads\/2025\/07\/cruce-tunel.jpg",1024,680,false],"covernews-medium":["https:\/\/deportodos.com.ar\/2023\/wp-content\/uploads\/2025\/07\/cruce-tunel-540x340.jpg",540,340,true]},"author_info":{"display_name":"c2530142","author_link":"https:\/\/deportodos.com.ar\/2023\/author\/c2530142\/"},"category_info":"<a href=\"https:\/\/deportodos.com.ar\/2023\/category\/atletismo\/\" rel=\"category tag\">Atletismo<\/a>","tag_info":"Atletismo","comment_count":"0","_links":{"self":[{"href":"https:\/\/deportodos.com.ar\/2023\/wp-json\/wp\/v2\/posts\/3846","targetHints":{"allow":["GET"]}}],"collection":[{"href":"https:\/\/deportodos.com.ar\/2023\/wp-json\/wp\/v2\/posts"}],"about":[{"href":"https:\/\/deportodos.com.ar\/2023\/wp-json\/wp\/v2\/types\/post"}],"author":[{"embeddable":true,"href":"https:\/\/deportodos.com.ar\/2023\/wp-json\/wp\/v2\/users\/2"}],"replies":[{"embeddable":true,"href":"https:\/\/deportodos.com.ar\/2023\/wp-json\/wp\/v2\/comments?post=3846"}],"version-history":[{"count":1,"href":"https:\/\/deportodos.com.ar\/2023\/wp-json\/wp\/v2\/posts\/3846\/revisions"}],"predecessor-version":[{"id":3848,"href":"https:\/\/deportodos.com.ar\/2023\/wp-json\/wp\/v2\/posts\/3846\/revisions\/3848"}],"wp:featuredmedia":[{"embeddable":true,"href":"https:\/\/deportodos.com.ar\/2023\/wp-json\/wp\/v2\/media\/3847"}],"wp:attachment":[{"href":"https:\/\/deportodos.com.ar\/2023\/wp-json\/wp\/v2\/media?parent=3846"}],"wp:term":[{"taxonomy":"category","embeddable":true,"href":"https:\/\/deportodos.com.ar\/2023\/wp-json\/wp\/v2\/categories?post=3846"},{"taxonomy":"post_tag","embeddable":true,"href":"https:\/\/deportodos.com.ar\/2023\/wp-json\/wp\/v2\/tags?post=3846"}],"curies":[{"name":"wp","href":"https:\/\/api.w.org\/{rel}","templated":true}]}}