{"id":3852,"date":"2025-07-13T21:48:12","date_gmt":"2025-07-13T21:48:12","guid":{"rendered":"https:\/\/deportodos.com.ar\/2023\/?p=3852"},"modified":"2025-07-13T21:48:15","modified_gmt":"2025-07-13T21:48:15","slug":"el-lobo-entrerriano-jugara-la-revalida-tras-la-derrota-en-chivilcoy","status":"publish","type":"post","link":"https:\/\/deportodos.com.ar\/2023\/el-lobo-entrerriano-jugara-la-revalida-tras-la-derrota-en-chivilcoy\/","title":{"rendered":"EL LOBO ENTRERRIANO JUGAR\u00c1 LA REV\u00c1LIDA TRAS LA DERROTA EN CHIVILCOY"},"content":{"rendered":"\n<p>Termin\u00f3 el campeonato regular en la zona 3. El Lobo entrerriano deb\u00eda ganar si o si y esperar resultados favorables en los otros encuentros. Nada de eso sucedi\u00f3, porque el equipo de G\u00f3mez cay\u00f3 por un penal muy protestado por los jugadores del equipo visitante, quienes se quejaron por la labor de la terna arbitral encabezada por el correntino Leonardo Emanuel Billanueva.<\/p>\n\n\n\n<p>El penal ejecutado con mucha frialdad por parte de Germ\u00e1n Sosa puso las cifras definitivas y mand\u00f3 al Lobo entrerriano a jugar la Rev\u00e1lida para sostenerla categor\u00eda, para los locales fue la primera vitoria en casa en esta fas de partidos de vuelta.<\/p>\n\n\n\n<p>El partido tuvo tramos entretenidos con llegadas de ambos lados.<\/p>\n\n\n\n<p>Para los de Concepci\u00f3n del Uruguay tendr\u00e1 que descansar y alistar a su tropa para lo que viene. En comparaci\u00f3n a lo sucedido el a\u00f1o pasado llega mucho mejor, con un estilo mucho m\u00e1s ofensivo, de hacer una buena labor puede aspirar a meterse en la reclasificaci\u00f3n para pelear por un ascenso inclusive.<\/p>\n\n\n\n<p>En los pr\u00f3ximos d\u00edas se proceder\u00e1 al sorteo para saber c\u00f3mo ser\u00e1n los partidos.<\/p>\n\n\n\n<blockquote class=\"wp-block-quote is-layout-flow wp-block-quote-is-layout-flow\">\n<p>www.elmiercolesdigital.com.ar<\/p>\n<\/blockquote>\n","protected":false},"excerpt":{"rendered":"<p>Termin\u00f3 el campeonato regular en la zona 3. El Lobo entrerriano deb\u00eda ganar si o&#8230;<\/p>\n","protected":false},"author":2,"featured_media":3853,"comment_status":"open","ping_status":"open","sticky":false,"template":"","format":"standard","meta":{"footnotes":""},"categories":[36],"tags":[],"class_list":["post-3852","post","type-post","status-publish","format-standard","has-post-thumbnail","hentry","category-futbol"],"featured_image_urls":{"full":["https:\/\/deportodos.com.ar\/2023\/wp-content\/uploads\/2025\/07\/WhatsApp-Image-2025-07-13-at-6.16.22-PM-e1752441727648-660x330-1.jpeg",660,330,false],"thumbnail":["https:\/\/deportodos.com.ar\/2023\/wp-content\/uploads\/2025\/07\/WhatsApp-Image-2025-07-13-at-6.16.22-PM-e1752441727648-660x330-1-150x150.jpeg",150,150,true],"medium":["https:\/\/deportodos.com.ar\/2023\/wp-content\/uploads\/2025\/07\/WhatsApp-Image-2025-07-13-at-6.16.22-PM-e1752441727648-660x330-1-300x150.jpeg",300,150,true],"medium_large":["https:\/\/deportodos.com.ar\/2023\/wp-content\/uploads\/2025\/07\/WhatsApp-Image-2025-07-13-at-6.16.22-PM-e1752441727648-660x330-1.jpeg",640,320,false],"large":["https:\/\/deportodos.com.ar\/2023\/wp-content\/uploads\/2025\/07\/WhatsApp-Image-2025-07-13-at-6.16.22-PM-e1752441727648-660x330-1.jpeg",640,320,false],"1536x1536":["https:\/\/deportodos.com.ar\/2023\/wp-content\/uploads\/2025\/07\/WhatsApp-Image-2025-07-13-at-6.16.22-PM-e1752441727648-660x330-1.jpeg",660,330,false],"2048x2048":["https:\/\/deportodos.com.ar\/2023\/wp-content\/uploads\/2025\/07\/WhatsApp-Image-2025-07-13-at-6.16.22-PM-e1752441727648-660x330-1.jpeg",660,330,false],"covernews-featured":["https:\/\/deportodos.com.ar\/2023\/wp-content\/uploads\/2025\/07\/WhatsApp-Image-2025-07-13-at-6.16.22-PM-e1752441727648-660x330-1.jpeg",660,330,false],"covernews-medium":["https:\/\/deportodos.com.ar\/2023\/wp-content\/uploads\/2025\/07\/WhatsApp-Image-2025-07-13-at-6.16.22-PM-e1752441727648-660x330-1-540x330.jpeg",540,330,true]},"author_info":{"display_name":"c2530142","author_link":"https:\/\/deportodos.com.ar\/2023\/author\/c2530142\/"},"category_info":"<a href=\"https:\/\/deportodos.com.ar\/2023\/category\/futbol\/\" rel=\"category tag\">Futbol<\/a>","tag_info":"Futbol","comment_count":"0","_links":{"self":[{"href":"https:\/\/deportodos.com.ar\/2023\/wp-json\/wp\/v2\/posts\/3852","targetHints":{"allow":["GET"]}}],"collection":[{"href":"https:\/\/deportodos.com.ar\/2023\/wp-json\/wp\/v2\/posts"}],"about":[{"href":"https:\/\/deportodos.com.ar\/2023\/wp-json\/wp\/v2\/types\/post"}],"author":[{"embeddable":true,"href":"https:\/\/deportodos.com.ar\/2023\/wp-json\/wp\/v2\/users\/2"}],"replies":[{"embeddable":true,"href":"https:\/\/deportodos.com.ar\/2023\/wp-json\/wp\/v2\/comments?post=3852"}],"version-history":[{"count":1,"href":"https:\/\/deportodos.com.ar\/2023\/wp-json\/wp\/v2\/posts\/3852\/revisions"}],"predecessor-version":[{"id":3854,"href":"https:\/\/deportodos.com.ar\/2023\/wp-json\/wp\/v2\/posts\/3852\/revisions\/3854"}],"wp:featuredmedia":[{"embeddable":true,"href":"https:\/\/deportodos.com.ar\/2023\/wp-json\/wp\/v2\/media\/3853"}],"wp:attachment":[{"href":"https:\/\/deportodos.com.ar\/2023\/wp-json\/wp\/v2\/media?parent=3852"}],"wp:term":[{"taxonomy":"category","embeddable":true,"href":"https:\/\/deportodos.com.ar\/2023\/wp-json\/wp\/v2\/categories?post=3852"},{"taxonomy":"post_tag","embeddable":true,"href":"https:\/\/deportodos.com.ar\/2023\/wp-json\/wp\/v2\/tags?post=3852"}],"curies":[{"name":"wp","href":"https:\/\/api.w.org\/{rel}","templated":true}]}}