{"id":3858,"date":"2025-07-13T23:27:31","date_gmt":"2025-07-13T23:27:31","guid":{"rendered":"https:\/\/deportodos.com.ar\/2023\/?p=3858"},"modified":"2025-07-13T23:27:34","modified_gmt":"2025-07-13T23:27:34","slug":"agustin-canapino-gano-la-carrera-del-tc-en-concepcion-del-uruguay","status":"publish","type":"post","link":"https:\/\/deportodos.com.ar\/2023\/agustin-canapino-gano-la-carrera-del-tc-en-concepcion-del-uruguay\/","title":{"rendered":"AGUST\u00cdN CANAPINO GAN\u00d3 LA CARRERA DEL TC EN CONCEPCI\u00d3N DEL URUGUAY"},"content":{"rendered":"\n<p>Este domingo se disput\u00f3 la octava final de la temporada del Turismo Carretera. En el aut\u00f3dromo de Concepci\u00f3n del Uruguay, los pilotos de la principal categor\u00eda de automovilismo a nivel nacional salieron a medirse en la pista. La actividad de la jornada comenz\u00f3 con las series y concluy\u00f3 con la final.<\/p>\n\n\n\n<p>Con los resultados finales,<strong>&nbsp;el l\u00edder en la final fue Agust\u00edn Canapino, seguido por Germ\u00e1n Todino y Juli\u00e1n Santero.&nbsp;<\/strong>Y as\u00ed como empezaron, terminaron.&nbsp;<strong>La carrera fue lineal y luego de 35 minutos, 56 segundos y 168 mil\u00e9simas de competencia el ganador fue Canapa.&nbsp;<\/strong>Lo siguieron Todino y Santero, que sumaron buenos puntos para el campeonato.<\/p>\n\n\n\n<p>El paranaense&nbsp;<strong>Mariano Werner subi\u00f3 dos lugares y acab\u00f3 en el 13\u00b0 puesto<\/strong>, mientras que&nbsp;<strong>Nicol\u00e1s Bonelli mantuvo el puesto de largada y acab\u00f3 en el 16\u00b0 lugar.<\/strong>&nbsp;Ambos sumaron para el torneo, pero de momento est\u00e1n fuera de la Copa de Oro.<\/p>\n\n\n\n<p>El l\u00edder del campeonato es<strong>&nbsp;Santero<\/strong>&nbsp;con 216,5 puntos, pero todav\u00eda no tiene la victoria. Lo siguen&nbsp;<strong>Mauricio Lambiris y Marcelo Agrelo<\/strong>&nbsp;con 214 y 208 unidades. Canapino, que gan\u00f3 en la final de este domingo, est\u00e1 cuarto con 197,5.&nbsp;<strong>Los entrerrianos Bonelli, Werner y Agust\u00edn Mart\u00ednez (ausente en esta carrera tras su tremendo accidente en TC Pick Up) est\u00e1n 14\u00b0, 16\u00b0 y 17\u00b0, respectivamente.&nbsp;<\/strong>Solo Werner cuenta con la victoria necesaria para poder ser campe\u00f3n.<\/p>\n\n\n\n<p>La pr\u00f3xima final de la temporada ser\u00e1 el fin de semana del<strong>&nbsp;10 de agosto en el aut\u00f3dromo San Juan Villicum.<\/strong><\/p>\n\n\n\n<p><strong>Resultados | Turismo Carretera | Fecha 8 (en Concepci\u00f3n del Uruguay)<\/strong><\/p>\n\n\n\n<p>1\u00b0) Agust\u00edn Canapino (Chevrolet): 35\u201956\u201d168\/1000.<br>2\u00b0) Germ\u00e1n Todino (Ford): a 1\u201d96\/1000.<br>3\u00b0) Juli\u00e1n Santero (Ford): a 5\u201d638\/1000.<br>4\u00b0) Marcelo Agrelo (Toyota): a 6\u201d890\/1000.<br>5\u00b0) Ignacio Fa\u00edn (Torino): a 19\u201d219\/1000.<br>13\u00b0) Mariano Werner (Ford): a 39\u201d142\/1000.<br>16\u00b0) Nicol\u00e1s Bonelli (Ford): a 43\u201d280\/1000.<\/p>\n\n\n\n<p><strong>Campeonato | Turismo Carretera<\/strong><\/p>\n\n\n\n<p>1\u00b0) Juli\u00e1n Santero (Ford): 216,5 puntos.<br>2\u00b0) Mauricio Lambiris (Ford): 214.<br>3\u00b0) Marcelo Agrelo (Toyota): 208.<br>4\u00b0) Agust\u00edn Canapino (Chevrolet): 197,5.<br>5\u00b0) Juan Trucco (Dodge): 189.<br>14\u00b0) Nicol\u00e1s Bonelli (Ford): 138.<br>16\u00b0) Mariano Werner (Ford): 136.<br>17\u00b0) Agust\u00edn Mart\u00ednez (Ford): 130,5.<\/p>\n\n\n\n<p>Fuente: An\u00e1lisis<\/p>\n","protected":false},"excerpt":{"rendered":"<p>Este domingo se disput\u00f3 la octava final de la temporada del Turismo Carretera. En el&#8230;<\/p>\n","protected":false},"author":2,"featured_media":3859,"comment_status":"open","ping_status":"open","sticky":false,"template":"","format":"standard","meta":{"footnotes":""},"categories":[6],"tags":[],"class_list":["post-3858","post","type-post","status-publish","format-standard","has-post-thumbnail","hentry","category-automovilismo"],"featured_image_urls":{"full":["https:\/\/deportodos.com.ar\/2023\/wp-content\/uploads\/2025\/07\/image-4-33.jpg",900,507,false],"thumbnail":["https:\/\/deportodos.com.ar\/2023\/wp-content\/uploads\/2025\/07\/image-4-33-150x150.jpg",150,150,true],"medium":["https:\/\/deportodos.com.ar\/2023\/wp-content\/uploads\/2025\/07\/image-4-33-300x169.jpg",300,169,true],"medium_large":["https:\/\/deportodos.com.ar\/2023\/wp-content\/uploads\/2025\/07\/image-4-33-768x433.jpg",640,361,true],"large":["https:\/\/deportodos.com.ar\/2023\/wp-content\/uploads\/2025\/07\/image-4-33.jpg",640,361,false],"1536x1536":["https:\/\/deportodos.com.ar\/2023\/wp-content\/uploads\/2025\/07\/image-4-33.jpg",900,507,false],"2048x2048":["https:\/\/deportodos.com.ar\/2023\/wp-content\/uploads\/2025\/07\/image-4-33.jpg",900,507,false],"covernews-featured":["https:\/\/deportodos.com.ar\/2023\/wp-content\/uploads\/2025\/07\/image-4-33.jpg",900,507,false],"covernews-medium":["https:\/\/deportodos.com.ar\/2023\/wp-content\/uploads\/2025\/07\/image-4-33-540x340.jpg",540,340,true]},"author_info":{"display_name":"c2530142","author_link":"https:\/\/deportodos.com.ar\/2023\/author\/c2530142\/"},"category_info":"<a href=\"https:\/\/deportodos.com.ar\/2023\/category\/automovilismo\/\" rel=\"category tag\">Automovilismo<\/a>","tag_info":"Automovilismo","comment_count":"0","_links":{"self":[{"href":"https:\/\/deportodos.com.ar\/2023\/wp-json\/wp\/v2\/posts\/3858","targetHints":{"allow":["GET"]}}],"collection":[{"href":"https:\/\/deportodos.com.ar\/2023\/wp-json\/wp\/v2\/posts"}],"about":[{"href":"https:\/\/deportodos.com.ar\/2023\/wp-json\/wp\/v2\/types\/post"}],"author":[{"embeddable":true,"href":"https:\/\/deportodos.com.ar\/2023\/wp-json\/wp\/v2\/users\/2"}],"replies":[{"embeddable":true,"href":"https:\/\/deportodos.com.ar\/2023\/wp-json\/wp\/v2\/comments?post=3858"}],"version-history":[{"count":1,"href":"https:\/\/deportodos.com.ar\/2023\/wp-json\/wp\/v2\/posts\/3858\/revisions"}],"predecessor-version":[{"id":3860,"href":"https:\/\/deportodos.com.ar\/2023\/wp-json\/wp\/v2\/posts\/3858\/revisions\/3860"}],"wp:featuredmedia":[{"embeddable":true,"href":"https:\/\/deportodos.com.ar\/2023\/wp-json\/wp\/v2\/media\/3859"}],"wp:attachment":[{"href":"https:\/\/deportodos.com.ar\/2023\/wp-json\/wp\/v2\/media?parent=3858"}],"wp:term":[{"taxonomy":"category","embeddable":true,"href":"https:\/\/deportodos.com.ar\/2023\/wp-json\/wp\/v2\/categories?post=3858"},{"taxonomy":"post_tag","embeddable":true,"href":"https:\/\/deportodos.com.ar\/2023\/wp-json\/wp\/v2\/tags?post=3858"}],"curies":[{"name":"wp","href":"https:\/\/api.w.org\/{rel}","templated":true}]}}