{"id":3861,"date":"2025-07-13T23:35:47","date_gmt":"2025-07-13T23:35:47","guid":{"rendered":"https:\/\/deportodos.com.ar\/2023\/?p=3861"},"modified":"2025-07-13T23:35:49","modified_gmt":"2025-07-13T23:35:49","slug":"concordia-nado-en-invierno","status":"publish","type":"post","link":"https:\/\/deportodos.com.ar\/2023\/concordia-nado-en-invierno\/","title":{"rendered":"CONCORDIA NAD\u00d3 EN INVIERNO"},"content":{"rendered":"\n<figure class=\"wp-block-image size-large\"><a href=\"https:\/\/deportodos.com.ar\/2023\/wp-content\/uploads\/2025\/07\/1000573205.jpg\"><img fetchpriority=\"high\" decoding=\"async\" width=\"1024\" height=\"683\" src=\"https:\/\/deportodos.com.ar\/2023\/wp-content\/uploads\/2025\/07\/1000573205-1024x683.jpg\" alt=\"\" class=\"wp-image-3862\" srcset=\"https:\/\/deportodos.com.ar\/2023\/wp-content\/uploads\/2025\/07\/1000573205-1024x683.jpg 1024w, https:\/\/deportodos.com.ar\/2023\/wp-content\/uploads\/2025\/07\/1000573205-300x200.jpg 300w, https:\/\/deportodos.com.ar\/2023\/wp-content\/uploads\/2025\/07\/1000573205-768x512.jpg 768w, https:\/\/deportodos.com.ar\/2023\/wp-content\/uploads\/2025\/07\/1000573205-1536x1024.jpg 1536w, https:\/\/deportodos.com.ar\/2023\/wp-content\/uploads\/2025\/07\/1000573205.jpg 1600w\" sizes=\"(max-width: 1024px) 100vw, 1024px\" \/><\/a><\/figure>\n\n\n\n<p>Tal como estaba anunciado este fin de semana se realiz\u00f3 la cuarta edici\u00f3n de CONCORDIA NADA EN INVIERNO evento de nataci\u00f3n en aguas abiertas fr\u00edas en el lago de Salto Grande, propiamente en el Camping de SIATRASAG sector del Seno Yacar\u00e9.<br>La actividad, con la concurrencia de m\u00e1s de 120 nadadores de nuestro pa\u00eds y la Rca. Oriental del Uruguay dio comienzo el d\u00eda s\u00e1bado pasado el mediod\u00eda con la recepci\u00f3n de los participantes, acreditaci\u00f3n, entrega de Kits y chips, charla informativa.<br>Despu\u00e9s de la prueba de ambientaci\u00f3n sobre 500 metros realizada a las 15hs. fue el momento para el refrigerio de cortes\u00eda. Luego la nadadora con origen en Chamical, pcia. de La Rioja, Carolina SA brindo una emotiva charla motivacional y su objetivo de homenajear, en cada nadada que realiza, a los h\u00e9roes veteranos de Malvinas.<br>La actividad se retom\u00f3 el domingo a la ma\u00f1ana con las pruebas competitivas.<br>A las 10:30 hs, ya cuando t\u00edmidamente comenzaba a asomar el sol luego de unas primeras horas del d\u00eda amenazantes de lluvia y con un lago en \u00f3ptimas condiciones con el agua a 13\u00b0 de temperatura se larg\u00f3 la prueba de 1000mts de nadadores con traje de protecci\u00f3n (neopreno), 2 minutos despu\u00e9s fue el momento de los participantes, tambi\u00e9n de 1000 metros, pero sin trajo o en cuero como se los llama en el ambiente. Quienes tuvieron que dar una vuelta sobre un circuito boyado especialmente preparado.<br>Los ganadores de la general en esta distancia fueron<br>1km sin traje 1er puesto Soledad PEREZ de Montevideo y Facundo BERARDONI de Ayacucho (BA)<br>1km con Traje 1er puesto, Carolina DZEKLEWSKY de Wilde (BA) y Eduardo FERNANDEZ Ciudad de la Costa (ROU).<\/p>\n\n\n\n<p>Finalizada esta prueba fue el momento para realizar los 2 kmts, donde los nadadores tuvieron que dar 2 vueltas al circuito y con id\u00e9ntica modalidad de largadas. Primero nadadores con traje y 2 minutos despu\u00e9s los sin traje.<br>En esta distancia los primeros puestos de la general fueron:<br>2km sin traje Silvina CROSA de Villaguay (ER) y \u00c1ngel Ariel RUIZ de Merlo (BA).<br>2km con traje Daniela CORRALES de CABA y Mauricio ARIAS DE Formosa Capital.<br>En todos los casos los deportistas fueron recibidos con una infusi\u00f3n caliente, mantas para abrigo y carpa de rehabilitaci\u00f3n calefaccionada.<br>La actividad continu\u00f3 con el almuerzo cal\u00f3rico para los nadadores, la entrega de premios para general y las distintas categor\u00edas de edades cada 10 a\u00f1os, entrega de reconocimientos y un sinn\u00famero de sorteos de obsequios de auspiciantes.<br>Los organizadores, NAF Concordia y Nataci\u00f3n Rio Uruguay, recibieron m\u00faltiples expresiones de satisfacci\u00f3n y felicitaciones por parte de los nadadores que destacaron el protocolo de seguridad, la calidad de los servicios y trofeos, la atenci\u00f3n y el escenario de realizaci\u00f3n.<br>Una vez m\u00e1s CONCORDIA NADA EN INVIERNO se posiciona como una de las pruebas m\u00e1s convocantes del calendario NAF de Argentina y al decir de los nadadores, dejando la vara muy alto.<\/p>\n\n\n\n<p>Resultados completos en Cronomet.com.ar<br>Fotos en Facebook de Nataci\u00f3n Rio Uruguay<\/p>\n\n\n\n<p><\/p>\n","protected":false},"excerpt":{"rendered":"<p>Tal como estaba anunciado este fin de semana se realiz\u00f3 la cuarta edici\u00f3n de CONCORDIA&#8230;<\/p>\n","protected":false},"author":2,"featured_media":3863,"comment_status":"open","ping_status":"open","sticky":false,"template":"","format":"standard","meta":{"footnotes":""},"categories":[54],"tags":[],"class_list":["post-3861","post","type-post","status-publish","format-standard","has-post-thumbnail","hentry","category-natacion"],"featured_image_urls":{"full":["https:\/\/deportodos.com.ar\/2023\/wp-content\/uploads\/2025\/07\/IMG-20250713-WA0072.jpg",1600,1067,false],"thumbnail":["https:\/\/deportodos.com.ar\/2023\/wp-content\/uploads\/2025\/07\/IMG-20250713-WA0072-150x150.jpg",150,150,true],"medium":["https:\/\/deportodos.com.ar\/2023\/wp-content\/uploads\/2025\/07\/IMG-20250713-WA0072-300x200.jpg",300,200,true],"medium_large":["https:\/\/deportodos.com.ar\/2023\/wp-content\/uploads\/2025\/07\/IMG-20250713-WA0072-768x512.jpg",640,427,true],"large":["https:\/\/deportodos.com.ar\/2023\/wp-content\/uploads\/2025\/07\/IMG-20250713-WA0072-1024x683.jpg",640,427,true],"1536x1536":["https:\/\/deportodos.com.ar\/2023\/wp-content\/uploads\/2025\/07\/IMG-20250713-WA0072-1536x1024.jpg",1536,1024,true],"2048x2048":["https:\/\/deportodos.com.ar\/2023\/wp-content\/uploads\/2025\/07\/IMG-20250713-WA0072.jpg",1600,1067,false],"covernews-featured":["https:\/\/deportodos.com.ar\/2023\/wp-content\/uploads\/2025\/07\/IMG-20250713-WA0072-1024x683.jpg",1024,683,true],"covernews-medium":["https:\/\/deportodos.com.ar\/2023\/wp-content\/uploads\/2025\/07\/IMG-20250713-WA0072-540x340.jpg",540,340,true]},"author_info":{"display_name":"c2530142","author_link":"https:\/\/deportodos.com.ar\/2023\/author\/c2530142\/"},"category_info":"<a href=\"https:\/\/deportodos.com.ar\/2023\/category\/natacion\/\" rel=\"category tag\">Nataci\u00f3n<\/a>","tag_info":"Nataci\u00f3n","comment_count":"0","_links":{"self":[{"href":"https:\/\/deportodos.com.ar\/2023\/wp-json\/wp\/v2\/posts\/3861","targetHints":{"allow":["GET"]}}],"collection":[{"href":"https:\/\/deportodos.com.ar\/2023\/wp-json\/wp\/v2\/posts"}],"about":[{"href":"https:\/\/deportodos.com.ar\/2023\/wp-json\/wp\/v2\/types\/post"}],"author":[{"embeddable":true,"href":"https:\/\/deportodos.com.ar\/2023\/wp-json\/wp\/v2\/users\/2"}],"replies":[{"embeddable":true,"href":"https:\/\/deportodos.com.ar\/2023\/wp-json\/wp\/v2\/comments?post=3861"}],"version-history":[{"count":1,"href":"https:\/\/deportodos.com.ar\/2023\/wp-json\/wp\/v2\/posts\/3861\/revisions"}],"predecessor-version":[{"id":3864,"href":"https:\/\/deportodos.com.ar\/2023\/wp-json\/wp\/v2\/posts\/3861\/revisions\/3864"}],"wp:featuredmedia":[{"embeddable":true,"href":"https:\/\/deportodos.com.ar\/2023\/wp-json\/wp\/v2\/media\/3863"}],"wp:attachment":[{"href":"https:\/\/deportodos.com.ar\/2023\/wp-json\/wp\/v2\/media?parent=3861"}],"wp:term":[{"taxonomy":"category","embeddable":true,"href":"https:\/\/deportodos.com.ar\/2023\/wp-json\/wp\/v2\/categories?post=3861"},{"taxonomy":"post_tag","embeddable":true,"href":"https:\/\/deportodos.com.ar\/2023\/wp-json\/wp\/v2\/tags?post=3861"}],"curies":[{"name":"wp","href":"https:\/\/api.w.org\/{rel}","templated":true}]}}