{"id":3871,"date":"2025-07-17T11:56:38","date_gmt":"2025-07-17T11:56:38","guid":{"rendered":"https:\/\/deportodos.com.ar\/2023\/?p=3871"},"modified":"2025-07-17T11:56:40","modified_gmt":"2025-07-17T11:56:40","slug":"atletas-entrerrianos-listos-para-el-50-campeonato-argentino-de-cross-country-en-buenos-aires","status":"publish","type":"post","link":"https:\/\/deportodos.com.ar\/2023\/atletas-entrerrianos-listos-para-el-50-campeonato-argentino-de-cross-country-en-buenos-aires\/","title":{"rendered":"ATLETAS ENTRERRIANOS LISTOS PARA EL 50\u00b0 CAMPEONATO ARGENTINO DE CROSS COUNTRY EN BUENOS AIRES"},"content":{"rendered":"\n<p>Este s\u00e1bado, Buenos Aires ser\u00e1 el epicentro del&nbsp;<strong>50\u00b0 Campeonato Argentino de Cross Country<\/strong>, un evento de gran prestigio que reunir\u00e1 a los mejores atletas de cada provincia en el&nbsp;<strong>Colegio Ward de Ramos Mej\u00eda<\/strong>. La competencia abarcar\u00e1 categor\u00edas desde U16 hasta Mayores, ofreciendo una valiosa oportunidad de clasificaci\u00f3n para el pr\u00f3ximo campeonato sudamericano de la especialidad.<\/p>\n\n\n\n<figure class=\"wp-block-image\"><a href=\"https:\/\/blogger.googleusercontent.com\/img\/b\/R29vZ2xl\/AVvXsEi5EoJjqEx4FylGIG__OX2GpWnyOkf3K369f1GFYkDIippiCo0_TzfAuIe9J72KEZtDRSDH-nnr_iqO5dJrevTNsMIiWv1U0cdpwXiuma7GRFmu05niXnsUfQphUQ7LpkKXezpZ_U90uoo9NgdgcvCNSZ5Pwb5LmVhAEKTB0WRD5hh4QgSJNM_dLX55ns4\/s1024\/_MG_0458.JPG\"><img decoding=\"async\" src=\"https:\/\/blogger.googleusercontent.com\/img\/b\/R29vZ2xl\/AVvXsEi5EoJjqEx4FylGIG__OX2GpWnyOkf3K369f1GFYkDIippiCo0_TzfAuIe9J72KEZtDRSDH-nnr_iqO5dJrevTNsMIiWv1U0cdpwXiuma7GRFmu05niXnsUfQphUQ7LpkKXezpZ_U90uoo9NgdgcvCNSZ5Pwb5LmVhAEKTB0WRD5hh4QgSJNM_dLX55ns4\/w400-h266\/_MG_0458.JPG\" alt=\"\"\/><\/a><\/figure>\n\n\n\n<p>Entre R\u00edos estar\u00e1 presente con una delegaci\u00f3n de solo nueve atletas, pero con sus m\u00e1ximos exponentes en cross country. Estos deportistas, que se consagraron campeones y subcampeones en sus respectivas categor\u00edas a nivel provincial, buscar\u00e1n dejar en alto el nombre de la provincia.<\/p>\n\n\n\n<figure class=\"wp-block-image\"><a href=\"https:\/\/blogger.googleusercontent.com\/img\/b\/R29vZ2xl\/AVvXsEjNSvIHVUItcp_DhfifvQ06NYh9S9ZNKTxVPJm0EmNLc44on831tpWixYgu8KfcsS693p0pwIXFWoe3JO2KuF_VDMkaBPdDqBSgE3l7A6IU4ZzpXWRwvingC5AwqmpdRbnVKzPEK3RHGRJxAZ84I_DQCr9xb9RjkcrJkGtTV_E-3aOqlsfGzjvbDLWr2Rc\/s1024\/_MG_0434%20(Copiar).JPG\"><img decoding=\"async\" src=\"https:\/\/blogger.googleusercontent.com\/img\/b\/R29vZ2xl\/AVvXsEjNSvIHVUItcp_DhfifvQ06NYh9S9ZNKTxVPJm0EmNLc44on831tpWixYgu8KfcsS693p0pwIXFWoe3JO2KuF_VDMkaBPdDqBSgE3l7A6IU4ZzpXWRwvingC5AwqmpdRbnVKzPEK3RHGRJxAZ84I_DQCr9xb9RjkcrJkGtTV_E-3aOqlsfGzjvbDLWr2Rc\/w400-h266\/_MG_0434%20(Copiar).JPG\" alt=\"\"\/><\/a><\/figure>\n\n\n\n<p>La delegaci\u00f3n entrerriana incluye a:<\/p>\n\n\n\n<ul class=\"wp-block-list\">\n<li><strong>Greta Victoria Rodr\u00edguez<\/strong>\u00a0(Concordia)<\/li>\n\n\n\n<li><strong>Mar\u00eda Luz Ram\u00edrez<\/strong>\u00a0(Concordia)<\/li>\n\n\n\n<li><strong>Bond Felipe<\/strong>\u00a0(Concordia)<\/li>\n\n\n\n<li><strong>Ximena Simeone<\/strong>\u00a0(Puerto Yerua)<\/li>\n\n\n\n<li><strong>Brandon Lindt<\/strong>\u00a0(Federal)<\/li>\n\n\n\n<li><strong>Carolina Gonz\u00e1lez<\/strong>\u00a0(Chajar\u00ed)<\/li>\n\n\n\n<li><strong>Joaqu\u00edn Chanseaud<\/strong>\u00a0(Villa Elisa)<\/li>\n\n\n\n<li><strong>Serena Giusto<\/strong>\u00a0(Victoria)<\/li>\n\n\n\n<li><strong>Juan Hip\u00f3lito Stiethr<\/strong>\u00a0(Victoria)<\/li>\n<\/ul>\n\n\n\n<p>La comunidad atl\u00e9tica entrerriana sigue con entusiasmo la preparaci\u00f3n de sus representantes, con la esperanza de obtener excelentes resultados en esta importante cita nacional.<\/p>\n\n\n\n<blockquote class=\"wp-block-quote is-layout-flow wp-block-quote-is-layout-flow\">\n<p>www.deportesvillaadela.blogspot.com<\/p>\n<\/blockquote>\n","protected":false},"excerpt":{"rendered":"<p>Este s\u00e1bado, Buenos Aires ser\u00e1 el epicentro del&nbsp;50\u00b0 Campeonato Argentino de Cross Country, un evento&#8230;<\/p>\n","protected":false},"author":2,"featured_media":3872,"comment_status":"open","ping_status":"open","sticky":false,"template":"","format":"standard","meta":{"footnotes":""},"categories":[5],"tags":[],"class_list":["post-3871","post","type-post","status-publish","format-standard","has-post-thumbnail","hentry","category-atletismo"],"featured_image_urls":{"full":["https:\/\/deportodos.com.ar\/2023\/wp-content\/uploads\/2025\/07\/IMG-20250717-WA0000.jpg",823,506,false],"thumbnail":["https:\/\/deportodos.com.ar\/2023\/wp-content\/uploads\/2025\/07\/IMG-20250717-WA0000-150x150.jpg",150,150,true],"medium":["https:\/\/deportodos.com.ar\/2023\/wp-content\/uploads\/2025\/07\/IMG-20250717-WA0000-300x184.jpg",300,184,true],"medium_large":["https:\/\/deportodos.com.ar\/2023\/wp-content\/uploads\/2025\/07\/IMG-20250717-WA0000-768x472.jpg",640,393,true],"large":["https:\/\/deportodos.com.ar\/2023\/wp-content\/uploads\/2025\/07\/IMG-20250717-WA0000.jpg",640,393,false],"1536x1536":["https:\/\/deportodos.com.ar\/2023\/wp-content\/uploads\/2025\/07\/IMG-20250717-WA0000.jpg",823,506,false],"2048x2048":["https:\/\/deportodos.com.ar\/2023\/wp-content\/uploads\/2025\/07\/IMG-20250717-WA0000.jpg",823,506,false],"covernews-featured":["https:\/\/deportodos.com.ar\/2023\/wp-content\/uploads\/2025\/07\/IMG-20250717-WA0000.jpg",823,506,false],"covernews-medium":["https:\/\/deportodos.com.ar\/2023\/wp-content\/uploads\/2025\/07\/IMG-20250717-WA0000-540x340.jpg",540,340,true]},"author_info":{"display_name":"c2530142","author_link":"https:\/\/deportodos.com.ar\/2023\/author\/c2530142\/"},"category_info":"<a href=\"https:\/\/deportodos.com.ar\/2023\/category\/atletismo\/\" rel=\"category tag\">Atletismo<\/a>","tag_info":"Atletismo","comment_count":"0","_links":{"self":[{"href":"https:\/\/deportodos.com.ar\/2023\/wp-json\/wp\/v2\/posts\/3871","targetHints":{"allow":["GET"]}}],"collection":[{"href":"https:\/\/deportodos.com.ar\/2023\/wp-json\/wp\/v2\/posts"}],"about":[{"href":"https:\/\/deportodos.com.ar\/2023\/wp-json\/wp\/v2\/types\/post"}],"author":[{"embeddable":true,"href":"https:\/\/deportodos.com.ar\/2023\/wp-json\/wp\/v2\/users\/2"}],"replies":[{"embeddable":true,"href":"https:\/\/deportodos.com.ar\/2023\/wp-json\/wp\/v2\/comments?post=3871"}],"version-history":[{"count":1,"href":"https:\/\/deportodos.com.ar\/2023\/wp-json\/wp\/v2\/posts\/3871\/revisions"}],"predecessor-version":[{"id":3873,"href":"https:\/\/deportodos.com.ar\/2023\/wp-json\/wp\/v2\/posts\/3871\/revisions\/3873"}],"wp:featuredmedia":[{"embeddable":true,"href":"https:\/\/deportodos.com.ar\/2023\/wp-json\/wp\/v2\/media\/3872"}],"wp:attachment":[{"href":"https:\/\/deportodos.com.ar\/2023\/wp-json\/wp\/v2\/media?parent=3871"}],"wp:term":[{"taxonomy":"category","embeddable":true,"href":"https:\/\/deportodos.com.ar\/2023\/wp-json\/wp\/v2\/categories?post=3871"},{"taxonomy":"post_tag","embeddable":true,"href":"https:\/\/deportodos.com.ar\/2023\/wp-json\/wp\/v2\/tags?post=3871"}],"curies":[{"name":"wp","href":"https:\/\/api.w.org\/{rel}","templated":true}]}}