{"id":3884,"date":"2025-07-20T22:46:07","date_gmt":"2025-07-20T22:46:07","guid":{"rendered":"https:\/\/deportodos.com.ar\/2023\/?p=3884"},"modified":"2025-07-20T22:46:10","modified_gmt":"2025-07-20T22:46:10","slug":"patronato-derroto-a-deportivo-maipu-en-el-grella-y-sigue-prendido-en-el-torneo","status":"publish","type":"post","link":"https:\/\/deportodos.com.ar\/2023\/patronato-derroto-a-deportivo-maipu-en-el-grella-y-sigue-prendido-en-el-torneo\/","title":{"rendered":"PATRONATO DERROT\u00d3 A DEPORTIVO MAIP\u00da EN EL GRELLA Y SIGUE PRENDIDO EN EL TORNEO"},"content":{"rendered":"\n<p><strong>Patronato le gan\u00f3 a Deportivo Maip\u00fa por 1 a 0<\/strong>\u00a0este domingo en el estadio Presb\u00edtero Bartolom\u00e9 Grella, en un encuentro correspondiente a la jornada 23 de la zona A del campeonato de la Primera Nacional.\u00a0<\/p>\n\n\n\n<figure class=\"wp-block-image\"><img decoding=\"async\" src=\"https:\/\/elonce-media.elonce.com\/fotos\/2025\/07\/20\/e_1753045890_4446.webp\" alt=\"\"\/><\/figure>\n\n\n\n<h3 class=\"wp-block-heading\">Patr\u00f3n fue superior de principio a fin<\/h3>\n\n\n\n<p>El conjunto entrerriano jug\u00f3 mejor que su rival durante los primeros 45\u2019 del cotejo, fue de menor a mayor y tuvo chances para abrir el marcador. A los 23\u2019, tras un c\u00f3rner, Alan Bonansea apareci\u00f3 solo en el \u00e1rea y desperdici\u00f3 una clara oportunidad con un cabezazo que se fue al lado del palo.<\/p>\n\n\n\n<p>Ocho minutos despu\u00e9s, Gabriel D\u00edaz sali\u00f3 jugando desde el propio campo de Patr\u00f3n, pas\u00f3 al ataque y sorpresivamente entr\u00f3 con pelota dominada al \u00e1rea. El Monito defini\u00f3 con derecha frente al arquero contrario que tap\u00f3 el remate del defensor.<\/p>\n\n\n\n<p>A los 36\u2019, el que tuvo una ocasi\u00f3n n\u00edtida para convertir fue Federico Castro, quien captur\u00f3 el bal\u00f3n en el \u00e1rea, defini\u00f3 de media vuelta y el disparo se fue apenas desviado. Fernando Moreyra, a los 43\u2019, dispuso otra chance, pero su remate de cabeza encontr\u00f3 las manos salvadoras de Pietrobono.<\/p>\n\n\n\n<p>En el complemento, el equipo dirigido por Gabriel G\u00f3mez profundiz\u00f3 su superioridad sobre los mendocinos, que sufrieron la expulsi\u00f3n de Mat\u00edas Mansilla promediando la etapa. Castro hizo una jugada descomunal, entro al \u00e1rea a pura gambeta, eludi\u00f3 al arquero, pero su remate dio en el travesa\u00f1o, en una de las m\u00e1s claras. Moreno y Pardo tambi\u00e9n tuvieron sus chances.<\/p>\n\n\n\n<figure class=\"wp-block-image\"><img decoding=\"async\" src=\"https:\/\/elonce-media.elonce.com\/fotos\/2025\/07\/20\/e_1753045890_85759.webp\" alt=\"\"\/><\/figure>\n\n\n\n<p>De tanto buscar, el Santo&nbsp;<strong>encontr\u00f3 el gol a los 31 minutos del segundo tiempo<\/strong>. El volante Juan Barinaga meti\u00f3 un c\u00f3rner desde la derecha y el defensor&nbsp;<strong>Santiago Bellatti<\/strong>&nbsp;salt\u00f3 m\u00e1s alto que todos en el \u00e1rea y, de cabeza, le dio el gol del triunfo al rojinegro. Patronato hizo un gran trabajo y gan\u00f3.<\/p>\n\n\n\n<p>Con este triunfo, Patronato se consolida en la zona de clasificaci\u00f3n al Reducido.&nbsp;<strong>Lleg\u00f3 a 35 puntos y qued\u00f3 cuarto<\/strong>, a una unidad del tercero, San Miguel, y a cuatro de los l\u00edderes, San Mart\u00edn y Atlanta. En la siguiente fecha, la 24\u00ba, visitar\u00e1 el pr\u00f3ximo s\u00e1bado a las 15 horas a Deportivo Madryn, que est\u00e1 quinto con 34.<\/p>\n\n\n\n<figure class=\"wp-block-image\"><img decoding=\"async\" src=\"https:\/\/elonce-media.elonce.com\/fotos\/2025\/07\/20\/e_1753036977_83431.webp\" alt=\"\"\/><\/figure>\n\n\n\n<h3 class=\"wp-block-heading\">S\u00edntesis<\/h3>\n\n\n\n<p><strong>Patronato<\/strong>: Alan Sosa; Maximiliano Rueda, Gabriel D\u00edaz, Santiago Bellatti, Fernando Moreyra, Emanuel Moreno; Santiago Gallucci, Juan Barinaga; Valent\u00edn Pereyra, Federico Castro y Alan Bonansea. DT: Gabriel G\u00f3mez.<\/p>\n\n\n\n<p><strong>Deportivo Maip\u00fa<\/strong>: Ignacio Pietrobono; Lucas Vallejo, Luciano Arnijas, Ar\u00f3n Ag\u00fcero, Juan Pablo De La Reta; Gast\u00f3n Mansilla, Mat\u00edas Villarreal, Marcelo Eggel, Mirko Bonfigli; P\u00edo Bonacci y Tom\u00e1s Silva. DT: Alexis Matteo.<\/p>\n\n\n\n<p>Gol: ST, 31&#8242; Santiago Bellatti (P)<\/p>\n\n\n\n<p>\u00c1rbitro: Joaqu\u00edn Gil.<\/p>\n\n\n\n<p>Estadio: Presb\u00edtero Bartolom\u00e9 Grella.<\/p>\n\n\n\n<blockquote class=\"wp-block-quote is-layout-flow wp-block-quote-is-layout-flow\">\n<p>www.elonce.com<\/p>\n<\/blockquote>\n","protected":false},"excerpt":{"rendered":"<p>Patronato le gan\u00f3 a Deportivo Maip\u00fa por 1 a 0\u00a0este domingo en el estadio Presb\u00edtero&#8230;<\/p>\n","protected":false},"author":2,"featured_media":3885,"comment_status":"open","ping_status":"open","sticky":false,"template":"","format":"standard","meta":{"footnotes":""},"categories":[36],"tags":[],"class_list":["post-3884","post","type-post","status-publish","format-standard","has-post-thumbnail","hentry","category-futbol"],"featured_image_urls":{"full":["https:\/\/deportodos.com.ar\/2023\/wp-content\/uploads\/2025\/07\/l_1753043926_98287.webp",1200,800,false],"thumbnail":["https:\/\/deportodos.com.ar\/2023\/wp-content\/uploads\/2025\/07\/l_1753043926_98287-150x150.webp",150,150,true],"medium":["https:\/\/deportodos.com.ar\/2023\/wp-content\/uploads\/2025\/07\/l_1753043926_98287-300x200.webp",300,200,true],"medium_large":["https:\/\/deportodos.com.ar\/2023\/wp-content\/uploads\/2025\/07\/l_1753043926_98287-768x512.webp",640,427,true],"large":["https:\/\/deportodos.com.ar\/2023\/wp-content\/uploads\/2025\/07\/l_1753043926_98287-1024x683.webp",640,427,true],"1536x1536":["https:\/\/deportodos.com.ar\/2023\/wp-content\/uploads\/2025\/07\/l_1753043926_98287.webp",1200,800,false],"2048x2048":["https:\/\/deportodos.com.ar\/2023\/wp-content\/uploads\/2025\/07\/l_1753043926_98287.webp",1200,800,false],"covernews-featured":["https:\/\/deportodos.com.ar\/2023\/wp-content\/uploads\/2025\/07\/l_1753043926_98287-1024x683.webp",1024,683,true],"covernews-medium":["https:\/\/deportodos.com.ar\/2023\/wp-content\/uploads\/2025\/07\/l_1753043926_98287-540x340.webp",540,340,true]},"author_info":{"display_name":"c2530142","author_link":"https:\/\/deportodos.com.ar\/2023\/author\/c2530142\/"},"category_info":"<a href=\"https:\/\/deportodos.com.ar\/2023\/category\/futbol\/\" rel=\"category tag\">Futbol<\/a>","tag_info":"Futbol","comment_count":"0","_links":{"self":[{"href":"https:\/\/deportodos.com.ar\/2023\/wp-json\/wp\/v2\/posts\/3884","targetHints":{"allow":["GET"]}}],"collection":[{"href":"https:\/\/deportodos.com.ar\/2023\/wp-json\/wp\/v2\/posts"}],"about":[{"href":"https:\/\/deportodos.com.ar\/2023\/wp-json\/wp\/v2\/types\/post"}],"author":[{"embeddable":true,"href":"https:\/\/deportodos.com.ar\/2023\/wp-json\/wp\/v2\/users\/2"}],"replies":[{"embeddable":true,"href":"https:\/\/deportodos.com.ar\/2023\/wp-json\/wp\/v2\/comments?post=3884"}],"version-history":[{"count":1,"href":"https:\/\/deportodos.com.ar\/2023\/wp-json\/wp\/v2\/posts\/3884\/revisions"}],"predecessor-version":[{"id":3886,"href":"https:\/\/deportodos.com.ar\/2023\/wp-json\/wp\/v2\/posts\/3884\/revisions\/3886"}],"wp:featuredmedia":[{"embeddable":true,"href":"https:\/\/deportodos.com.ar\/2023\/wp-json\/wp\/v2\/media\/3885"}],"wp:attachment":[{"href":"https:\/\/deportodos.com.ar\/2023\/wp-json\/wp\/v2\/media?parent=3884"}],"wp:term":[{"taxonomy":"category","embeddable":true,"href":"https:\/\/deportodos.com.ar\/2023\/wp-json\/wp\/v2\/categories?post=3884"},{"taxonomy":"post_tag","embeddable":true,"href":"https:\/\/deportodos.com.ar\/2023\/wp-json\/wp\/v2\/tags?post=3884"}],"curies":[{"name":"wp","href":"https:\/\/api.w.org\/{rel}","templated":true}]}}